{"id":21886,"date":"2025-04-07T02:04:26","date_gmt":"2025-04-07T06:04:26","guid":{"rendered":"https:\/\/noticiasveraces.com\/?p=21886"},"modified":"2025-04-07T02:04:26","modified_gmt":"2025-04-07T06:04:26","slug":"80-aniversario-de-la-liberacion-de-buchenwald-dw-06-04-2025","status":"publish","type":"post","link":"https:\/\/noticiasveraces.com\/?p=21886","title":{"rendered":"80 aniversario de la liberaci\u00f3n de Buchenwald \u2013 DW \u2013 06\/04\/2025"},"content":{"rendered":"<p> \n<\/p>\n<div>\n<p>Alemania realiz\u00f3 este domingo (06.04.2025) una ceremonia para conmemorar la liberaci\u00f3n del campo de concentraci\u00f3n nazi de Buchenwald, cerca de la ciudad de Weimar, hace 80 a\u00f1os.<\/p>\n<p>En su discurso, el expresidente alem\u00e1n Christian Wulff compar\u00f3 a los nazis con el radicalismo de derecha actual. \u00abDebido al endurecimiento y la radicalizaci\u00f3n, y un giro global hacia la derecha, ahora puedo imaginar con mayor claridad c\u00f3mo pudo suceder esto en aquel momento\u00bb, declar\u00f3.<\/p>\n<figure class=\"placeholder-image master_landscape big\"><img data-format=\"MASTER_LANDSCAPE\" data-id=\"72155338\" data-url=\"https:\/\/static.dw.com\/image\/72155338_${formatId}.jpg\" data-aspect-ratio=\"16\/9\" alt=\"Antiguos sobrevivientes y participantes de la ceremonia conmemorativa de la liberaci\u00f3n del campo de concentraci\u00f3n de Buchenwald (06.04.2025)\" style=\"padding-bottom: 56.25%; height: 0; max-height: 0;\"\/><figcaption class=\"img-caption\">Antiguos sobrevivientes y participantes de la ceremonia conmemorativa de la liberaci\u00f3n del campo de concentraci\u00f3n de Buchenwald (06.04.2025)<small class=\"copyright\">Imagen: Bodo Schackow\/DPA\/Picture Alliance<\/small><\/figcaption><\/figure>\n<p>Wulff hizo un llamado a la participaci\u00f3n activa en favor de la democracia y afirm\u00f3 que la generaci\u00f3n actual tiene la responsabilidad permanente de garantizar que el mal no triunfe nunca.<\/p>\n<p>El exmandatario critic\u00f3 directamente a Alternativa para Alemania (AfD), el partido de extrema derecha que qued\u00f3 en segundo lugar en las \u00faltimas elecciones y contin\u00faa subiendo en las encuestas de opini\u00f3n.<\/p>\n<figure class=\"placeholder-image master_landscape big\"><img data-format=\"MASTER_LANDSCAPE\" data-id=\"72155212\" data-url=\"https:\/\/static.dw.com\/image\/72155212_${formatId}.jpg\" data-aspect-ratio=\"16\/9\" alt=\"Alojzy Maciak, sobreviviente de Buchenwald y su brazalete de prisionero (06.04.2025)\" style=\"padding-bottom: 56.25%; height: 0; max-height: 0;\"\/><figcaption class=\"img-caption\">Alojzy Maciak, sobreviviente de Buchenwald y su brazalete de prisionero (06.04.2025)<small class=\"copyright\">Imagen: Bodo Schackow\/Picture Alliance\/DPA<\/small><\/figcaption><\/figure>\n<p>\u00abAquellos que minimizan a\u00a0AfD ignoran el hecho de que la AfD, con su ideolog\u00eda, est\u00e1 preparando el terreno para que la gente en Alemania se sienta inc\u00f3moda y, de hecho, est\u00e9 en riesgo\u00bb, asegur\u00f3. Los sobrevivientes del campo fueron invitados a asistir al servicio en la Weimarhalle, junto con sus familiares y descendientes.<\/p>\n<p>A partir del verano de 1937, los nazis deportaron a m\u00e1s de 280.000 personas al campo de concentraci\u00f3n de Buchenwald, cerca de Weimar, y a sus 139 subcampos. Unas 56.000 personas fueron asesinadas o murieron de hambre, enfermedades, trabajos forzados o experimentos m\u00e9dicos.<\/p>\n<p>RR (DPA\/Daily Show\/Time)<\/p>\n<\/div>\n\n","protected":false},"excerpt":{"rendered":"<p>Alemania realiz\u00f3 este domingo (06.04.2025) una ceremonia para conmemorar la liberaci\u00f3n del campo de concentraci\u00f3n nazi de Buchenwald, cerca de la ciudad de Weimar, hace 80 a\u00f1os. En su discurso, el expresidente alem\u00e1n Christian Wulff compar\u00f3 a los nazis con el radicalismo de derecha actual. \u00abDebido al endurecimiento y la radicalizaci\u00f3n, y un giro global &hellip;<\/p>\n","protected":false},"author":1,"featured_media":21887,"comment_status":"open","ping_status":"open","sticky":false,"template":"","format":"standard","meta":{"fifu_image_url":"https:\/\/static.dw.com\/image\/72155170_6.jpg","fifu_image_alt":"","footnotes":""},"categories":[13],"tags":[],"class_list":["post-21886","post","type-post","status-publish","format-standard","has-post-thumbnail","","category-mundo"],"_links":{"self":[{"href":"https:\/\/noticiasveraces.com\/index.php?rest_route=\/wp\/v2\/posts\/21886","targetHints":{"allow":["GET"]}}],"collection":[{"href":"https:\/\/noticiasveraces.com\/index.php?rest_route=\/wp\/v2\/posts"}],"about":[{"href":"https:\/\/noticiasveraces.com\/index.php?rest_route=\/wp\/v2\/types\/post"}],"author":[{"embeddable":true,"href":"https:\/\/noticiasveraces.com\/index.php?rest_route=\/wp\/v2\/users\/1"}],"replies":[{"embeddable":true,"href":"https:\/\/noticiasveraces.com\/index.php?rest_route=%2Fwp%2Fv2%2Fcomments&post=21886"}],"version-history":[{"count":0,"href":"https:\/\/noticiasveraces.com\/index.php?rest_route=\/wp\/v2\/posts\/21886\/revisions"}],"wp:featuredmedia":[{"embeddable":true,"href":"https:\/\/noticiasveraces.com\/index.php?rest_route=\/wp\/v2\/media\/21887"}],"wp:attachment":[{"href":"https:\/\/noticiasveraces.com\/index.php?rest_route=%2Fwp%2Fv2%2Fmedia&parent=21886"}],"wp:term":[{"taxonomy":"category","embeddable":true,"href":"https:\/\/noticiasveraces.com\/index.php?rest_route=%2Fwp%2Fv2%2Fcategories&post=21886"},{"taxonomy":"post_tag","embeddable":true,"href":"https:\/\/noticiasveraces.com\/index.php?rest_route=%2Fwp%2Fv2%2Ftags&post=21886"}],"curies":[{"name":"wp","href":"https:\/\/api.w.org\/{rel}","templated":true}]}}