{"id":21884,"date":"2025-04-07T02:02:03","date_gmt":"2025-04-07T06:02:03","guid":{"rendered":"https:\/\/noticiasveraces.com\/?p=21884"},"modified":"2025-04-07T02:02:03","modified_gmt":"2025-04-07T06:02:03","slug":"fallecio-jorge-bolano-recordado-jugador-en-la-seleccion-colombia-y-junior-de-barranquilla-curiosidades-de-futbol","status":"publish","type":"post","link":"https:\/\/noticiasveraces.com\/?p=21884","title":{"rendered":"Falleci\u00f3 Jorge Bola\u00f1o, recordado jugador en la Selecci\u00f3n Colombia y Junior de Barranquilla | Curiosidades de f\u00fatbol"},"content":{"rendered":"<p> \n<\/p>\n<div id=\"cuerpoArticulo\">\n<p class=\"texto intro\" id=\"p241366-m646-645-647\">Luto en el f\u00fatbol profesional colombiano y en la Selecci\u00f3n Colombia debido al fallecimiento de Jorge Bola\u00f1o, exfutbolista, quien visti\u00f3 la camiseta &#8216;tricolor&#8217; desde 1995 hasta 2003, logrando estar presente en 36 partidos. <\/p>\n<p>As\u00ed mismo, estuvo en equipos como Junior de Barranquilla y C\u00facuta, mientras que a nivel internacional, brill\u00f3 en Italia en conjuntos como el Parma, Sampdoria o el Lecce. <\/p>\n<div id=\"p241366-m664-2-665\" class=\"\">\n<blockquote class=\"twitter-tweet\">\n<p lang=\"es\" dir=\"ltr\">Que triste noticia: un infarto fulminante termin\u00f3 con la vida de Jorge Bola\u00f1os en C\u00facuta, ten\u00eda 47 a\u00f1os, jug\u00f3 en Junior, Parma, Sampdoria, Lecce, Modena y C\u00facuta. Fue mediocentro de la selecci\u00f3n Colombia. Alguna vez prest\u00f3 su dinero para pagar a los jugadores del C\u00facuta. QEPD\ud83d\ude22 <a href=\"https:\/\/t.co\/zHnwnycMjh\">pic.twitter.com\/zhnwnycmjh<\/a><\/p>\n<p>\u2014 Cesar Augusto Londo\u00f1o (@cesaralo) <a href=\"https:\/\/twitter.com\/cesaralo\/status\/1909050786866213003?ref_src=twsrc%5Etfw\">7 de abril de 2025<\/a><\/p><\/blockquote><\/div>\n<p>                                                    <span class=\"articulo-subtitulo subtitulo2 espacio-contenido\" id=\"p241366-m670-3-671\">Jorge Bola\u00f1o falleci\u00f3 a ra\u00edz de un infarto<\/span><\/p>\n<p class=\"texto contenido-parrafo-articulo\" id=\"p241366-m676-4-677\">De acuerdo a las primeras informaciones, Bola\u00f1o, de 46 a\u00f1os, sufri\u00f3 un infarto durante la jornada del domingo 6 de abril. <\/p>\n<p>\u00abQu\u00e9 triste noticia: un infarto fulminante termin\u00f3 con la vida de Jorge Bola\u00f1os en C\u00facuta, ten\u00eda 47 a\u00f1os, jug\u00f3 en Junior, Parma, Sampdoria, Lecce, Modena y C\u00facuta. Fue mediocentro de la selecci\u00f3n Colombia. Alguna vez prest\u00f3 su dinero para pagar a los jugadores del C\u00facuta\u00bb, escribi\u00f3 el periodista C\u00e9sar Augusto Londo\u00f1o. <\/p>\n<p>Seg\u00fan informaci\u00f3n revelada por El Tiempo, Bola\u00f1o se encontraba en medio de una fiesta cuando sufri\u00f3 un infarto. <\/p>\n<div class=\"fotografia caja-articulo\" id=\"p241366-m682-5-683\">\n<div class=\"imagen-cuerpo-bk\">\n<figure itemscope=\"\" itemtype=\"https:\/\/schema.org\/ImageObject\" itemprop=\"image\" id=\"m687-686-688\" class=\"foto-galeria-articulo imagen-articulo foto-texto-articulo-galeria\"><img decoding=\"async\" alt=\"Jorge Bola\u00f1o y el Pibe Valderrama\" src=\"data:image\/png;base64,iVBORw0KGgoAAAANSUhEUgAAAAEAAAABCAQAAAC1HAwCAAAAC0lEQVR42mP8\/x0AAvsB+DlKarAAAAAASUVORK5CYII=\" style=\" display: inline;\" data-original=\"\/files\/article_content\/uploads\/2025\/04\/06\/67f32aca6c187.jpeg\"\/><meta itemprop=\"width\" content=\"600\"\/><meta itemprop=\"height\" content=\"450\"\/> <meta itemprop=\"url\" content=\"https:\/\/www.futbolred.com\/files\/article_content\/uploads\/2025\/04\/06\/67f32aca6c187.jpeg\"\/><\/figure>\n<\/div>\n<div class=\"figcaption-cuerpo-bk credito-image-bk\"><figcaption class=\"foto-info\">\n<div class=\"titulo-foto-bk\">\n<p id=\"m694-1-695\" class=\"titulo pie-de-foto\">Jorge Bola\u00f1o y el Pibe Valderrama<\/p>\n<\/div>\n<p class=\"credito\">\n                            <span class=\"linea pre_credito\">Foto:<\/span><\/p>\n<p>                        <span id=\"m700-2-701\" class=\"autor\">Archivo El Tiempo<\/span><\/p>\n<\/figcaption><\/div>\n<\/p><\/div>\n<p class=\"texto contenido-parrafo-articulo\" id=\"p241366-m708-6-709\">Jorge era hijo de \u00d3scar Bola\u00f1o, quien tambi\u00e9n fue jugador de la Selecci\u00f3n Colombia, que se qued\u00f3 con el subcampeonato de la Copa Am\u00e9rica en 1975. <\/p>\n<p>Bola\u00f1o inici\u00f3 su trayectoria en el combinado patrio en la Sub-17 y fue campe\u00f3n del Sudamericano de la categor\u00eda en 1993. <\/p>\n<div class=\"fotografia caja-articulo\" id=\"p241366-m714-7-715\">\n<div class=\"imagen-cuerpo-bk\">\n<figure itemscope=\"\" itemtype=\"https:\/\/schema.org\/ImageObject\" itemprop=\"image\" id=\"m719-718-720\" class=\"foto-galeria-articulo imagen-articulo foto-texto-articulo-galeria\"><img decoding=\"async\" alt=\"Jorge Bola\u00f1o en C\u00facuta Deportivo\" src=\"data:image\/png;base64,iVBORw0KGgoAAAANSUhEUgAAAAEAAAABCAQAAAC1HAwCAAAAC0lEQVR42mP8\/x0AAvsB+DlKarAAAAAASUVORK5CYII=\" style=\" display: inline;\" data-original=\"\/files\/article_content\/uploads\/2025\/04\/06\/67f32cb6a12b1.jpeg\"\/><meta itemprop=\"width\" content=\"600\"\/><meta itemprop=\"height\" content=\"450\"\/> <meta itemprop=\"url\" content=\"https:\/\/www.futbolred.com\/files\/article_content\/uploads\/2025\/04\/06\/67f32cb6a12b1.jpeg\"\/><\/figure>\n<\/div>\n<div class=\"figcaption-cuerpo-bk credito-image-bk\"><figcaption class=\"foto-info\">\n<div class=\"titulo-foto-bk\">\n<p id=\"m726-1-727\" class=\"titulo pie-de-foto\">Jorge Bola\u00f1o en C\u00facuta Deportivo<\/p>\n<\/div>\n<p class=\"credito\">\n                            <span class=\"linea pre_credito\">Foto:<\/span><\/p>\n<p>                        <span id=\"m732-2-733\" class=\"autor\">Archivo El Tiempo<\/span><\/p>\n<\/figcaption><\/div>\n<\/p><\/div>\n<p class=\"texto contenido-parrafo-articulo\" id=\"p241366-m740-8-741\">Su paso en el Junior de Barranquilla se dio desde ese mismo a\u00f1o, hasta 1999, cuando dio el salto internacional al f\u00fatbol italiano. All\u00ed firm\u00f3 con el Parma, donde gan\u00f3 una Copa Italia en 2002. <\/p>\n<p>Para el 2009 volvi\u00f3 al f\u00fatbol colombiano para jugar en C\u00facuta Deportivo, donde sell\u00f3 el final de su carrera como jugador profesional.<\/p>\n<p class=\"texto contenido-parrafo-articulo\" id=\"p241366-m752-10-753\">No obstante, sigui\u00f3 ligado al deporte, pues hizo parte del cuerpo t\u00e9cnico de la Selecci\u00f3n Colombia Sub-17 hace dos a\u00f1os.<\/p>\n<p>A trav\u00e9s de sus redes sociales, recientemente hab\u00eda publicado un video en el que mostraba que su talento con el bal\u00f3n segu\u00eda intacto.<\/p>\n<\/p><\/div>\n<p><script async src=\"https:\/\/platform.twitter.com\/widgets.js\" charset=\"utf-8\"><\/script><br \/>\n<br \/>\n","protected":false},"excerpt":{"rendered":"<p>Luto en el f\u00fatbol profesional colombiano y en la Selecci\u00f3n Colombia debido al fallecimiento de Jorge Bola\u00f1o, exfutbolista, quien visti\u00f3 la camiseta &#8216;tricolor&#8217; desde 1995 hasta 2003, logrando estar presente en 36 partidos. As\u00ed mismo, estuvo en equipos como Junior de Barranquilla y C\u00facuta, mientras que a nivel internacional, brill\u00f3 en Italia en conjuntos como &hellip;<\/p>\n","protected":false},"author":1,"featured_media":21885,"comment_status":"open","ping_status":"open","sticky":false,"template":"","format":"standard","meta":{"fifu_image_url":"https:\/\/www.futbolred.com\/files\/og_thumbnail\/uploads\/2025\/04\/06\/67f32839525ec.jpeg","fifu_image_alt":"","footnotes":""},"categories":[6],"tags":[],"class_list":["post-21884","post","type-post","status-publish","format-standard","has-post-thumbnail","","category-deportes"],"_links":{"self":[{"href":"https:\/\/noticiasveraces.com\/index.php?rest_route=\/wp\/v2\/posts\/21884","targetHints":{"allow":["GET"]}}],"collection":[{"href":"https:\/\/noticiasveraces.com\/index.php?rest_route=\/wp\/v2\/posts"}],"about":[{"href":"https:\/\/noticiasveraces.com\/index.php?rest_route=\/wp\/v2\/types\/post"}],"author":[{"embeddable":true,"href":"https:\/\/noticiasveraces.com\/index.php?rest_route=\/wp\/v2\/users\/1"}],"replies":[{"embeddable":true,"href":"https:\/\/noticiasveraces.com\/index.php?rest_route=%2Fwp%2Fv2%2Fcomments&post=21884"}],"version-history":[{"count":0,"href":"https:\/\/noticiasveraces.com\/index.php?rest_route=\/wp\/v2\/posts\/21884\/revisions"}],"wp:featuredmedia":[{"embeddable":true,"href":"https:\/\/noticiasveraces.com\/index.php?rest_route=\/wp\/v2\/media\/21885"}],"wp:attachment":[{"href":"https:\/\/noticiasveraces.com\/index.php?rest_route=%2Fwp%2Fv2%2Fmedia&parent=21884"}],"wp:term":[{"taxonomy":"category","embeddable":true,"href":"https:\/\/noticiasveraces.com\/index.php?rest_route=%2Fwp%2Fv2%2Fcategories&post=21884"},{"taxonomy":"post_tag","embeddable":true,"href":"https:\/\/noticiasveraces.com\/index.php?rest_route=%2Fwp%2Fv2%2Ftags&post=21884"}],"curies":[{"name":"wp","href":"https:\/\/api.w.org\/{rel}","templated":true}]}}