{"id":21847,"date":"2025-04-06T19:56:48","date_gmt":"2025-04-06T23:56:48","guid":{"rendered":"https:\/\/noticiasveraces.com\/?p=21847"},"modified":"2025-04-06T19:56:48","modified_gmt":"2025-04-06T23:56:48","slug":"dos-personas-mueren-en-ataque-israeli-en-el-sur-de-libano-dw-06-04-2025","status":"publish","type":"post","link":"https:\/\/noticiasveraces.com\/?p=21847","title":{"rendered":"Dos personas mueren en ataque israel\u00ed en el sur de L\u00edbano \u2013 DW \u2013 06\/04\/2025"},"content":{"rendered":"<p> \n<\/p>\n<div>\n<p>Al menos dos personas murieron este domingo (06.04.2025) en un ataque israel\u00ed en la localidad de Zibqin, en el sur de L\u00edbano, indic\u00f3 el Ministerio de Salud.<\/p>\n<p>Por su parte, el ej\u00e9rcito de Israel\u00a0inform\u00f3 que uno de sus aviones hab\u00eda alcanzado a \u00abdos terroristas de Hezbol\u00e1 que operaban en un veh\u00edculo de ingenier\u00eda en el \u00e1rea\u00bb, y que ambos murieron \u00abmientras intentaban reconstruir la infraestructura terrorista\u00bb del grupo.<\/p>\n<p>A pesar del alto al fuego concluido el 27 de noviembre con el movimiento chiita liban\u00e9s, Israel sigue llevando a cabo ataques en L\u00edbano y mantiene tropas en varios lugares del sur del pa\u00eds.<\/p>\n<p>El s\u00e1bado, la enviada adjunta de Estados Unidos para Oriente Pr\u00f3ximo, Morgan Ortagus, discuti\u00f3 la situaci\u00f3n en el sur de L\u00edbano con funcionarios libaneses en Beirut.<\/p>\n<p>Estados Unidos preside un comit\u00e9 de monitoreo del alto al fuego, que ha puesto fin a m\u00e1s de un a\u00f1o de hostilidades, incluidos dos meses de conflicto abierto entre Israel y Hezbol\u00e1, al margen de la guerra en Gaza.<\/p>\n<p>Seg\u00fan el acuerdo, el movimiento proiran\u00ed deb\u00eda reposicionar sus fuerzas al norte del r\u00edo Litani, a unos 30 kil\u00f3metros de la frontera israel\u00ed, y desmantelar su infraestructura militar restante en el sur. <\/p>\n<p>Por su parte, Israel ten\u00eda que completar su retirada de L\u00edbano el 18 de febrero, pero el ej\u00e9rcito mantiene posiciones en cinco sectores que considera estrat\u00e9gicos.<\/p>\n<p>RR (AFP\/The Times of Israel\/The Jerusalem Post)<\/p>\n<\/div>\n\n","protected":false},"excerpt":{"rendered":"<p>Al menos dos personas murieron este domingo (06.04.2025) en un ataque israel\u00ed en la localidad de Zibqin, en el sur de L\u00edbano, indic\u00f3 el Ministerio de Salud. Por su parte, el ej\u00e9rcito de Israel\u00a0inform\u00f3 que uno de sus aviones hab\u00eda alcanzado a \u00abdos terroristas de Hezbol\u00e1 que operaban en un veh\u00edculo de ingenier\u00eda en el &hellip;<\/p>\n","protected":false},"author":1,"featured_media":21848,"comment_status":"open","ping_status":"open","sticky":false,"template":"","format":"standard","meta":{"fifu_image_url":"https:\/\/static.dw.com\/image\/70042742_6.jpg","fifu_image_alt":"","footnotes":""},"categories":[13],"tags":[],"class_list":["post-21847","post","type-post","status-publish","format-standard","has-post-thumbnail","","category-mundo"],"_links":{"self":[{"href":"https:\/\/noticiasveraces.com\/index.php?rest_route=\/wp\/v2\/posts\/21847","targetHints":{"allow":["GET"]}}],"collection":[{"href":"https:\/\/noticiasveraces.com\/index.php?rest_route=\/wp\/v2\/posts"}],"about":[{"href":"https:\/\/noticiasveraces.com\/index.php?rest_route=\/wp\/v2\/types\/post"}],"author":[{"embeddable":true,"href":"https:\/\/noticiasveraces.com\/index.php?rest_route=\/wp\/v2\/users\/1"}],"replies":[{"embeddable":true,"href":"https:\/\/noticiasveraces.com\/index.php?rest_route=%2Fwp%2Fv2%2Fcomments&post=21847"}],"version-history":[{"count":0,"href":"https:\/\/noticiasveraces.com\/index.php?rest_route=\/wp\/v2\/posts\/21847\/revisions"}],"wp:featuredmedia":[{"embeddable":true,"href":"https:\/\/noticiasveraces.com\/index.php?rest_route=\/wp\/v2\/media\/21848"}],"wp:attachment":[{"href":"https:\/\/noticiasveraces.com\/index.php?rest_route=%2Fwp%2Fv2%2Fmedia&parent=21847"}],"wp:term":[{"taxonomy":"category","embeddable":true,"href":"https:\/\/noticiasveraces.com\/index.php?rest_route=%2Fwp%2Fv2%2Fcategories&post=21847"},{"taxonomy":"post_tag","embeddable":true,"href":"https:\/\/noticiasveraces.com\/index.php?rest_route=%2Fwp%2Fv2%2Ftags&post=21847"}],"curies":[{"name":"wp","href":"https:\/\/api.w.org\/{rel}","templated":true}]}}