{"id":21845,"date":"2025-04-06T19:55:13","date_gmt":"2025-04-06T23:55:13","guid":{"rendered":"https:\/\/noticiasveraces.com\/?p=21845"},"modified":"2025-04-06T19:55:13","modified_gmt":"2025-04-06T23:55:13","slug":"la-region-mas-social-del-mundo","status":"publish","type":"post","link":"https:\/\/noticiasveraces.com\/?p=21845","title":{"rendered":"La regi\u00f3n m\u00e1s social del mundo"},"content":{"rendered":"<p> \n<\/p>\n<div id=\"\">\n<figure class=\"bbc-1qn0xuy\">\n<div class=\"bbc-j1srjl\" style=\"padding-bottom:56.25%\"><img loading=\"lazy\" decoding=\"async\" srcset=\"https:\/\/ichef.bbci.co.uk\/ace\/ws\/240\/amz\/worldservice\/live\/assets\/images\/2014\/08\/20\/140820151427_facebook_624x351_afp.jpg.webp 240w, https:\/\/ichef.bbci.co.uk\/ace\/ws\/320\/amz\/worldservice\/live\/assets\/images\/2014\/08\/20\/140820151427_facebook_624x351_afp.jpg.webp 320w, https:\/\/ichef.bbci.co.uk\/ace\/ws\/480\/amz\/worldservice\/live\/assets\/images\/2014\/08\/20\/140820151427_facebook_624x351_afp.jpg.webp 480w, https:\/\/ichef.bbci.co.uk\/ace\/ws\/624\/amz\/worldservice\/live\/assets\/images\/2014\/08\/20\/140820151427_facebook_624x351_afp.jpg.webp 624w\" sizes=\"auto, (min-width: 1008px) 760px, 100vw\" alt=\"Facebook\" width=\"624\" height=\"351\" src=\"aspect-ratio:624 \/ 351\" class=\"bbc-139onq\"\/><\/p>\n<p class=\"bbc-by8ykd\" role=\"text\"><span class=\"bbc-m04vo2\">Fuente de la imagen, <\/span><span lang=\"en-GB\">AFP<\/span><\/p>\n<\/div>\n<\/figure>\n<section role=\"region\" aria-labelledby=\"article-byline\" class=\"bbc-1vjaf6b\"><strong id=\"article-byline\" aria-hidden=\"true\" class=\"bbc-m04vo2\">Informaci\u00f3n del art\u00edculo<\/strong><\/p>\n<ul role=\"list\" class=\"bbc-1rvtlej\">\n<li><span role=\"text\"><span class=\"bbc-m04vo2\">Autor, <\/span><span class=\"bbc-1ypcc2\">David Cuen<\/span><\/span><\/li>\n<li><span role=\"text\"><span class=\"bbc-m04vo2\">T\u00edtulo del autor, <!-- --> <\/span><span class=\"bbc-1y5sx98\">BBC Mundo, @davidcuen<\/span><\/span><\/li>\n<li class=\"bbc-v8pmqw\">\n<p><time datetime=\"2014-08-20\" class=\"bbc-1dafq0j e1mklfmt0\">20 de agosto de 2014<\/time><\/p>\n<\/li>\n<\/ul>\n<\/section>\n<div dir=\"ltr\" class=\"bbc-19j92fr ebmt73l0\">\n<p dir=\"ltr\" class=\"bbc-hhl7in e17g058b0\"><b>El uso de redes sociales dej\u00f3 de ser una moda y se transform\u00f3 en parte de internet.<\/b><\/p>\n<\/div>\n<div dir=\"ltr\" class=\"bbc-19j92fr ebmt73l0\">\n<p dir=\"ltr\" class=\"bbc-hhl7in e17g058b0\">Para la gran mayor\u00eda de los usuarios m\u00e1s j\u00f3venes, sitios como Facebook o Twitter son aut\u00e9nticas puertas de entrada al resto del contenido de la web.<\/p>\n<\/div>\n<div dir=\"ltr\" class=\"bbc-19j92fr ebmt73l0\">\n<p dir=\"ltr\" class=\"bbc-hhl7in e17g058b0\">Seg\u00fan las \u00faltimas cifras de la agencia de an\u00e1lisis de mercados digitales, comScore, mientras el uso de internet creci\u00f3 9% en el \u00faltimo a\u00f1o, las visitas a redes sociales aumentaron 16%.<\/p>\n<\/div>\n<div dir=\"ltr\" class=\"bbc-19j92fr ebmt73l0\">\n<p dir=\"ltr\" class=\"bbc-hhl7in e17g058b0\">Am\u00e9rica Latina no s\u00f3lo es parte de este movimiento sino que adem\u00e1s se encuentra a la vanguardia de otras regiones en el mundo.<\/p>\n<\/div>\n<section aria-label=\"Publicidad 2\" aria-hidden=\"true\" role=\"region\" data-e2e=\"advertisement\" class=\"bbc-geybui\"\/>\n<figure class=\"bbc-1qn0xuy\">\n<div class=\"bbc-j1srjl\" style=\"padding-bottom:56.25%\"><img decoding=\"async\" srcset=\"https:\/\/ichef.bbci.co.uk\/ace\/ws\/240\/amz\/worldservice\/live\/assets\/images\/2014\/08\/20\/140820152718_facebook_624x351_afp.jpg.webp 240w, https:\/\/ichef.bbci.co.uk\/ace\/ws\/320\/amz\/worldservice\/live\/assets\/images\/2014\/08\/20\/140820152718_facebook_624x351_afp.jpg.webp 320w, https:\/\/ichef.bbci.co.uk\/ace\/ws\/480\/amz\/worldservice\/live\/assets\/images\/2014\/08\/20\/140820152718_facebook_624x351_afp.jpg.webp 480w, https:\/\/ichef.bbci.co.uk\/ace\/ws\/624\/amz\/worldservice\/live\/assets\/images\/2014\/08\/20\/140820152718_facebook_624x351_afp.jpg.webp 624w\" sizes=\"auto, (min-width: 1008px) 760px, 100vw\" alt=\"Mujer\" loading=\"lazy\" width=\"624\" height=\"351\" src=\"aspect-ratio:624 \/ 351\" class=\"bbc-139onq\"\/><\/p>\n<p class=\"bbc-by8ykd\" role=\"text\"><span class=\"bbc-m04vo2\">Fuente de la imagen, <\/span><span lang=\"en-GB\">AFP<\/span><\/p>\n<\/div>\n<\/figure>\n<div dir=\"ltr\" class=\"bbc-19j92fr ebmt73l0\">\n<p dir=\"ltr\" class=\"bbc-hhl7in e17g058b0\">Es, de hecho, la zona del planeta que m\u00e1s horas pasa en redes sociales con un promedio de 8,67 horas cada mes en ellas. En Europa ese promedio es de 8,07 horas mensuales, en Am\u00e9rica del Norte es 6,08.<\/p>\n<\/div>\n<div dir=\"ltr\" class=\"bbc-19j92fr ebmt73l0\">\n<p dir=\"ltr\" class=\"bbc-hhl7in e17g058b0\">Las mujeres adem\u00e1s parecen ser m\u00e1s sociales que los hombres dado que pasan m\u00e1s de 9 horas al mes en estos sitios.<\/p>\n<\/div>\n<div dir=\"ltr\" class=\"bbc-19j92fr ebmt73l0\">\n<p dir=\"ltr\" class=\"bbc-hhl7in e17g058b0\">En t\u00e9rminos de engagement (qu\u00e9 tanto se sumergen y participan los usuarios en redes sociales), Latinoam\u00e9rica tambi\u00e9n encabeza la fila con un tiempo de 17 minutos por visita a sitios sociales, minutos que se incrementan si el visitante es menor de 24 a\u00f1os.<\/p>\n<\/div>\n<p><h2 id=\"De-d\u00f3nde\" tabindex=\"-1\" class=\"bbc-1lgzob2 eglt09e0\">\u00bfDe d\u00f3nde?<\/h2>\n<\/p>\n<figure class=\"bbc-1qn0xuy\">\n<div class=\"bbc-j1srjl\" style=\"padding-bottom:56.25%\"><img decoding=\"async\" srcset=\"https:\/\/ichef.bbci.co.uk\/ace\/ws\/240\/amz\/worldservice\/live\/assets\/images\/2014\/08\/20\/140820151819_facebook_624x351_afp.jpg.webp 240w, https:\/\/ichef.bbci.co.uk\/ace\/ws\/320\/amz\/worldservice\/live\/assets\/images\/2014\/08\/20\/140820151819_facebook_624x351_afp.jpg.webp 320w, https:\/\/ichef.bbci.co.uk\/ace\/ws\/480\/amz\/worldservice\/live\/assets\/images\/2014\/08\/20\/140820151819_facebook_624x351_afp.jpg.webp 480w, https:\/\/ichef.bbci.co.uk\/ace\/ws\/624\/amz\/worldservice\/live\/assets\/images\/2014\/08\/20\/140820151819_facebook_624x351_afp.jpg.webp 624w\" sizes=\"auto, (min-width: 1008px) 760px, 100vw\" alt=\"Facebook\" loading=\"lazy\" width=\"624\" height=\"351\" src=\"aspect-ratio:624 \/ 351\" class=\"bbc-139onq\"\/><\/p>\n<p class=\"bbc-by8ykd\" role=\"text\"><span class=\"bbc-m04vo2\">Fuente de la imagen, <\/span><span lang=\"en-GB\">AFP<\/span><\/p>\n<\/div>\n<\/figure>\n<div dir=\"ltr\" class=\"bbc-19j92fr ebmt73l0\">\n<p dir=\"ltr\" class=\"bbc-hhl7in e17g058b0\">Al mirar pa\u00eds por pa\u00eds M\u00e9xico es el que presenta el mayor crecimiento y lidera el mercado mundial en t\u00e9rminos de la penetraci\u00f3n de redes sociales respecto al n\u00famero de usuarios de internet en el pa\u00eds. Un 98,2% de internautas mexicanos tiene presencia en redes sociales.<\/p>\n<\/div>\n<div dir=\"ltr\" class=\"bbc-19j92fr ebmt73l0\">\n<p dir=\"ltr\" class=\"bbc-hhl7in e17g058b0\">En cuanto a n\u00fameros absolutos, Brasil est\u00e1 a la cabeza con 28 millones de visitantes diarios a redes sociales, seguido por Argentina con 7 millones, M\u00e9xico con 6,9 y Colombia con 4.<\/p>\n<\/div>\n<div dir=\"ltr\" class=\"bbc-19j92fr ebmt73l0\">\n<p dir=\"ltr\" class=\"bbc-hhl7in e17g058b0\">Cada d\u00eda los brasile\u00f1os pasan en promedio 56,1 minutos diarios en redes sociales, los argentinos 44,5; los mexicanos 36,3; colombianos 34,9; peruanos 34,2, chilenos 33,8.<\/p>\n<\/div>\n<p><h2 id=\"Hacia-d\u00f3nde\" tabindex=\"-1\" class=\"bbc-1lgzob2 eglt09e0\">\u00bfHacia d\u00f3nde?<\/h2>\n<\/p>\n<figure class=\"bbc-1qn0xuy\">\n<div class=\"bbc-j1srjl\" style=\"padding-bottom:56.25%\"><img decoding=\"async\" srcset=\"https:\/\/ichef.bbci.co.uk\/ace\/ws\/240\/amz\/worldservice\/live\/assets\/images\/2014\/08\/20\/140820153100_facebook_624x351_getty.jpg.webp 240w, https:\/\/ichef.bbci.co.uk\/ace\/ws\/320\/amz\/worldservice\/live\/assets\/images\/2014\/08\/20\/140820153100_facebook_624x351_getty.jpg.webp 320w, https:\/\/ichef.bbci.co.uk\/ace\/ws\/480\/amz\/worldservice\/live\/assets\/images\/2014\/08\/20\/140820153100_facebook_624x351_getty.jpg.webp 480w, https:\/\/ichef.bbci.co.uk\/ace\/ws\/624\/amz\/worldservice\/live\/assets\/images\/2014\/08\/20\/140820153100_facebook_624x351_getty.jpg.webp 624w\" sizes=\"auto, (min-width: 1008px) 760px, 100vw\" alt=\"Gorjeo\" loading=\"lazy\" width=\"624\" height=\"351\" src=\"aspect-ratio:624 \/ 351\" class=\"bbc-139onq\"\/><\/p>\n<p class=\"bbc-by8ykd\" role=\"text\"><span class=\"bbc-m04vo2\">Fuente de la imagen, <\/span><span lang=\"en-GB\">Getty<\/span><\/p>\n<\/div>\n<\/figure>\n<div dir=\"ltr\" class=\"bbc-19j92fr ebmt73l0\">\n<p dir=\"ltr\" class=\"bbc-hhl7in e17g058b0\">Facebook no s\u00f3lo es la red social m\u00e1s grande del mundo sino que tambi\u00e9n es la red social, por mucho, m\u00e1s popular en Am\u00e9rica Latina acaparando un 95,6% del mercado. El segundo lugar, Twitter, tan s\u00f3lo cuenta con un 1,4%.<\/p>\n<\/div>\n<div dir=\"ltr\" class=\"bbc-19j92fr ebmt73l0\">\n<p dir=\"ltr\" class=\"bbc-hhl7in e17g058b0\">78,7 millones de quienes usan Facebook en la regi\u00f3n lo hacen a trav\u00e9s de diferentes dispositivos, 60,8 acceden a la red social a trav\u00e9s de una computadora de escritorio mientras que 47,1 lo hacen a trav\u00e9s de un dispositivo m\u00f3vil.<\/p>\n<\/div>\n<div dir=\"ltr\" class=\"bbc-19j92fr ebmt73l0\">\n<p dir=\"ltr\" class=\"bbc-hhl7in e17g058b0\">Este segmento es el que est\u00e1 creciendo a mayor velocidad por lo que se espera que pronto la mayor\u00eda de los usuarios de Facebook en la regi\u00f3n accedan a este sitio exclusivamente v\u00eda su tel\u00e9fono celular o tableta.<\/p>\n<\/div>\n<div dir=\"ltr\" class=\"bbc-19j92fr ebmt73l0\">\n<p dir=\"ltr\" class=\"bbc-hhl7in e17g058b0\">Eso ya esta ocurriendo de alguna manera si consideramos que de cada 10 minutos en Facebook, los usuarios pasan 6,8 minutos en celulares y 3,2 en computadoras.<\/p>\n<\/div>\n<figure class=\"bbc-1qn0xuy\">\n<div class=\"bbc-j1srjl\" style=\"padding-bottom:56.25%\"><img decoding=\"async\" srcset=\"https:\/\/ichef.bbci.co.uk\/ace\/ws\/240\/amz\/worldservice\/live\/assets\/images\/2014\/08\/20\/140820152815_facebook_624x351_getty.jpg.webp 240w, https:\/\/ichef.bbci.co.uk\/ace\/ws\/320\/amz\/worldservice\/live\/assets\/images\/2014\/08\/20\/140820152815_facebook_624x351_getty.jpg.webp 320w, https:\/\/ichef.bbci.co.uk\/ace\/ws\/480\/amz\/worldservice\/live\/assets\/images\/2014\/08\/20\/140820152815_facebook_624x351_getty.jpg.webp 480w, https:\/\/ichef.bbci.co.uk\/ace\/ws\/624\/amz\/worldservice\/live\/assets\/images\/2014\/08\/20\/140820152815_facebook_624x351_getty.jpg.webp 624w\" sizes=\"auto, (min-width: 1008px) 760px, 100vw\" alt=\"Mark Zuckerberg\" loading=\"lazy\" width=\"624\" height=\"351\" src=\"aspect-ratio:624 \/ 351\" class=\"bbc-139onq\"\/><\/p>\n<p class=\"bbc-by8ykd\" role=\"text\"><span class=\"bbc-m04vo2\">Fuente de la imagen, <\/span><span lang=\"en-GB\">Getty<\/span><\/p>\n<\/div>\n<\/figure>\n<div dir=\"ltr\" class=\"bbc-19j92fr ebmt73l0\">\n<p dir=\"ltr\" class=\"bbc-hhl7in e17g058b0\">La red de Mark Zuckerberg est\u00e1 creciendo a pasos agigantados en Mexico. El pa\u00eds ten\u00eda el 14% de las p\u00e1ginas de Facebook de la regi\u00f3n en 2013 y ahora cuenta con el 27% del total de p\u00e1ginas de Facebook en Latinoam\u00e9rica.<\/p>\n<\/div>\n<div dir=\"ltr\" class=\"bbc-19j92fr ebmt73l0\">\n<p dir=\"ltr\" class=\"bbc-hhl7in e17g058b0\">Y el segmento que m\u00e1s est\u00e1 creciendo, respecto al n\u00famero de p\u00e1ginas, pero tambi\u00e9n de interacciones es el de Medios y Noticias. Los usuarios ven a Facebook como una plataforma de noticias, como el nuevo portal de entrada a internet.<\/p>\n<\/div>\n<div dir=\"ltr\" class=\"bbc-19j92fr ebmt73l0\">\n<p dir=\"ltr\" class=\"bbc-hhl7in e17g058b0\">Y los viejos portales lo resienten. Por cada 86 millones de minutos que los internautas pasan en social media s\u00f3lo pasan 30 millones en portales.<\/p>\n<\/div>\n<div dir=\"ltr\" class=\"bbc-19j92fr ebmt73l0\">\n<p dir=\"ltr\" class=\"bbc-hhl7in e17g058b0\">Nuevas plataformas como Instagram, Snapchat, Vine y Whatsapp tambi\u00e9n est\u00e1n acumulando nuevos usuarios en la regi\u00f3n.<\/p>\n<\/div>\n<figure class=\"bbc-1qn0xuy\">\n<div class=\"bbc-j1srjl\" style=\"padding-bottom:56.25%\"><img decoding=\"async\" srcset=\"https:\/\/ichef.bbci.co.uk\/ace\/ws\/240\/amz\/worldservice\/live\/assets\/images\/2014\/08\/20\/140820155752_instagram_624x351_afp.jpg.webp 240w, https:\/\/ichef.bbci.co.uk\/ace\/ws\/320\/amz\/worldservice\/live\/assets\/images\/2014\/08\/20\/140820155752_instagram_624x351_afp.jpg.webp 320w, https:\/\/ichef.bbci.co.uk\/ace\/ws\/480\/amz\/worldservice\/live\/assets\/images\/2014\/08\/20\/140820155752_instagram_624x351_afp.jpg.webp 480w, https:\/\/ichef.bbci.co.uk\/ace\/ws\/624\/amz\/worldservice\/live\/assets\/images\/2014\/08\/20\/140820155752_instagram_624x351_afp.jpg.webp 624w\" sizes=\"auto, (min-width: 1008px) 760px, 100vw\" alt=\"Instagram\" loading=\"lazy\" width=\"624\" height=\"351\" src=\"aspect-ratio:624 \/ 351\" class=\"bbc-139onq\"\/><\/p>\n<p class=\"bbc-by8ykd\" role=\"text\"><span class=\"bbc-m04vo2\">Fuente de la imagen, <\/span><span lang=\"en-GB\">AFP<\/span><\/p>\n<\/div>\n<\/figure>\n<div dir=\"ltr\" class=\"bbc-19j92fr ebmt73l0\">\n<p dir=\"ltr\" class=\"bbc-hhl7in e17g058b0\">En Instagram ya hay 4 millones de usuarios en Brasil y medio mill\u00f3n en M\u00e9xico, generando m\u00e1s de 1.000 interacciones por foto, en promedio.<\/p>\n<\/div>\n<div dir=\"ltr\" class=\"bbc-19j92fr ebmt73l0\">\n<p dir=\"ltr\" class=\"bbc-hhl7in e17g058b0\">Las redes sociales, ya sea a trav\u00e9s de jugadores establecidos como Facebook o emergentes como Snapchat, llegaron para quedarse.<\/p>\n<\/div>\n<div dir=\"ltr\" class=\"bbc-19j92fr ebmt73l0\">\n<p dir=\"ltr\" class=\"bbc-hhl7in e17g058b0\">Los latinoamericanos son las personas m\u00e1s sociales del planeta. Parece l\u00f3gico que su internet tambi\u00e9n lo sea.<\/p>\n<\/div>\n<div dir=\"ltr\" class=\"bbc-19j92fr ebmt73l0\">\n<p dir=\"ltr\" class=\"bbc-hhl7in e17g058b0\"><italic><bold><link type=\"&quot;page&quot;\"\/>\n<caption>\n<p>S\u00edganme en Twitter<\/caption>\n<p><url href=\"&quot;http:\/\/twitter.com\/davidcuen&quot;\" platform=\"&quot;highweb&quot;\/\">, <link type=\"&quot;page&quot;\"\/>\n<caption>\n<p>suscr\u00edbanse a mis actualizaciones en Facebook<\/caption>\n<p><url href=\"&quot;http:\/\/www.facebook.com\/david.cuen&quot;\" platform=\"&quot;highweb&quot;\/\"><link type=\"&quot;page&quot;\"\/>\n<caption>\n<p>y a\u00f1\u00e1danme a sus c\u00edrculos en Google+<\/caption>\n<p><url href=\"&quot;http:\/\/gplus.to\/davidcuen&quot;\" platform=\"&quot;highweb&quot;\/\"\/><\/url><\/url><\/bold> <\/italic><\/p>\n<\/div>\n<\/div>\n<p><script async src=\"https:\/\/platform.twitter.com\/widgets.js\" charset=\"utf-8\"><\/script><br \/>\n<br \/>\n","protected":false},"excerpt":{"rendered":"<p>Fuente de la imagen, AFP Informaci\u00f3n del art\u00edculo Autor, David Cuen T\u00edtulo del autor, BBC Mundo, @davidcuen 20 de agosto de 2014 El uso de redes sociales dej\u00f3 de ser una moda y se transform\u00f3 en parte de internet. Para la gran mayor\u00eda de los usuarios m\u00e1s j\u00f3venes, sitios como Facebook o Twitter son aut\u00e9nticas &hellip;<\/p>\n","protected":false},"author":1,"featured_media":21846,"comment_status":"open","ping_status":"open","sticky":false,"template":"","format":"standard","meta":{"fifu_image_url":"https:\/\/ichef.bbci.co.uk\/news\/1024\/branded_mundo\/worldservice\/live\/assets\/images\/2014\/08\/20\/140820151427_facebook_336x189_afp_nocredit.jpg","fifu_image_alt":"","footnotes":""},"categories":[2],"tags":[],"class_list":["post-21845","post","type-post","status-publish","format-standard","has-post-thumbnail","","category-tecnologia"],"_links":{"self":[{"href":"https:\/\/noticiasveraces.com\/index.php?rest_route=\/wp\/v2\/posts\/21845","targetHints":{"allow":["GET"]}}],"collection":[{"href":"https:\/\/noticiasveraces.com\/index.php?rest_route=\/wp\/v2\/posts"}],"about":[{"href":"https:\/\/noticiasveraces.com\/index.php?rest_route=\/wp\/v2\/types\/post"}],"author":[{"embeddable":true,"href":"https:\/\/noticiasveraces.com\/index.php?rest_route=\/wp\/v2\/users\/1"}],"replies":[{"embeddable":true,"href":"https:\/\/noticiasveraces.com\/index.php?rest_route=%2Fwp%2Fv2%2Fcomments&post=21845"}],"version-history":[{"count":0,"href":"https:\/\/noticiasveraces.com\/index.php?rest_route=\/wp\/v2\/posts\/21845\/revisions"}],"wp:featuredmedia":[{"embeddable":true,"href":"https:\/\/noticiasveraces.com\/index.php?rest_route=\/wp\/v2\/media\/21846"}],"wp:attachment":[{"href":"https:\/\/noticiasveraces.com\/index.php?rest_route=%2Fwp%2Fv2%2Fmedia&parent=21845"}],"wp:term":[{"taxonomy":"category","embeddable":true,"href":"https:\/\/noticiasveraces.com\/index.php?rest_route=%2Fwp%2Fv2%2Fcategories&post=21845"},{"taxonomy":"post_tag","embeddable":true,"href":"https:\/\/noticiasveraces.com\/index.php?rest_route=%2Fwp%2Fv2%2Ftags&post=21845"}],"curies":[{"name":"wp","href":"https:\/\/api.w.org\/{rel}","templated":true}]}}