{"id":21828,"date":"2025-04-06T13:59:59","date_gmt":"2025-04-06T17:59:59","guid":{"rendered":"https:\/\/noticiasveraces.com\/?p=21828"},"modified":"2025-04-06T13:59:59","modified_gmt":"2025-04-06T17:59:59","slug":"elkin-blanco-exjugador-de-nacional-fue-herido-por-robo-en-medellin","status":"publish","type":"post","link":"https:\/\/noticiasveraces.com\/?p=21828","title":{"rendered":"Elkin Blanco, exjugador de Nacional, fue herido por robo en Medell\u00edn"},"content":{"rendered":"<p> \n<br \/><img decoding=\"async\" src=\"https:\/\/www.futbolred.com\/files\/article_graphic\/files\/crop\/uploads\/2022\/07\/17\/62d479c70f106.r_782171.0-0-2000-1000.jpeg\" \/><\/p>\n<header>\n<h3>\n<p>                Curiosidades de f\u00fatbol<br \/>\n            <\/h3>\n<h1>\n<p>            Elkin Blanco, exjugador de Nacional, fue herido por robo en Medell\u00edn<br \/>\n        <\/h1>\n<address>\n            <a>Andres Julian Abril Gomez<br \/>\n        <\/address>\n<p>            06 de abril 2025 , 12:24 p.\u00a0m.<\/p>\n<\/header>\n<p>El exfutbolista fue v\u00edctima de un atraco en un local. Una persona falleci\u00f3 en el hecho.<\/p>\n<p>Horas complicadas vivi\u00f3 el exjugador de <b>Atl\u00e9tico Nacional <\/b>Y<b> Millonarios<\/b>,<b> Elkin Blanco<\/b>quien fue v\u00edctima de robo en la noche del s\u00e1bado en un local comercial en la ciudad de Medell\u00edn. El exjugador sali\u00f3 herido luego de que recibiera impactos de un arma traum\u00e1tica.  <\/p>\n<p>Blanco fue trasladado a la Cl\u00ednica Medell\u00edn de Occidente y aunque est\u00e1 fuera de peligro en el hecho termin\u00f3 muriendo una persona.  <\/p>\n<p>Esto fue confirmado por el alcalde de Medell\u00edn, Federico Guti\u00e9rrez en sus redes sociales quien lament\u00f3 el hecho y asegur\u00f3 que buscar\u00e1n y capturar\u00e1n a los responsables.<\/p>\n<p>Ayer en horas de la noche, se present\u00f3 un hecho lamentable. Dos delincuentes ingresaron a un local comercial en el sector de Rosales, con la intenci\u00f3n de robar. Asesinaron a una persona identificada como Duv\u00e1n Alejandro Mosquera e hirieron al exfutbolista Elkin Blanco (est\u00e1 fuera de peligro)\u201d, dijo el mandatario local. <\/p>\n<p>\u201cLa instrucci\u00f3n es clara, agarrar a estos criminales. Ya tenemos las im\u00e1genes con sus caras y tambi\u00e9n tenemos identificada la moto en la que se movilizaban. Tambi\u00e9n sabemos en qu\u00e9 sector de la ciudad se escondieron estos cobardes. La Polic\u00eda tiene desplegado un operativo desde ayer en la noche en la zona. Estos bandidos caer\u00e1n. Lamento la muerte de Duv\u00e1n. Solidaridad con su familia y amigos. Haremos justicia\u201d, agreg\u00f3 Guti\u00e9rrez.<\/p>\n<p>La investigaci\u00f3n del caso est\u00e1 a cargo de la Sijin y la Sipon quienes buscan esclarecer los hechos ocurridos durante el s\u00e1bado.  <\/p>\n<p>En los videos que han circulado por redes sociales se ve como los asaltantes llegan al sitio y all\u00ed estaba el exjugador y apenas ven la reacci\u00f3n de Blanco empiezan a abrir fuego.<\/p>\n\n","protected":false},"excerpt":{"rendered":"<p>Curiosidades de f\u00fatbol Elkin Blanco, exjugador de Nacional, fue herido por robo en Medell\u00edn Andres Julian Abril Gomez 06 de abril 2025 , 12:24 p.\u00a0m. El exfutbolista fue v\u00edctima de un atraco en un local. Una persona falleci\u00f3 en el hecho. Horas complicadas vivi\u00f3 el exjugador de Atl\u00e9tico Nacional Y Millonarios, Elkin Blancoquien fue v\u00edctima &hellip;<\/p>\n","protected":false},"author":1,"featured_media":21830,"comment_status":"open","ping_status":"open","sticky":false,"template":"","format":"standard","meta":{"fifu_image_url":"https:\/\/www.futbolred.com\/files\/og_thumbnail\/uploads\/2022\/07\/17\/62d479c70f106.jpeg","fifu_image_alt":"","footnotes":""},"categories":[6],"tags":[],"class_list":["post-21828","post","type-post","status-publish","format-standard","has-post-thumbnail","","category-deportes"],"_links":{"self":[{"href":"https:\/\/noticiasveraces.com\/index.php?rest_route=\/wp\/v2\/posts\/21828","targetHints":{"allow":["GET"]}}],"collection":[{"href":"https:\/\/noticiasveraces.com\/index.php?rest_route=\/wp\/v2\/posts"}],"about":[{"href":"https:\/\/noticiasveraces.com\/index.php?rest_route=\/wp\/v2\/types\/post"}],"author":[{"embeddable":true,"href":"https:\/\/noticiasveraces.com\/index.php?rest_route=\/wp\/v2\/users\/1"}],"replies":[{"embeddable":true,"href":"https:\/\/noticiasveraces.com\/index.php?rest_route=%2Fwp%2Fv2%2Fcomments&post=21828"}],"version-history":[{"count":0,"href":"https:\/\/noticiasveraces.com\/index.php?rest_route=\/wp\/v2\/posts\/21828\/revisions"}],"wp:featuredmedia":[{"embeddable":true,"href":"https:\/\/noticiasveraces.com\/index.php?rest_route=\/wp\/v2\/media\/21830"}],"wp:attachment":[{"href":"https:\/\/noticiasveraces.com\/index.php?rest_route=%2Fwp%2Fv2%2Fmedia&parent=21828"}],"wp:term":[{"taxonomy":"category","embeddable":true,"href":"https:\/\/noticiasveraces.com\/index.php?rest_route=%2Fwp%2Fv2%2Fcategories&post=21828"},{"taxonomy":"post_tag","embeddable":true,"href":"https:\/\/noticiasveraces.com\/index.php?rest_route=%2Fwp%2Fv2%2Ftags&post=21828"}],"curies":[{"name":"wp","href":"https:\/\/api.w.org\/{rel}","templated":true}]}}