{"id":21778,"date":"2025-04-06T07:40:19","date_gmt":"2025-04-06T11:40:19","guid":{"rendered":"https:\/\/noticiasveraces.com\/?p=21778"},"modified":"2025-04-06T07:40:19","modified_gmt":"2025-04-06T11:40:19","slug":"europa-lucha-con-la-migracion-masiva-el-creciente-crimen-y-los-problemas-economicos","status":"publish","type":"post","link":"https:\/\/noticiasveraces.com\/?p=21778","title":{"rendered":"Europa lucha con la migraci\u00f3n masiva, el creciente crimen y los problemas econ\u00f3micos"},"content":{"rendered":"<p> \n<\/p>\n<div>\n<p class=\"speakable\">Despu\u00e9s de la advertencia del vicepresidente JD Vance de que Europa estaba en riesgo de \u00abparticipar en suicidio civilizacional\u00bb, el continente ha sido bajo el microscopio por no tratar en gran medida con la migraci\u00f3n masiva de los pa\u00edses del tercer mundo. Asociado con eso ha sido un aumento masivo de delitos violentos y una econom\u00eda fallida. <\/p>\n<p class=\"speakable\">La libertad de expresi\u00f3n est\u00e1 bajo ataque, ya que muchos se quejan de un sistema de justicia de dos niveles y, haciendo que las cosas sean a\u00fan m\u00e1s problem\u00e1ticas, la econom\u00eda de Europa no funciona como se esperaba.  <\/p>\n<h3>Reino Unido<\/h3>\n<p>La econom\u00eda del Reino Unido se ha mantenido estancada durante los \u00faltimos tres a\u00f1os sin crecimiento en el ingreso per c\u00e1pita. \u00abEl pa\u00eds tiene un desempe\u00f1o pat\u00e9tico, dice Ben Habib, presidente del Gran Comit\u00e9 de Acci\u00f3n Pol\u00edtica Brit\u00e1nica, y ex l\u00edder codeeputy de Reform UK.\u00bb El Reino Unido se ha vuelto a\u00fan peor que Europa \u00ab.<\/p>\n<p><strong>El ni\u00f1o sali\u00f3 de la guarder\u00eda por ser transf\u00f3bico: \u00abEsta es la locura totalitaria\u00bb<\/strong><\/p>\n<div class=\"image-ct inline\">\n<div class=\"m\"><picture><source media=\"(max-width: 767px)\" srcset=\"https:\/\/a57.foxnews.com\/static.foxnews.com\/foxnews.com\/content\/uploads\/2022\/09\/343\/192\/london.png?ve=1&amp;tl=1, https:\/\/a57.foxnews.com\/static.foxnews.com\/foxnews.com\/content\/uploads\/2022\/09\/686\/384\/london.png?ve=1&amp;tl=1 2x\" height=\"192\" width=\"343\"><source media=\"(min-width: 768px) and (max-width: 1023px)\" srcset=\"https:\/\/a57.foxnews.com\/static.foxnews.com\/foxnews.com\/content\/uploads\/2022\/09\/672\/378\/london.png?ve=1&amp;tl=1, https:\/\/a57.foxnews.com\/static.foxnews.com\/foxnews.com\/content\/uploads\/2022\/09\/1344\/756\/london.png?ve=1&amp;tl=1 2x\" height=\"378\" width=\"672\"><source media=\"(min-width: 1024px) and (max-width: 1279px)\" srcset=\"https:\/\/a57.foxnews.com\/static.foxnews.com\/foxnews.com\/content\/uploads\/2022\/09\/931\/523\/london.png?ve=1&amp;tl=1, https:\/\/a57.foxnews.com\/static.foxnews.com\/foxnews.com\/content\/uploads\/2022\/09\/1862\/1046\/london.png?ve=1&amp;tl=1 2x\" height=\"523\" width=\"931\"><source media=\"(min-width: 1280px)\" srcset=\"https:\/\/a57.foxnews.com\/static.foxnews.com\/foxnews.com\/content\/uploads\/2022\/09\/720\/405\/london.png?ve=1&amp;tl=1, https:\/\/a57.foxnews.com\/static.foxnews.com\/foxnews.com\/content\/uploads\/2022\/09\/1440\/810\/london.png?ve=1&amp;tl=1 2x\" height=\"405\" width=\"720\"><img loading=\"lazy\" decoding=\"async\" src=\"https:\/\/a57.foxnews.com\/static.foxnews.com\/foxnews.com\/content\/uploads\/2022\/09\/1200\/675\/london.png?ve=1&amp;tl=1\" alt=\"La foto muestra las casas del parlamento frente al cielo oscuro\" width=\"1200\" height=\"675\"\/><\/source><\/source><\/source><\/source><\/picture><\/div>\n<div class=\"info\">\n<div class=\"caption\">\n<p><span>Las Casas del Parlamento en Londres, Inglaterra, el viernes 23 de septiembre de 2022.<\/span> <span>(Chris J. Ratcliffe\/Bloomberg a trav\u00e9s de Getty Images)<\/span><\/p>\n<\/div>\n<\/div>\n<\/div>\n<p>La migraci\u00f3n ahora es un punto de conversaci\u00f3n nacional. La inmigraci\u00f3n aument\u00f3 entre 1.2 y 1.3 millones en 2022 y 2023, frente a alrededor de 800,000 antes de la pandemia. Est\u00e1 causando fricci\u00f3n.<\/p>\n<p>\u00abLa uni\u00f3n nacional ahora se est\u00e1 desgarrando como niveles sin precedentes de migraci\u00f3n masiva transforman partes de nuestro pa\u00eds m\u00e1s all\u00e1 del reconocimiento\u00bb, observ\u00f3 miembro conservador del Partido del Parlamento Robert Jenrick en una columna para el puesto conservador y reformador del Reino Unido. \u00abHemos importado tensiones \u00e9tnicas y religiosas, lo que significa que los conflictos al otro lado del mundo se desarrollan en las calles de Gran Breta\u00f1a\u00bb.<\/p>\n<p>A principios de esta semana, el Departamento de Estado dijo que estaba monitoreando el caso de una mujer en Gran Breta\u00f1a que fue juzgada por celebrar un letrero que ofrece asesoramiento a mujeres fuera de un centro de aborto en el Reino Unido. <\/p>\n<p>Fox News Digital inform\u00f3 que la mujer dijo: \u00abSe supone que Gran Breta\u00f1a es un pa\u00eds libre, pero he sido arrastrado por la corte simplemente por ofrecer una conversaci\u00f3n consensuada &#8230; La expresi\u00f3n pac\u00edfica es un derecho fundamental, no se debe criminalizar por las ofertas inofensivas para conversar\u00bb.<\/p>\n<div class=\"image-ct inline\">\n<div class=\"m\"><picture><source media=\"(max-width: 767px)\" srcset=\"https:\/\/a57.foxnews.com\/static.foxnews.com\/foxnews.com\/content\/uploads\/2023\/09\/343\/192\/GettyImages-83089356.jpg?ve=1&amp;tl=1, https:\/\/a57.foxnews.com\/static.foxnews.com\/foxnews.com\/content\/uploads\/2023\/09\/686\/384\/GettyImages-83089356.jpg?ve=1&amp;tl=1 2x\" height=\"192\" width=\"343\"><source media=\"(min-width: 768px) and (max-width: 1023px)\" srcset=\"https:\/\/a57.foxnews.com\/static.foxnews.com\/foxnews.com\/content\/uploads\/2023\/09\/672\/378\/GettyImages-83089356.jpg?ve=1&amp;tl=1, https:\/\/a57.foxnews.com\/static.foxnews.com\/foxnews.com\/content\/uploads\/2023\/09\/1344\/756\/GettyImages-83089356.jpg?ve=1&amp;tl=1 2x\" height=\"378\" width=\"672\"><source media=\"(min-width: 1024px) and (max-width: 1279px)\" srcset=\"https:\/\/a57.foxnews.com\/static.foxnews.com\/foxnews.com\/content\/uploads\/2023\/09\/931\/523\/GettyImages-83089356.jpg?ve=1&amp;tl=1, https:\/\/a57.foxnews.com\/static.foxnews.com\/foxnews.com\/content\/uploads\/2023\/09\/1862\/1046\/GettyImages-83089356.jpg?ve=1&amp;tl=1 2x\" height=\"523\" width=\"931\"><source media=\"(min-width: 1280px)\" srcset=\"https:\/\/a57.foxnews.com\/static.foxnews.com\/foxnews.com\/content\/uploads\/2023\/09\/720\/405\/GettyImages-83089356.jpg?ve=1&amp;tl=1, https:\/\/a57.foxnews.com\/static.foxnews.com\/foxnews.com\/content\/uploads\/2023\/09\/1440\/810\/GettyImages-83089356.jpg?ve=1&amp;tl=1 2x\" height=\"405\" width=\"720\"><img loading=\"lazy\" decoding=\"async\" src=\"https:\/\/a57.foxnews.com\/static.foxnews.com\/foxnews.com\/content\/uploads\/2023\/09\/1200\/675\/GettyImages-83089356.jpg?ve=1&amp;tl=1\" alt=\"New Scotland Yard el 2 de octubre de 2008, en Londres, Inglaterra.\" width=\"1200\" height=\"675\"\/><\/source><\/source><\/source><\/source><\/picture><\/div>\n<div class=\"info\">\n<div class=\"caption\">\n<p><span>New Scotland Yard el 2 de octubre de 2008, en Londres, Inglaterra.<\/span> <span>((Foto de Dan Kitwood\/Getty Images)))<\/span><\/p>\n<\/div>\n<\/div>\n<\/div>\n<p>Los asaltos violentos tambi\u00e9n han empa\u00f1ado a muchas partes del Reino Unido, en comparaci\u00f3n con otros miembros de la Organizaci\u00f3n para la Cooperaci\u00f3n y el Desarrollo Econ\u00f3mico (OCDE), Escocia super\u00f3 la lista con 1,487 asaltos por cada 100,000 personas, seg\u00fan datos de la Oficina de las Naciones Unidas sobre Drogas y Delitos. Inglaterra y Gales ocuparon el n\u00famero tres en la lista con 730 asaltos violentos por cada 100,000 residentes.<\/p>\n<p>Fox News Digital inform\u00f3 anteriormente que Gran Breta\u00f1a enfrentaba una crisis de libertad de expresi\u00f3n debido al nuevo gobierno de izquierda, la vigilancia excesiva y los tribunales que toman medidas en\u00e9rgicas contra la libertad de expresi\u00f3n. En agosto pasado, el gobierno advirti\u00f3 a sus ciudadanos que tengan en cuenta la publicaci\u00f3n de contenido considerado de prisi\u00f3n ofensiva y amenazada. El Servicio de Fiscal\u00eda de la Corona public\u00f3 una advertencia en la plataforma de redes sociales X, que fue amplificada por las cuentas oficiales de redes sociales del gobierno, advirtiendo a los ciudadanos: \u00ab\u00a1Piense antes de publicar!\u00bb<\/p>\n<p><strong>Reino Unido podr\u00eda ser solo la naci\u00f3n G7 para no producir su propio acero; El propietario chino culpa a los aranceles de Trump<\/strong><\/p>\n<div class=\"image-ct inline\">\n<div class=\"m\"><picture><source media=\"(max-width: 767px)\" srcset=\"https:\/\/a57.foxnews.com\/static.foxnews.com\/foxnews.com\/content\/uploads\/2025\/02\/343\/192\/macron-trump-visit_002.jpg?ve=1&amp;tl=1, https:\/\/a57.foxnews.com\/static.foxnews.com\/foxnews.com\/content\/uploads\/2025\/02\/686\/384\/macron-trump-visit_002.jpg?ve=1&amp;tl=1 2x\" height=\"192\" width=\"343\"><source media=\"(min-width: 768px) and (max-width: 1023px)\" srcset=\"https:\/\/a57.foxnews.com\/static.foxnews.com\/foxnews.com\/content\/uploads\/2025\/02\/672\/378\/macron-trump-visit_002.jpg?ve=1&amp;tl=1, https:\/\/a57.foxnews.com\/static.foxnews.com\/foxnews.com\/content\/uploads\/2025\/02\/1344\/756\/macron-trump-visit_002.jpg?ve=1&amp;tl=1 2x\" height=\"378\" width=\"672\"><source media=\"(min-width: 1024px) and (max-width: 1279px)\" srcset=\"https:\/\/a57.foxnews.com\/static.foxnews.com\/foxnews.com\/content\/uploads\/2025\/02\/931\/523\/macron-trump-visit_002.jpg?ve=1&amp;tl=1, https:\/\/a57.foxnews.com\/static.foxnews.com\/foxnews.com\/content\/uploads\/2025\/02\/1862\/1046\/macron-trump-visit_002.jpg?ve=1&amp;tl=1 2x\" height=\"523\" width=\"931\"><source media=\"(min-width: 1280px)\" srcset=\"https:\/\/a57.foxnews.com\/static.foxnews.com\/foxnews.com\/content\/uploads\/2025\/02\/720\/405\/macron-trump-visit_002.jpg?ve=1&amp;tl=1, https:\/\/a57.foxnews.com\/static.foxnews.com\/foxnews.com\/content\/uploads\/2025\/02\/1440\/810\/macron-trump-visit_002.jpg?ve=1&amp;tl=1 2x\" height=\"405\" width=\"720\"><img loading=\"lazy\" decoding=\"async\" src=\"https:\/\/a57.foxnews.com\/static.foxnews.com\/foxnews.com\/content\/uploads\/2025\/02\/1200\/675\/macron-trump-visit_002.jpg?ve=1&amp;tl=1\" alt=\"Emmanuel Macron visita a Donald Trump en la Casa Blanca\" width=\"1200\" height=\"675\"\/><\/source><\/source><\/source><\/source><\/picture><\/div>\n<div class=\"info\">\n<div class=\"caption\">\n<p><span>El presidente franc\u00e9s, Emmanuel Macron, llega a la Casa Blanca, el lunes 24 de febrero de 2025, en Washington.<\/span> <span>(Foto de Manuel Balce CNE\/AP)<\/span><\/p>\n<\/div>\n<\/div>\n<\/div>\n<h3>Francia<\/h3>\n<p>La econom\u00eda de Francia se ha expandido en cada uno de los \u00faltimos cuatro a\u00f1os, pero la tasa de crecimiento se ralentiz\u00f3 dr\u00e1sticamente. Francia tambi\u00e9n tiene un alto nivel de deuda que dificultar\u00e1 que la econom\u00eda crezca r\u00e1pidamente, dice Venetis.<\/p>\n<p>La migraci\u00f3n es un problema continuo en Francia con una afluencia de 317, 000 inmigrantes fuera de la UE en 2022, en comparaci\u00f3n con 222,000 en 2013.<\/p>\n<p><strong>Notebook del reportero: r\u00e9plica de un &#8216;terremoto&#8217; pol\u00edtico como Le Pen prohibi\u00f3 la carrera presidencial en 2027<\/strong><\/p>\n<p>Los pol\u00edticos de derecha, como los del rally nacional, est\u00e1n destacando la fricci\u00f3n de que la afluencia de personas que no quieren integrarse en la sociedad francesa. El l\u00edder nacional del rally Marine Le Pen, quien hasta esta semana era un candidato destacado para las elecciones presidenciales de 2027 del pa\u00eds, acaba de dar una sentencia de prisi\u00f3n de dos a\u00f1os por un tribunal franc\u00e9s, que la encontr\u00f3 a ella y a otros colegas del partido culpables de fondos p\u00fablicos malversados. Le Pen calific\u00f3 la sentencia como una &#8216;sentencia de muerte&#8217;, y dijo que sent\u00eda que estaban \u00absolo interesadas\u00bb en evitar que se postulara para presidente.<\/p>\n<p>Agresos violentos en Francia se clasificaron cerca de la mitad de la lista de la OCDE con 310 casos por cada 100,000 en la poblaci\u00f3n.<\/p>\n<div class=\"image-ct inline\">\n<div class=\"m\"><picture><source media=\"(max-width: 767px)\" srcset=\"https:\/\/a57.foxnews.com\/static.foxnews.com\/foxnews.com\/content\/uploads\/2025\/02\/343\/192\/ap25045514841147.jpg?ve=1&amp;tl=1, https:\/\/a57.foxnews.com\/static.foxnews.com\/foxnews.com\/content\/uploads\/2025\/02\/686\/384\/ap25045514841147.jpg?ve=1&amp;tl=1 2x\" height=\"192\" width=\"343\"><source media=\"(min-width: 768px) and (max-width: 1023px)\" srcset=\"https:\/\/a57.foxnews.com\/static.foxnews.com\/foxnews.com\/content\/uploads\/2025\/02\/672\/378\/ap25045514841147.jpg?ve=1&amp;tl=1, https:\/\/a57.foxnews.com\/static.foxnews.com\/foxnews.com\/content\/uploads\/2025\/02\/1344\/756\/ap25045514841147.jpg?ve=1&amp;tl=1 2x\" height=\"378\" width=\"672\"><source media=\"(min-width: 1024px) and (max-width: 1279px)\" srcset=\"https:\/\/a57.foxnews.com\/static.foxnews.com\/foxnews.com\/content\/uploads\/2025\/02\/931\/523\/ap25045514841147.jpg?ve=1&amp;tl=1, https:\/\/a57.foxnews.com\/static.foxnews.com\/foxnews.com\/content\/uploads\/2025\/02\/1862\/1046\/ap25045514841147.jpg?ve=1&amp;tl=1 2x\" height=\"523\" width=\"931\"><source media=\"(min-width: 1280px)\" srcset=\"https:\/\/a57.foxnews.com\/static.foxnews.com\/foxnews.com\/content\/uploads\/2025\/02\/720\/405\/ap25045514841147.jpg?ve=1&amp;tl=1, https:\/\/a57.foxnews.com\/static.foxnews.com\/foxnews.com\/content\/uploads\/2025\/02\/1440\/810\/ap25045514841147.jpg?ve=1&amp;tl=1 2x\" height=\"405\" width=\"720\"><img loading=\"lazy\" decoding=\"async\" src=\"https:\/\/a57.foxnews.com\/static.foxnews.com\/foxnews.com\/content\/uploads\/2025\/02\/1200\/675\/ap25045514841147.jpg?ve=1&amp;tl=1\" alt=\"Vance en la conferencia de seguridad de Munich\" width=\"1200\" height=\"675\"\/><\/source><\/source><\/source><\/source><\/picture><\/div>\n<div class=\"info\">\n<div class=\"caption\">\n<p><span>El vicepresidente de los Estados Unidos, JD Vance, se dirige a la audiencia durante la Conferencia de Seguridad de Munich en el Hotel Bayerischer HOF en Munich, Alemania, el viernes 14 de febrero de 2025. <\/span> <span>(AP Photo\/Matthias Schrader)<\/span><\/p>\n<\/div>\n<\/div>\n<\/div>\n<h3>Alemania<\/h3>\n<p>La econom\u00eda de Alemania ha estado en una recesi\u00f3n durante los \u00faltimos dos a\u00f1os. Mientras tanto, la tasa de desempleo aument\u00f3 a 6.3% en marzo, de 5.9% en abril pasado. Eso se debe en parte a los altos precios de la energ\u00eda y la competencia de China.<\/p>\n<p>\u00abLa gente no est\u00e1 contenta con el hecho de que el desempleo est\u00e1 aumentando\u00bb, dice Konstantinos Venetis, economista de TS Lombard. Tambi\u00e9n dice que las estad\u00edsticas enmascaran las horas reducidas de muchos trabajadores en el trabajo. \u00abLa cantidad de personas en este estado ha aumentado considerablemente\u00bb.<\/p>\n<p><strong>Trump celebra la victoria del Partido Conservador en Alemania<\/strong><\/p>\n<p>La migraci\u00f3n aument\u00f3 a 1,6 millones de inmigrantes que no son de la UE en 2022, en comparaci\u00f3n con menos de medio mill\u00f3n en 2021.<br \/>El Partido Populista de AfD de la derecha de Alemania ha presionado para deportar a los migrantes que buscan asilo, y su mensaje gan\u00f3 tracci\u00f3n con los votantes durante las elecciones nacionales de febrero, donde lleg\u00f3 en segundo lugar con el 20.7% de los votos. El Partido Conservador de Dem\u00f3cratas Cristianos Conservadoras se vio obligado a adoptar pol\u00edticas de inmigraci\u00f3n m\u00e1s fuertes como resultado del \u00e9xito de AFD con los votantes.<\/p>\n<p>El pa\u00eds ten\u00eda un n\u00famero relativamente alto de asaltos violentos, ocupando el sexto lugar en la lista de la OCDE con 630 casos por cada 100,000 personas.<\/p>\n<h3><strong>Italia<\/strong><\/h3>\n<div class=\"image-ct inline\">\n<div class=\"m\"><picture><source media=\"(max-width: 767px)\" srcset=\"https:\/\/a57.foxnews.com\/static.foxnews.com\/foxnews.com\/content\/uploads\/2024\/01\/343\/192\/Giorgia-Meloni.jpg?ve=1&amp;tl=1, https:\/\/a57.foxnews.com\/static.foxnews.com\/foxnews.com\/content\/uploads\/2024\/01\/686\/384\/Giorgia-Meloni.jpg?ve=1&amp;tl=1 2x\" height=\"192\" width=\"343\"><source media=\"(min-width: 768px) and (max-width: 1023px)\" srcset=\"https:\/\/a57.foxnews.com\/static.foxnews.com\/foxnews.com\/content\/uploads\/2024\/01\/672\/378\/Giorgia-Meloni.jpg?ve=1&amp;tl=1, https:\/\/a57.foxnews.com\/static.foxnews.com\/foxnews.com\/content\/uploads\/2024\/01\/1344\/756\/Giorgia-Meloni.jpg?ve=1&amp;tl=1 2x\" height=\"378\" width=\"672\"><source media=\"(min-width: 1024px) and (max-width: 1279px)\" srcset=\"https:\/\/a57.foxnews.com\/static.foxnews.com\/foxnews.com\/content\/uploads\/2024\/01\/931\/523\/Giorgia-Meloni.jpg?ve=1&amp;tl=1, https:\/\/a57.foxnews.com\/static.foxnews.com\/foxnews.com\/content\/uploads\/2024\/01\/1862\/1046\/Giorgia-Meloni.jpg?ve=1&amp;tl=1 2x\" height=\"523\" width=\"931\"><source media=\"(min-width: 1280px)\" srcset=\"https:\/\/a57.foxnews.com\/static.foxnews.com\/foxnews.com\/content\/uploads\/2024\/01\/720\/405\/Giorgia-Meloni.jpg?ve=1&amp;tl=1, https:\/\/a57.foxnews.com\/static.foxnews.com\/foxnews.com\/content\/uploads\/2024\/01\/1440\/810\/Giorgia-Meloni.jpg?ve=1&amp;tl=1 2x\" height=\"405\" width=\"720\"><img loading=\"lazy\" decoding=\"async\" src=\"https:\/\/a57.foxnews.com\/static.foxnews.com\/foxnews.com\/content\/uploads\/2024\/01\/1200\/675\/Giorgia-Meloni.jpg?ve=1&amp;tl=1\" alt=\"Giorgia meloni habla\" width=\"1200\" height=\"675\"\/><\/source><\/source><\/source><\/source><\/picture><\/div>\n<div class=\"info\">\n<div class=\"caption\">\n<p><span>Giorgia meloni se ve durante una conferencia de prensa. Giorgia Meloni, l\u00edder del partido de extrema derecha y conservador, Fratelli d&#8217;Italia (hermanos de Italia), coment\u00f3 sobre la victoria del partido en las elecciones italianas, celebrada el 25 de septiembre de 2022, en el Hotel Parco Principi en Roma.<\/span> <span>(Valeria Ferraro\/SOPA Images\/LighTrocket a trav\u00e9s de Getty Images)<\/span><\/p>\n<\/div>\n<\/div>\n<\/div>\n<p>La tercera econom\u00eda m\u00e1s grande de la UE ha crecido cada trimestre desde el final de la pandemia, aunque, como muchos pa\u00edses, la tasa de crecimiento se ha desacelerado. <\/p>\n<p>Al mismo tiempo, el nivel de deuda como porcentaje del PIB cay\u00f3 al 135% el a\u00f1o pasado versus 138% en 2022 cuando el primer ministro italiano Georgia Meloni se hizo cargo.<\/p>\n<p>Meloni ha sido acreditado con su postura dura sobre los migrantes ilegales. En 2024, el n\u00famero de migrantes totaliz\u00f3 67,317, casi un 60% de 157,651 el a\u00f1o anterior. La ca\u00edda es al menos en parte debido a un acuerdo entre Italia y Albania para mejorar los controles fronterizos, creando formas legales para inmigrar y disuadir la entrada ilegal al pa\u00eds. <\/p>\n<p>Los asaltos violentos fueron bajos en 110 por cada 100,000 residentes.<\/p>\n<p><strong>El secreto mejor guardado de Europa: Polonia, el tigre econ\u00f3mico de la regi\u00f3n<\/strong><\/p>\n<h3>Polonia<\/h3>\n<p>La econom\u00eda de Polonia creci\u00f3 un 2,9% el a\u00f1o pasado, un poco m\u00e1s que el crecimiento estimado de 2.8% en los Estados Unidos, todo mientras reforzaba su sector de defensa y alberga una afluencia de ucranianos debido a la guerra rusa-ucraniana.<br \/>\u00abPolonia es una potencia y tiene orgullo nacional\u00bb, dice Habib. \u00abEs un pa\u00eds fenomenal\u00bb.<\/p>\n<p>El pa\u00eds tambi\u00e9n tiene un bajo nivel de solicitudes de asilo de 9,513 y 17.038 en 2023 y 2024, respectivamente. Eso se compara con 237,314 en la vecina Alemania.<\/p>\n<div class=\"image-ct inline\">\n<div class=\"m\"><picture><source media=\"(max-width: 767px)\" srcset=\"https:\/\/a57.foxnews.com\/static.foxnews.com\/foxnews.com\/content\/uploads\/2024\/05\/343\/192\/Poland.jpg?ve=1&amp;tl=1, https:\/\/a57.foxnews.com\/static.foxnews.com\/foxnews.com\/content\/uploads\/2024\/05\/686\/384\/Poland.jpg?ve=1&amp;tl=1 2x\" height=\"192\" width=\"343\"><source media=\"(min-width: 768px) and (max-width: 1023px)\" srcset=\"https:\/\/a57.foxnews.com\/static.foxnews.com\/foxnews.com\/content\/uploads\/2024\/05\/672\/378\/Poland.jpg?ve=1&amp;tl=1, https:\/\/a57.foxnews.com\/static.foxnews.com\/foxnews.com\/content\/uploads\/2024\/05\/1344\/756\/Poland.jpg?ve=1&amp;tl=1 2x\" height=\"378\" width=\"672\"><source media=\"(min-width: 1024px) and (max-width: 1279px)\" srcset=\"https:\/\/a57.foxnews.com\/static.foxnews.com\/foxnews.com\/content\/uploads\/2024\/05\/931\/523\/Poland.jpg?ve=1&amp;tl=1, https:\/\/a57.foxnews.com\/static.foxnews.com\/foxnews.com\/content\/uploads\/2024\/05\/1862\/1046\/Poland.jpg?ve=1&amp;tl=1 2x\" height=\"523\" width=\"931\"><source media=\"(min-width: 1280px)\" srcset=\"https:\/\/a57.foxnews.com\/static.foxnews.com\/foxnews.com\/content\/uploads\/2024\/05\/720\/405\/Poland.jpg?ve=1&amp;tl=1, https:\/\/a57.foxnews.com\/static.foxnews.com\/foxnews.com\/content\/uploads\/2024\/05\/1440\/810\/Poland.jpg?ve=1&amp;tl=1 2x\" height=\"405\" width=\"720\"><img loading=\"lazy\" decoding=\"async\" src=\"https:\/\/a57.foxnews.com\/static.foxnews.com\/foxnews.com\/content\/uploads\/2024\/05\/1200\/675\/Poland.jpg?ve=1&amp;tl=1\" alt=\"Marcha de los agricultores polacos\" width=\"1200\" height=\"675\"\/><\/source><\/source><\/source><\/source><\/picture><\/div>\n<div class=\"info\">\n<div class=\"caption\">\n<p><span>Los agricultores polacos y otros manifestantes se re\u00fanen en el centro de Varsovia para protestar por las pol\u00edticas clim\u00e1ticas de la Uni\u00f3n Europea y el gobierno pro-UE de Polonia, en Varsovia, Polonia, el 10 de mayo de 2024.<\/span> <span>(AP Photo\/Czarek Sokolowski)<\/span><\/p>\n<\/div>\n<\/div>\n<\/div>\n<p>Es probable que los niveles de reclamos de asilo en Polonia sigan siendo bajos a medida que el primer ministro Donald Tusk duplic\u00f3 la inmigraci\u00f3n ilegal. A fines del mes pasado (marzo) suspendi\u00f3 temporalmente los derechos de los inmigrantes para reclamar asilo. <\/p>\n<p>\u00abCreo que es necesario fortalecer la seguridad de nuestras fronteras y la seguridad de los polacos\u00bb, dijo el presidente de Polonia, Andrzej Duda, quien firm\u00f3 el proyecto de ley, seg\u00fan lo informado por Euro News. <\/p>\n<p><strong>Hungr\u00eda dice que se retira de la corte penal internacional mientras el primer ministro israel\u00ed Netanyahu visita el pa\u00eds<\/strong><\/p>\n<p>Polonia tuvo la clasificaci\u00f3n de asalto violento m\u00e1s bajo en la lista de la OCDE en dos casos por 100,000<\/p>\n<h3>Hungr\u00eda<\/h3>\n<div class=\"image-ct inline\">\n<div class=\"m\"><picture><source media=\"(max-width: 767px)\" srcset=\"https:\/\/a57.foxnews.com\/static.foxnews.com\/foxnews.com\/content\/uploads\/2024\/10\/343\/192\/orban-2.png?ve=1&amp;tl=1, https:\/\/a57.foxnews.com\/static.foxnews.com\/foxnews.com\/content\/uploads\/2024\/10\/686\/384\/orban-2.png?ve=1&amp;tl=1 2x\" height=\"192\" width=\"343\"><source media=\"(min-width: 768px) and (max-width: 1023px)\" srcset=\"https:\/\/a57.foxnews.com\/static.foxnews.com\/foxnews.com\/content\/uploads\/2024\/10\/672\/378\/orban-2.png?ve=1&amp;tl=1, https:\/\/a57.foxnews.com\/static.foxnews.com\/foxnews.com\/content\/uploads\/2024\/10\/1344\/756\/orban-2.png?ve=1&amp;tl=1 2x\" height=\"378\" width=\"672\"><source media=\"(min-width: 1024px) and (max-width: 1279px)\" srcset=\"https:\/\/a57.foxnews.com\/static.foxnews.com\/foxnews.com\/content\/uploads\/2024\/10\/931\/523\/orban-2.png?ve=1&amp;tl=1, https:\/\/a57.foxnews.com\/static.foxnews.com\/foxnews.com\/content\/uploads\/2024\/10\/1862\/1046\/orban-2.png?ve=1&amp;tl=1 2x\" height=\"523\" width=\"931\"><source media=\"(min-width: 1280px)\" srcset=\"https:\/\/a57.foxnews.com\/static.foxnews.com\/foxnews.com\/content\/uploads\/2024\/10\/720\/405\/orban-2.png?ve=1&amp;tl=1, https:\/\/a57.foxnews.com\/static.foxnews.com\/foxnews.com\/content\/uploads\/2024\/10\/1440\/810\/orban-2.png?ve=1&amp;tl=1 2x\" height=\"405\" width=\"720\"><img loading=\"lazy\" decoding=\"async\" src=\"https:\/\/a57.foxnews.com\/static.foxnews.com\/foxnews.com\/content\/uploads\/2024\/10\/1200\/675\/orban-2.png?ve=1&amp;tl=1\" alt=\"Viktor Orban habla\" width=\"1200\" height=\"675\"\/><\/source><\/source><\/source><\/source><\/picture><\/div>\n<div class=\"info\">\n<div class=\"caption\">\n<p><span>El primer ministro h\u00fangaro y presidente del Consejo de la UE, Viktor Orban, habla mientras asiste a la reuni\u00f3n anual de la liga en Pontida, al norte de Mil\u00e1n, Italia, domingo 6 de octubre de 2024.<\/span> <span>(Photo AP\/Antonio Calanni)<\/span><\/p>\n<\/div>\n<\/div>\n<\/div>\n<p>La econom\u00eda de Hungr\u00eda sufri\u00f3 un rev\u00e9s en 2023, pero ahora se est\u00e1 recuperando, con un crecimiento del 0,4% en el cuarto trimestre del a\u00f1o pasado. Analistas del Proyecto de Econom\u00eda Comercial de que el pa\u00eds crecer\u00e1 en un 2,7% el pr\u00f3ximo a\u00f1o y 3.6% en 2027.<\/p>\n<p><strong><u>Haga clic aqu\u00ed para obtener la aplicaci\u00f3n Fox News<\/u><\/strong><strong> <\/strong><\/p>\n<p>La migraci\u00f3n desde fuera de Europa se ha mantenido baja en 57,000 en 2022 versus 45,000 en 2023. El primer ministro h\u00fangaro, Victor Orban, tuite\u00f3 recientemente: \u00abNo tengas miedo de estar solo. Cuando otros 26 aceptaron la migraci\u00f3n masiva, construimos una cerca y dijimos que no. Ahora, cada vez m\u00e1s PMS dicen exactamente lo que Hungr\u00eda dijo hace diez a\u00f1os, nos di cuenta de que ten\u00edamos raz\u00f3n\u00bb. <\/p>\n<p>Los asaltos violentos en Hungr\u00eda se clasificaron con 124 casos por cada 100,000 personas.<\/p>\n<p><i>Kristine Parks de Fox News Digital contribuy\u00f3 a este art\u00edculo. <\/i><\/p>\n<p> <!----> <\/p>\n<div class=\"article-meta\">\n<div class=\"author-bio\">\n<p>Simon Constable escribe para una variedad de publicaciones l\u00edderes y es miembro del Instituto Johns Hopkins para la Econom\u00eda Aplicada, la Salud Global y el Estudio de la Empresa Comercial.<\/p>\n<\/div>\n<\/div>\n<\/div>\n\n","protected":false},"excerpt":{"rendered":"<p>Despu\u00e9s de la advertencia del vicepresidente JD Vance de que Europa estaba en riesgo de \u00abparticipar en suicidio civilizacional\u00bb, el continente ha sido bajo el microscopio por no tratar en gran medida con la migraci\u00f3n masiva de los pa\u00edses del tercer mundo. Asociado con eso ha sido un aumento masivo de delitos violentos y una &hellip;<\/p>\n","protected":false},"author":1,"featured_media":21780,"comment_status":"open","ping_status":"open","sticky":false,"template":"","format":"standard","meta":{"fifu_image_url":"https:\/\/static.foxnews.com\/foxnews.com\/content\/uploads\/2025\/03\/vance-eu-3.jpg","fifu_image_alt":"","footnotes":""},"categories":[13],"tags":[],"class_list":["post-21778","post","type-post","status-publish","format-standard","has-post-thumbnail","","category-mundo"],"_links":{"self":[{"href":"https:\/\/noticiasveraces.com\/index.php?rest_route=\/wp\/v2\/posts\/21778","targetHints":{"allow":["GET"]}}],"collection":[{"href":"https:\/\/noticiasveraces.com\/index.php?rest_route=\/wp\/v2\/posts"}],"about":[{"href":"https:\/\/noticiasveraces.com\/index.php?rest_route=\/wp\/v2\/types\/post"}],"author":[{"embeddable":true,"href":"https:\/\/noticiasveraces.com\/index.php?rest_route=\/wp\/v2\/users\/1"}],"replies":[{"embeddable":true,"href":"https:\/\/noticiasveraces.com\/index.php?rest_route=%2Fwp%2Fv2%2Fcomments&post=21778"}],"version-history":[{"count":0,"href":"https:\/\/noticiasveraces.com\/index.php?rest_route=\/wp\/v2\/posts\/21778\/revisions"}],"wp:featuredmedia":[{"embeddable":true,"href":"https:\/\/noticiasveraces.com\/index.php?rest_route=\/wp\/v2\/media\/21780"}],"wp:attachment":[{"href":"https:\/\/noticiasveraces.com\/index.php?rest_route=%2Fwp%2Fv2%2Fmedia&parent=21778"}],"wp:term":[{"taxonomy":"category","embeddable":true,"href":"https:\/\/noticiasveraces.com\/index.php?rest_route=%2Fwp%2Fv2%2Fcategories&post=21778"},{"taxonomy":"post_tag","embeddable":true,"href":"https:\/\/noticiasveraces.com\/index.php?rest_route=%2Fwp%2Fv2%2Ftags&post=21778"}],"curies":[{"name":"wp","href":"https:\/\/api.w.org\/{rel}","templated":true}]}}