{"id":21753,"date":"2025-04-06T04:34:13","date_gmt":"2025-04-06T08:34:13","guid":{"rendered":"https:\/\/noticiasveraces.com\/?p=21753"},"modified":"2025-04-06T04:34:13","modified_gmt":"2025-04-06T08:34:13","slug":"el-gigante-discreto-de-europa-dw-04-04-2025","status":"publish","type":"post","link":"https:\/\/noticiasveraces.com\/?p=21753","title":{"rendered":"el gigante discreto de Europa \u2013 DW \u2013 04\/04\/2025"},"content":{"rendered":"<p> \n<\/p>\n<div>\n<p>Si bien la <em>Campeonato<\/em> parece tener grabado ya el nombre del multicampe\u00f3n b\u00e1varo o el de las <em>Aspirina <\/em>de Xabi Alonso, la Bundesliga\u00a0que vive el resto de los equipos situados un pelda\u00f1o por debajo es bien distinta. La lucha por la permanencia, los duelos por no quedar relegados a la indiferencia del f\u00fatbol alem\u00e1n, o quiz\u00e1s la dura carrera por lograr puestos europeos. Cada equipo, a estas alturas de temporada, mira por s\u00ed mismo y libra su batalla particular. Uno de ellos es el Werder Bremen, el cual -a siete jornadas para el final del campeonato-, est\u00e1 a solo seis puntos de revivir su sue\u00f1o europeo.<\/p>\n<h2>Un equipo sin complejos<\/h2>\n<p>Cumplir la haza\u00f1a de jugar un torneo continental no es f\u00e1cil. Son multitud de factores los que cada temporada entran en juego y condicionan que un equipo florezca o perezca en el intento: lesiones, rendimiento, cambios de entrenador, fichajes, bajas de \u00faltima hora. Adem\u00e1s, para ciertos equipos con historia en Bundesliga, pisar Champions o Europa League, es casi como una obligaci\u00f3n.<\/p>\n<figure class=\"placeholder-image master_landscape big\"><img data-format=\"MASTER_LANDSCAPE\" data-id=\"72143365\" data-url=\"https:\/\/static.dw.com\/image\/72143365_${formatId}.jpg\" data-aspect-ratio=\"16\/9\" alt=\"Final de la Copa de la UEFA Estambul 2009 con aficionados del Werder Bremen portando bufandas y mu\u00f1ecos del trofeo.\" style=\"padding-bottom: 56.25%; height: 0; max-height: 0;\"\/><figcaption class=\"img-caption\">El equipo a orillas del r\u00edo Wesser se ha labrado un nombre propio en el escenario europeo a base de consistencia, car\u00e1cter y noches memorables en su emblem\u00e1tico Weserstadion. En la imagen, los aficionados disfrutan con su equipo en la final de la Copa de la UEFA de 2009.<small class=\"copyright\">Imagen: Anke Fleig\/Sven Simon\/Picture Alliance<\/small><\/figcaption><\/figure>\n<p>Es el caso del Werder Bremen. A pesar de no figurar entre los gigantes del f\u00fatbol alem\u00e1n en t\u00e9rminos de t\u00edtulos internacionales, el equipo a orillas del r\u00edo Wesser ha sabido labrarse un nombre propio en el escenario europeo a base de consistencia, car\u00e1cter y noches memorables en su emblem\u00e1tico Weserstadion. Su historial en competiciones continentales, especialmente entre las d\u00e9cadas de 1990 y 2000, es testimonio de un club que supo competir sin complejos frente a los grandes del continente.<\/p>\n<p>Particularmente destacado es el a\u00f1o 1992, pues fue ah\u00ed cuando el Bremen alz\u00f3 su primero -y hasta ahora \u00fanico- t\u00edtulo europeo. En aquella temporada 1991\/92, los verdi-blancos se coronaron campeones de la Recopa de Europa (o <em>Copa de ganadores de la Copa de la UEFA<\/em>por su nombre original en ingl\u00e9s). En una final disputada en Lisboa, el conjunto dirigido por Otto Rehhagel super\u00f3 al AS M\u00f3naco por 2-0, con goles de Klaus Allofs y Wynton Rufer. Aquello fue el fruto de una generaci\u00f3n combativa y un equipo s\u00f3lido que ya dio brotes de esperanza a\u00f1os antes, en 1989, convirti\u00e9ndose en finalista del mismo torneo al caer ante el FC Barcelona (2-0) en Berna.<\/p>\n<figure class=\"placeholder-image master_landscape big\"><img data-format=\"MASTER_LANDSCAPE\" data-id=\"72143444\" data-url=\"https:\/\/static.dw.com\/image\/72143444_${formatId}.jpg\" data-aspect-ratio=\"16\/9\" alt=\"Final de la Recopa de Europa de 1992 con Otto Rehhagel alzando el trofeo.\" style=\"padding-bottom: 56.25%; height: 0; max-height: 0;\"\/><figcaption class=\"img-caption\">Otto Rehhagel, t\u00e9cnico del Bremen en 1992, dirigi\u00f3 a los verdi-blancos en su triunfo hacia su primer y \u00fanico t\u00edtulo europeo. <small class=\"copyright\">Imagen: Sven Simon\/Picture Alliance<\/small><\/figcaption><\/figure>\n<p>En los a\u00f1os siguientes, el equipo del norte de Alemania, muy cercano a la ciudad de Hamburgo -con el que protagonizan uno de los derbis m\u00e1s apasionantes del f\u00fatbol alem\u00e1n, el Hamburger SV -demostr\u00f3 ser un rival inc\u00f3modo y competitivo en cada cita europea. En la temporada 2008\/09, tras quedar relegados a la UEFA Cup desde la fase de grupos de Champions, el Werder protagoniz\u00f3 una brillante campa\u00f1a europea que culmin\u00f3 en la final ante el Shakhtar Donetsk, donde cayeron en la pr\u00f3rroga (2-1). En su camino dejaron atr\u00e1s a clubes como el AC Milan y el Hamburgo SV, reforzando su estatus como uno de los representantes alemanes m\u00e1s constantes en Europa durante ese periodo.<\/p>\n<p>Previamente, el club tambi\u00e9n alcanz\u00f3 las semifinales de la UEFA en 2006\u201307 y los cuartos de final en 2009\u201310, donde cay\u00f3 ante el Valencia y posteriormente en la fase de play-off. Su \u00faltimo paseo por Europa fue, de hecho, con victoria ante el Inter de Mil\u00e1n, en la fase de grupos de la Champions en un g\u00e9lido diciembre de 2010, en la que cayeron eliminados.<\/p>\n<p><span data-slot-id=\"Article_InContent-1\" class=\"rich-text-ad\"\/><\/p>\n<h2>Orgullo e identidad en Bundesliga<\/h2>\n<p>Aunque en los \u00faltimos a\u00f1os sus apariciones internacionales han sido m\u00e1s espor\u00e1dicas, la historia europea del Werder permanece como una de las m\u00e1s ricas entre los clubes alemanes, fuera obviamente del selecto grupo de los Bayern o Dortmund.<\/p>\n<p>Actualmente, la plantilla del t\u00e9cnico Ole Werner se sit\u00faa a seis puntos del sexto clasificado y el equipo llega convencido que puede dar batalla en lo que resta de temporada, aunque eso sea una haza\u00f1a encomiable. Tal y como se\u00f1ala el peri\u00f3dico Bild, por ejemplo, en la historia de la Bundesliga, solo un equipo ha logrado pasar del 12\u00ba puesto o inferior al top 7 en las \u00faltimas siete jornadas: Kaiserslautern FC en la temporada 2010\/2011.<\/p>\n<figure class=\"placeholder-image master_landscape big\"><img data-format=\"MASTER_LANDSCAPE\" data-id=\"72143318\" data-url=\"https:\/\/static.dw.com\/image\/72143318_${formatId}.jpg\" data-aspect-ratio=\"16\/9\" alt=\"Marco Gr\u00fcll y Tuta en disputa por un bal\u00f3n.\" style=\"padding-bottom: 56.25%; height: 0; max-height: 0;\"\/><figcaption class=\"img-caption\">El Werder Bremen recibe al Eintracht de Frankfurt en su pr\u00f3ximo encuentro liguero. En la ida, los verdi-blancos terminaron perdiendo 1-0 a domicilio.<small class=\"copyright\">Imagen: Hans-J\u00fcrgen Schmidt\/HJS Sports Photos\/Picture Alliance<\/small><\/figcaption><\/figure>\n<p>\u00abCreo que es bueno que el equipo sea consciente de su responsabilidad y deje claro que no se rinde en la temporada\u00bb, dice Peter Niemeyer, director deportivo del club verdi-blanco en una entrevista con BILD.<\/p>\n<p>De hecho, ya ha ganado frente a rivales como Bayer Leverkusen o la revelaci\u00f3n, el Mainz 05, por lo que existe un rayo de espeanza, tambi\u00e9n mirando hacia los futuros enfrentamientos.<\/p>\n<p>\u00abEn general, tenemos por delante un calendario en el que hemos sumado muchos puntos en la primera mitad de la temporada\u00bb, dice Werner sobre sus pr\u00f3ximos rivales como el Bochum, el St. Pauli y el Union, que ya derrotaron en la primera vuelta. \u00abQueremos repetirlo\u00bb, se\u00f1ala.<\/p>\n<p>As\u00ed que, con una buena actuaci\u00f3n final, por qu\u00e9 no optar por la tan ansiada marca europea, una competici\u00f3n que no pisan desde hace 15 a\u00f1os. Mientras, el Weserstadion, testigo de citas vibrantes, espera y guarda en su memoria una promesa latente: la de volver, alg\u00fan d\u00eda, a vibrar en Europa.<\/p>\n<p>(de)<\/p>\n<\/div>\n\n","protected":false},"excerpt":{"rendered":"<p>Si bien la Campeonato parece tener grabado ya el nombre del multicampe\u00f3n b\u00e1varo o el de las Aspirina de Xabi Alonso, la Bundesliga\u00a0que vive el resto de los equipos situados un pelda\u00f1o por debajo es bien distinta. La lucha por la permanencia, los duelos por no quedar relegados a la indiferencia del f\u00fatbol alem\u00e1n, o &hellip;<\/p>\n","protected":false},"author":1,"featured_media":21754,"comment_status":"open","ping_status":"open","sticky":false,"template":"","format":"standard","meta":{"fifu_image_url":"https:\/\/static.dw.com\/image\/72143494_6.jpg","fifu_image_alt":"","footnotes":""},"categories":[13],"tags":[],"class_list":["post-21753","post","type-post","status-publish","format-standard","has-post-thumbnail","","category-mundo"],"_links":{"self":[{"href":"https:\/\/noticiasveraces.com\/index.php?rest_route=\/wp\/v2\/posts\/21753","targetHints":{"allow":["GET"]}}],"collection":[{"href":"https:\/\/noticiasveraces.com\/index.php?rest_route=\/wp\/v2\/posts"}],"about":[{"href":"https:\/\/noticiasveraces.com\/index.php?rest_route=\/wp\/v2\/types\/post"}],"author":[{"embeddable":true,"href":"https:\/\/noticiasveraces.com\/index.php?rest_route=\/wp\/v2\/users\/1"}],"replies":[{"embeddable":true,"href":"https:\/\/noticiasveraces.com\/index.php?rest_route=%2Fwp%2Fv2%2Fcomments&post=21753"}],"version-history":[{"count":0,"href":"https:\/\/noticiasveraces.com\/index.php?rest_route=\/wp\/v2\/posts\/21753\/revisions"}],"wp:featuredmedia":[{"embeddable":true,"href":"https:\/\/noticiasveraces.com\/index.php?rest_route=\/wp\/v2\/media\/21754"}],"wp:attachment":[{"href":"https:\/\/noticiasveraces.com\/index.php?rest_route=%2Fwp%2Fv2%2Fmedia&parent=21753"}],"wp:term":[{"taxonomy":"category","embeddable":true,"href":"https:\/\/noticiasveraces.com\/index.php?rest_route=%2Fwp%2Fv2%2Fcategories&post=21753"},{"taxonomy":"post_tag","embeddable":true,"href":"https:\/\/noticiasveraces.com\/index.php?rest_route=%2Fwp%2Fv2%2Ftags&post=21753"}],"curies":[{"name":"wp","href":"https:\/\/api.w.org\/{rel}","templated":true}]}}