{"id":21749,"date":"2025-04-06T02:31:28","date_gmt":"2025-04-06T06:31:28","guid":{"rendered":"https:\/\/noticiasveraces.com\/?p=21749"},"modified":"2025-04-06T02:31:28","modified_gmt":"2025-04-06T06:31:28","slug":"hamas-difunde-video-que-muestra-vivos-a-2-rehenes-israelies-dw-06-04-2025","status":"publish","type":"post","link":"https:\/\/noticiasveraces.com\/?p=21749","title":{"rendered":"Ham\u00e1s difunde video que muestra vivos a 2 rehenes israel\u00edes \u2013 DW \u2013 06\/04\/2025"},"content":{"rendered":"<p> \n<\/p>\n<div>\n<p>El brazo armado de Ham\u00e1s difundi\u00f3 este s\u00e1bado (05.03.2025) un video en el que aparecen vivos dos rehenes israel\u00edes en Gaza, que hablan a la c\u00e1mara y describen c\u00f3mo sobrevivieron a un supuesto bombardeo israel\u00ed.<\/p>\n<p>Las im\u00e1genes, difundidas por las Brigadas Ezedin al Qasam, duran poco m\u00e1s de dos minutos y en ellas uno de los hombres aparece con un vendaje en la mejilla derecha y otro en la mano derecha. AFP no pudo verificar la autenticidad del video ni cu\u00e1ndo fue filmado.<\/p>\n<p>El Foro de familias de rehenes, principal organizaci\u00f3n militante para la liberaci\u00f3n de los israel\u00edes secuestrados en la Franja de Gaza, indic\u00f3 que identific\u00f3 a uno de los dos rehenes como Maxim Herkin, cuya familia pidi\u00f3 a la prensa no publicar el video.<\/p>\n<p>Seg\u00fan medios israel\u00edes, el segundo reh\u00e9n es el soldado Bar Kuperstein. Ambos fueron secuestrados el 7 de octubre de 2023 durante el ataque contra el festival de m\u00fasica Nova por comandos de Ham\u00e1s.<\/p>\n<p>Bar Kuperstein, de 21 a\u00f1os en el momento del ataque, es originario de Holon, en los suburbios de Tel Aviv. Fue secuestrado cuando trataba de ayudar a los participantes en el festival Nova.<\/p>\n<h2>Ofensiva terrestre en Gaza<\/h2>\n<p>Maxim Herkin, quien tiene adem\u00e1s la nacionalidad rusa, ten\u00eda 35 a\u00f1os cuando ocurrieron los hechos. Originario de Ucrania, emigr\u00f3 a Israel con su madre. Padre de una ni\u00f1a, escribi\u00f3 a su madre justo antes de su secuestro: \u00abTodo va bien. Regreso a casa\u00bb.<\/p>\n<p>Las im\u00e1genes se hicieron p\u00fablicas un d\u00eda despu\u00e9s de que las fuerzas israel\u00edes lanzaran una ofensiva terrestre en Ciudad de Gaza, en la zona de Shujaiya, \u00abcon el fin de ampliar la zona de seguridad\u00bb en el territorio palestino.<\/p>\n<p>El brazo armado de Ham\u00e1s afirm\u00f3 el viernes que la ofensiva israel\u00ed pon\u00eda en peligro la vida de los rehenes.<\/p>\n<p>Durante su ataque del 7 de octubre de 2023 contra Israel, que desencaden\u00f3 la guerra en Gaza, combatientes palestinos secuestraron a 251 personas, de las cuales 58 permanecen cautivas, incluidas 34 que habr\u00edan muerto, seg\u00fan el ej\u00e9rcito israel\u00ed.<\/p>\n<p>Durante un reciente alto el fuego que finaliz\u00f3 el 18 de marzo, cuando Israel reanud\u00f3 los bombardeos en Gaza, los milicianos islamistas liberaron a 33 rehenes, ocho de ellos muertos.<\/p>\n<p>Mg (AFP, The Times of Israel)<\/p>\n<\/p>\n<\/div>\n\n","protected":false},"excerpt":{"rendered":"<p>El brazo armado de Ham\u00e1s difundi\u00f3 este s\u00e1bado (05.03.2025) un video en el que aparecen vivos dos rehenes israel\u00edes en Gaza, que hablan a la c\u00e1mara y describen c\u00f3mo sobrevivieron a un supuesto bombardeo israel\u00ed. Las im\u00e1genes, difundidas por las Brigadas Ezedin al Qasam, duran poco m\u00e1s de dos minutos y en ellas uno de &hellip;<\/p>\n","protected":false},"author":1,"featured_media":21750,"comment_status":"open","ping_status":"open","sticky":false,"template":"","format":"standard","meta":{"fifu_image_url":"https:\/\/static.dw.com\/image\/71752296_6.jpg","fifu_image_alt":"","footnotes":""},"categories":[13],"tags":[],"class_list":["post-21749","post","type-post","status-publish","format-standard","has-post-thumbnail","","category-mundo"],"_links":{"self":[{"href":"https:\/\/noticiasveraces.com\/index.php?rest_route=\/wp\/v2\/posts\/21749","targetHints":{"allow":["GET"]}}],"collection":[{"href":"https:\/\/noticiasveraces.com\/index.php?rest_route=\/wp\/v2\/posts"}],"about":[{"href":"https:\/\/noticiasveraces.com\/index.php?rest_route=\/wp\/v2\/types\/post"}],"author":[{"embeddable":true,"href":"https:\/\/noticiasveraces.com\/index.php?rest_route=\/wp\/v2\/users\/1"}],"replies":[{"embeddable":true,"href":"https:\/\/noticiasveraces.com\/index.php?rest_route=%2Fwp%2Fv2%2Fcomments&post=21749"}],"version-history":[{"count":0,"href":"https:\/\/noticiasveraces.com\/index.php?rest_route=\/wp\/v2\/posts\/21749\/revisions"}],"wp:featuredmedia":[{"embeddable":true,"href":"https:\/\/noticiasveraces.com\/index.php?rest_route=\/wp\/v2\/media\/21750"}],"wp:attachment":[{"href":"https:\/\/noticiasveraces.com\/index.php?rest_route=%2Fwp%2Fv2%2Fmedia&parent=21749"}],"wp:term":[{"taxonomy":"category","embeddable":true,"href":"https:\/\/noticiasveraces.com\/index.php?rest_route=%2Fwp%2Fv2%2Fcategories&post=21749"},{"taxonomy":"post_tag","embeddable":true,"href":"https:\/\/noticiasveraces.com\/index.php?rest_route=%2Fwp%2Fv2%2Ftags&post=21749"}],"curies":[{"name":"wp","href":"https:\/\/api.w.org\/{rel}","templated":true}]}}