{"id":21742,"date":"2025-04-06T01:30:53","date_gmt":"2025-04-06T05:30:53","guid":{"rendered":"https:\/\/noticiasveraces.com\/?p=21742"},"modified":"2025-04-06T01:30:53","modified_gmt":"2025-04-06T05:30:53","slug":"miles-protestan-en-espana-contra-alto-precio-de-alquileres-dw-06-04-2025","status":"publish","type":"post","link":"https:\/\/noticiasveraces.com\/?p=21742","title":{"rendered":"Miles protestan en Espa\u00f1a contra alto precio de alquileres \u2013 DW \u2013 06\/04\/2025"},"content":{"rendered":"<p> \n<\/p>\n<div>\n<p>Miles de personas se manifestaron el s\u00e1bado (05.04.2025) en 40\u00a0ciudades de Espa\u00f1a\u00a0en protesta por la carest\u00eda y la escasez de vivienda, convocadas por asociaciones de inquilinos y movimientos vecinales que exigen una rebaja del 50 % en los alquileres y terminar con los rentistas, entre otras reclamaciones.<\/p>\n<p>Los manifestantes marcharon contra el \u00abnegocio\u00bb de la vivienda y exigir la bajada del precio de unos alquileres que denuncian cada vez son m\u00e1s altos e inaccesibles.<\/p>\n<p>Bajo el lema &#8216;Acabemos con el negocio de la vivienda&#8217;, m\u00e1s de 4.000 entidades de toda Espa\u00f1a se adhirieron a esta convocatoria y hubo manifestaciones por toda Espa\u00f1a.<\/p>\n<p>La marcha m\u00e1s numerosa de la ma\u00f1ana tuvo lugar en Madrid, donde los organizadores elevaron la participaci\u00f3n entre 100.000 y 150.000 manifestantes, cifra que las autoridades rebajaron a 15.000.<\/p>\n<p>Por la tarde, miles de personas volvieron a la calle en Barcelona, como hicieron el pasado 23 de noviembre.<\/p>\n<h2>Clamor contra \u00abel negocio de la vivienda\u00bb<\/h2>\n<p>En Andaluc\u00eda (sur) hubo protestas en varias capitales, entre ellas M\u00e1laga, una de las ciudades espa\u00f1olas donde m\u00e1s se encarecieron las viviendas en los \u00faltimos a\u00f1os y cuyos habitantes se han manifestado tres veces por el mismo asunto en menos de un a\u00f1o.<\/p>\n<p>En las Islas Baleares fueron miles los que recorrieron las calles por el derecho a la vivienda y contra la especulaci\u00f3n y masificaci\u00f3n tur\u00edstica y lo mismo ocurri\u00f3 en un total de 40 localidades de toda Espa\u00f1a.<\/p>\n<figure class=\"placeholder-image master_landscape big\"><img data-format=\"MASTER_LANDSCAPE\" data-id=\"72151930\" data-url=\"https:\/\/static.dw.com\/image\/72151930_${formatId}.jpg\" data-aspect-ratio=\"16\/9\" alt=\"Manifestaci\u00f3n contra el elevado coste de la vivienda en Barcelona.\" style=\"padding-bottom: 56.25%; height: 0; max-height: 0;\"\/><figcaption class=\"img-caption\">Manifestaci\u00f3n contra el elevado coste de la vivienda en Barcelona.<small class=\"copyright\">Imagen: Emilio Morenatti\/AP Photo\/Picture Alliance<\/small><\/figcaption><\/figure>\n<p>Los convocantes piden contratos de alquiler indefinidos, la recuperaci\u00f3n de viviendas vac\u00edas, tur\u00edsticas y en alquiler de temporada, que se proh\u00edba la compra de casas si no es para vivir en ellas, que se \u00abdesarticulen\u00bb los grupos de desocupaci\u00f3n y la ampliaci\u00f3n del parque p\u00fablico de vivienda.<\/p>\n<p>El foco de sus cr\u00edticas es el Gobierno espa\u00f1ol, al que acusan de estar del lado de los \u00abrentistas\u00bb y no hacer nada para frenar la especulaci\u00f3n, las inmobiliarias, los portales y las plataformas de alquiler tur\u00edstico.<\/p>\n<p>Los manifestantes exigieron que \u00abgobierne quien gobierne\u00bb se defienda el derecho a la vivienda.<\/p>\n<p><span data-slot-id=\"Article_InContent-1\" class=\"rich-text-ad\"\/><\/p>\n<h2>Faltan viviendas y suelo<\/h2>\n<p>La ministra espa\u00f1ola de Vivienda, Isabel Rodr\u00edguez, dijo en su cuenta de X: \u00abMuchas personas han salido a la calle para reclamar algo que comparto: las viviendas deben ser para vivir y no para especular. Solo lo lograremos si todas las administraciones nos comprometemos por igual\u00bb.<\/p>\n<p>La portavoz del Gobierno y ministra de Educaci\u00f3n, Pilar Alegr\u00eda, inst\u00f3 a las regiones -las \u00abprincipales responsables\u00bb y \u00abcompetentes\u00bb para ello- a que apliquen la ley de vivienda.<\/p>\n<p>El Banco de Espa\u00f1a calcula que hacen falta cerca de medio mill\u00f3n de casas para cubrir la demanda, al tiempo que el sector denuncia la falta de suelo finalista y el bloqueo de la reforma de la ley de suelo, la falta de agilidad en los tr\u00e1mites y licencias y la elevada carga impositiva que soporta la vivienda.<\/p>\n<p>JC (EFE, AFP, DPA, AP, Cadena Ser)<\/p>\n<\/p>\n<\/div>\n\n","protected":false},"excerpt":{"rendered":"<p>Miles de personas se manifestaron el s\u00e1bado (05.04.2025) en 40\u00a0ciudades de Espa\u00f1a\u00a0en protesta por la carest\u00eda y la escasez de vivienda, convocadas por asociaciones de inquilinos y movimientos vecinales que exigen una rebaja del 50 % en los alquileres y terminar con los rentistas, entre otras reclamaciones. Los manifestantes marcharon contra el \u00abnegocio\u00bb de la &hellip;<\/p>\n","protected":false},"author":1,"featured_media":21743,"comment_status":"open","ping_status":"open","sticky":false,"template":"","format":"standard","meta":{"fifu_image_url":"https:\/\/static.dw.com\/image\/72151394_6.jpg","fifu_image_alt":"","footnotes":""},"categories":[13],"tags":[],"class_list":["post-21742","post","type-post","status-publish","format-standard","has-post-thumbnail","","category-mundo"],"_links":{"self":[{"href":"https:\/\/noticiasveraces.com\/index.php?rest_route=\/wp\/v2\/posts\/21742","targetHints":{"allow":["GET"]}}],"collection":[{"href":"https:\/\/noticiasveraces.com\/index.php?rest_route=\/wp\/v2\/posts"}],"about":[{"href":"https:\/\/noticiasveraces.com\/index.php?rest_route=\/wp\/v2\/types\/post"}],"author":[{"embeddable":true,"href":"https:\/\/noticiasveraces.com\/index.php?rest_route=\/wp\/v2\/users\/1"}],"replies":[{"embeddable":true,"href":"https:\/\/noticiasveraces.com\/index.php?rest_route=%2Fwp%2Fv2%2Fcomments&post=21742"}],"version-history":[{"count":0,"href":"https:\/\/noticiasveraces.com\/index.php?rest_route=\/wp\/v2\/posts\/21742\/revisions"}],"wp:featuredmedia":[{"embeddable":true,"href":"https:\/\/noticiasveraces.com\/index.php?rest_route=\/wp\/v2\/media\/21743"}],"wp:attachment":[{"href":"https:\/\/noticiasveraces.com\/index.php?rest_route=%2Fwp%2Fv2%2Fmedia&parent=21742"}],"wp:term":[{"taxonomy":"category","embeddable":true,"href":"https:\/\/noticiasveraces.com\/index.php?rest_route=%2Fwp%2Fv2%2Fcategories&post=21742"},{"taxonomy":"post_tag","embeddable":true,"href":"https:\/\/noticiasveraces.com\/index.php?rest_route=%2Fwp%2Fv2%2Ftags&post=21742"}],"curies":[{"name":"wp","href":"https:\/\/api.w.org\/{rel}","templated":true}]}}