{"id":21740,"date":"2025-04-06T01:07:20","date_gmt":"2025-04-06T05:07:20","guid":{"rendered":"https:\/\/noticiasveraces.com\/?p=21740"},"modified":"2025-04-06T01:07:20","modified_gmt":"2025-04-06T05:07:20","slug":"las-universidades-privadas-de-prestigio-ante-el-cambio-el-foco-esta-en-la-calidad-educacion","status":"publish","type":"post","link":"https:\/\/noticiasveraces.com\/?p=21740","title":{"rendered":"Las universidades privadas de prestigio, ante el cambio: \u201cEl foco est\u00e1 en la calidad\u201d | Educaci\u00f3n"},"content":{"rendered":"<p> \n<\/p>\n<div data-dtm-region=\"articulo_cuerpo\">\n<p class=\"\">La expectaci\u00f3n reina entre las universidades del pa\u00eds despu\u00e9s de que el presidente Pedro S\u00e1nchez anunciase el pasado lunes medidas encaminadas a endurecer los criterios para crear nuevos campus ante la proliferaci\u00f3n de entidades educativas de dudosa calidad. Aunque la normativa sin car\u00e1cter retroactivo afectar\u00e1 a las futuras privadas y p\u00fablicas por igual \u2014hoy hay 46 y 50, respectivamente\u2014, las 10 que aguardan el informe de la Conferencia General de Pol\u00edtica Universitaria, que re\u00fane al Ministerio de Ciencia y a los gobiernos auton\u00f3micos, pertenecen al sector privado, que va camino de ser mayoritario en Espa\u00f1a. En este grupo, muchas universidades tienen una larga y s\u00f3lida trayectoria, como la de Navarra o la Ramon Llull (URL) de Barcelona. Por ello, este diario se ha interesado en saber qu\u00e9 piensan al respecto. De las cuatro que han querido dar su opini\u00f3n \u2014tres han declinado participar\u2014, todas hacen una valoraci\u00f3n positiva de la reforma, aunque con alguna reserva.<\/p>\n<p class=\"\">El rector de la URL, Josep Antoni Rom, razona que \u201cla falta de financiaci\u00f3n que sufren las p\u00fablicas las ha debilitado y ha favorecido la aparici\u00f3n de privadas para llenar huecos descubiertos\u201d. Lo comenta en referencia a la situaci\u00f3n que vive Madrid. El presidente S\u00e1nchez se mantiene cr\u00edtico con el panorama. \u201cUna universidad no puede ser una m\u00e1quina expendedora ni convertirse en un chiringuito educativo\u201d, dijo esta semana.<\/p>\n<p class=\"\">Hay proyectos que se pretenden instalar en una planta de un edificio de oficinas y en pol\u00edgonos, otros presentan un aval de 3.000 euros. Si el ritmo de creaci\u00f3n no se frena, en unos meses las universidades que no son de titularidad p\u00fablica ser\u00e1n mayor\u00eda y con una calidad en tela de juicio en muchas ocasiones.<\/p>\n<p class=\"\">Rom explica que \u201cuna de las claves de la continuidad y la supervivencia de las privadas es ubicarse en un lugar donde la oferta p\u00fablica sea d\u00e9bil\u201d, adem\u00e1s del renombre. La Administraci\u00f3n no abre ning\u00fan campus desde 1998, la Polit\u00e9cnica de Cartagena. Mientras, el sector que no es de titularidad estatal, puso en marcha 31 en este lapso.<\/p>\n<p class=\"\">\u201cLos par\u00e1metros de calidad tienen que ser muy altos para que un alumno decida pagar los precios de una matr\u00edcula elevada, cuando puede estudiar en una p\u00fablica\u201d, a juicio de Rom. El rector insiste en que si alguien decide costear una privada es por el prestigio que la acompa\u00f1a, pero realmente muchos estudiantes recurren a esta opci\u00f3n al no alcanzar la nota de corte exigida para acceder a los grados que desean. Solo un pu\u00f1ado, como la Ramon Llull, son contempladas como primera opci\u00f3n.<\/p>\n<p class=\"\">Los alumnos inscritos en m\u00e1steres privados son la mayor\u00eda y hay m\u00e1s estudiantes de primero de Medicina en Madrid, pagando hasta 23.000 euros por curso, que en los campus p\u00fablicos, donde los costes rondan los 1.240 euros anuales.<\/p>\n<p class=\"\">\u00c0ngels Fit\u00f3, Rector de la Universidad Abierta de Catalu\u00f1a (UOC) &#8211; Fundaci\u00f3n privada con preciosos p\u00fablicos, que brinda capacitaci\u00f3n <i>en l\u00ednea<\/i>\u2015, valora de forma positiva la reforma, que espera ver la luz en mayo. Con la nueva normativa, las universidades a distancia ser\u00e1n autorizadas con la aprobaci\u00f3n de las Cortes Generales al ser implantadas en todo el territorio nacional.<\/p>\n<p class=\"\">Fit\u00f3 cree que la modificaci\u00f3n del decreto \u201csolucionar\u00e1 una anomal\u00eda que se produce en Espa\u00f1a al no ser los informes de las agencias de calidad vinculantes, algo que no sucede en el resto de Europa\u201d. Lo que propone el Gobierno es a\u00f1adir un informe preceptivo, y esta vez s\u00ed vinculante, que debe realizar la agencia de evaluaci\u00f3n ANECA o sus hom\u00f3logas auton\u00f3micas. La rectora piensa que la decisi\u00f3n \u201ces buena para el conjunto del sistema\u201d porque favorecer\u00e1 la confianza ciudadana en la val\u00eda de los campus.<\/p>\n<figure class=\"a_m a_m-h \"><span class=\"_db a_m_w _pr lb_btn\"><img alt=\"La ministra de Ciencia, Innovaci\u00f3n y Universidades, Diana Morant, en un acto de apoyo a la universidad p\u00fablica, el pasado marzo en Escuelas P\u00edas de la UNED, en Madrid.\" decoding=\"auto\" class=\"_re lazyload a_m-h\" height=\"276\" srcset=\"https:\/\/imagenes.elpais.com\/resizer\/v2\/SBVG63HZV5GI5HOQ5VGCJ72NX4.jpg?auth=bd29055a2ccef71a87f6e0e3daaf364875f9f08da199232a266222d10d09bae3&amp;width=414 414w,https:\/\/imagenes.elpais.com\/resizer\/v2\/SBVG63HZV5GI5HOQ5VGCJ72NX4.jpg?auth=bd29055a2ccef71a87f6e0e3daaf364875f9f08da199232a266222d10d09bae3&amp;width=828 640w,https:\/\/imagenes.elpais.com\/resizer\/v2\/SBVG63HZV5GI5HOQ5VGCJ72NX4.jpg?auth=bd29055a2ccef71a87f6e0e3daaf364875f9f08da199232a266222d10d09bae3&amp;width=980 1000w,https:\/\/imagenes.elpais.com\/resizer\/v2\/SBVG63HZV5GI5HOQ5VGCJ72NX4.jpg?auth=bd29055a2ccef71a87f6e0e3daaf364875f9f08da199232a266222d10d09bae3&amp;width=1960 1960w\" width=\"414\" sizes=\"auto, (min-width:1199px) 1155px,(min-width:1001px) calc(100vw - 44px),(min-width:768px) 767px, 100vw\" src=\"https:\/\/imagenes.elpais.com\/resizer\/v2\/SBVG63HZV5GI5HOQ5VGCJ72NX4.jpg?auth=bd29055a2ccef71a87f6e0e3daaf364875f9f08da199232a266222d10d09bae3&amp;width=414\" loading=\"lazy\"\/><svg aria-hidden=\"true\" class=\"icon_multimedia_ampliar | _pa a_m_i a_m_i-a _dn\" viewbox=\"0 0 40 40\"><use xlink:href=\"#svg-ampliar\"\/><\/svg><\/span><figcaption class=\"a_m_p\" aria-hidden=\"true\"><span>La ministra de Ciencia, Innovaci\u00f3n y Universidades, Diana Morant, en un acto de apoyo a la universidad p\u00fablica, el pasado marzo en Escuelas P\u00edas de la UNED, en Madrid.<\/span><span class=\"a_m_m\">Pablo Monge<\/span><\/figcaption><\/figure>\n<p class=\"\">Adem\u00e1s, ve adecuada la modificaci\u00f3n legislativa, ya que \u201ces una manera de garantizar que las iniciativas que se pongan encima de la mesa tengan realmente una vocaci\u00f3n universitaria\u201d. Exigir que exista una contribuci\u00f3n en tres de las cinco ramas del conocimiento, que haya un m\u00ednimo de 4.500 estudiantes y que se garantice la actividad investigadora le parece \u201cde lo m\u00e1s natural\u201d. A su juicio, una universidad que no investiga no debe ser considerada como tal, porque su funci\u00f3n es \u201cgenerar y transmitir conocimiento\u201d.<\/p>\n<p class=\"\">Josep Antoni Rom reconoce que la reforma responde a un cambio de paradigma en el sector. Explica que \u201cen la \u00faltima d\u00e9cada se ha producido una din\u00e1mica dif\u00edcil de imaginar hace unos a\u00f1os\u201d, en la que se ha incrementado mucho la demanda en educaci\u00f3n superior, especialmente en los m\u00e1steres.<\/p>\n<p class=\"\">\u201cNadie puede poner en duda que se ha mercantilizado con la educaci\u00f3n\u201d, a\u00f1ade Fit\u00f3. Para ella, el cambio en el decreto no resultar\u00e1 una ofensiva. \u201cLa titularidad p\u00fablica y privada hay que dejarla al margen del debate porque no tiene nada que ver en este asunto. El foco est\u00e1 en la calidad y en el negocio\u201d, defiende.<\/p>\n<p class=\"\">Rom explica que Espa\u00f1a es un polo de atracci\u00f3n de alumnos extranjeros, especialmente de Sudam\u00e9rica, y cuando hay demanda, aparecen empresas y fondos de inversiones que ven en la educaci\u00f3n superior una oportunidad de hacer negocio. \u201cNadie hab\u00eda pensado hace unos a\u00f1os que esto iba generar beneficio. Lo que nos ha pasado es que la realidad nos ha adelantado y ahora es urgente cambiar la normativa\u201d, confiesa.<\/p>\n<p class=\"\">En un ejercicio de memoria, el rector de la URL \u2014universidad nacida en 1990 de la concentraci\u00f3n de varias escuelas, como Esade, y otras con m\u00e1s de un siglo de historia\u2014 abunda que en Espa\u00f1a, al principio, existieron escuelas universitarias privadas, que a partir de la d\u00e9cada de los 80 empezaron a ser universidades y aparecieron otras nuevas, pero sin \u00e1nimo de lucro. \u201cEntonces, no se ve\u00eda la educaci\u00f3n superior con visi\u00f3n mercantilista\u201d, apunta. Todo cambia en la \u00faltima d\u00e9cada, cuando \u201cla alta demanda atrae a las empresas, que la ven como una fuente de ingresos\u201d.<\/p>\n<p class=\"\">La virtual Universidad Abierta de Europa es la decimocuarta privada que se pretende abrir en Madrid, a pesar de que cuenta con un informe negativo, preceptivo pero no vinculante, del Ministerio de Ciencia, Innovaci\u00f3n y Universidades. Diez comunidades, siete gobernadas por el PP, tambi\u00e9n votaron en contra del proyecto.<\/p>\n<p class=\"\">En el prestigioso <i>categor\u00eda <\/i>de Shangh\u00e1i, la clasificaci\u00f3n universitaria internacional m\u00e1s conocida del mundo, que posiciona un total de 1.000 entidades y valora en gran medida los m\u00e9ritos cient\u00edficos, consiguen entrar 36 universidades espa\u00f1olas, aunque solo hay una privada, la de Navarra, propiedad del Opus Dei y conocida por su apuesta en la investigaci\u00f3n. Ahora esta estudia el borrador del cambio en el real decreto.<\/p>\n<p class=\"\">A ella pertenecen la escuela de negocios IESE y la consolidada Cl\u00ednica Universidad de Navarra. \u201cComo entidad investigadora, sin \u00e1nimo de lucro y con m\u00e1s de 70 a\u00f1os, la adaptaci\u00f3n a las diferentes medidas y normativas forma parte de nuestro trabajo, y que el sistema universitario espa\u00f1ol sea de calidad y competente es muy importante para nosotros. Es algo, sin duda, en beneficio de todos\u201d, defienden fuentes de esta universidad en relaci\u00f3n a las nuevas medidas.<\/p>\n<p class=\"\">El rector de la Internacional de Catalunya (UIC) \u2014privada y tambi\u00e9n vinculada al Opus Dei\u2014, Alfonso M\u00e9ndiz, se muestra m\u00e1s reticente. Por un lado, aplaude el objetivo de \u201cponer coto a las universidades que se plantean como negocio\u201d. Por otro, considera que el decreto vigente, elaborado con Manuel Castells al frente del ministerio en 2021, ya es exigente y duda del alcance que tendr\u00e1 la modificaci\u00f3n.<\/p>\n<p class=\"\">Comenta que los nuevos requisitos de mantener un equilibrio entre docencia e investigaci\u00f3n \u2015la UIC es la segunda privada con m\u00e1s producci\u00f3n cient\u00edfica por profesor, tras Navarra\u2015 o de contar con el informe positivo de las agencias de calidad, no siempre son cumplidos por las universidades ya existentes. Seg\u00fan recalca, \u201cincluso, alguna de la p\u00fablica\u201d.<\/p>\n<p class=\"\">Asimismo, cree que en este proceso hubiera sido conveniente escuchar a la conferencia de rectores (CRUE). Estos se han estado reuniendo con el ministerio todo un a\u00f1o, pero han conocido el texto final por escrito tras pasar el tr\u00e1mite de urgencia por el Consejo de Ministros esta semana.<\/p>\n<p class=\"\">Los cargos acad\u00e9micos m\u00e1s altos de las universidades de Deusto, Pontificia Comillas y Mondrag\u00f3n, todas ellas privadas, rechazan hablar sobre este asunto con EL PA\u00cdS, que les ha contactado por ser entidades sin \u00e1nimo de lucro, con una larga tradici\u00f3n y un buen posicionamiento en <i>rankings nacionales<\/i>. Operan como fundaciones, lo que les fuerza a reinvertir las ganancias en el campus. Seg\u00fan la ministra de Universidades, Diana Morant, cumplen \u201ccon creces\u201d los requisitos del decreto.<\/p>\n<p class=\"\">La CRUE, que a\u00fana a las 50 universidades p\u00fablicas y a 27 de las 46 privadas, se pronunci\u00f3 este jueves para mostrar su rechazo a la apertura de nuevos campus a pesar de contar con evaluaciones desfavorables. Insiste en la importancia de asegurar la calidad acad\u00e9mica con financiaci\u00f3n suficiente y reitera su preocupaci\u00f3n ante la proliferaci\u00f3n de iniciativas creadoras de nuevos centros sin una verdadera consideraci\u00f3n de las necesidades reales del sistema espa\u00f1ol.<\/p>\n<h3 class=\"\">\u00abAtaque injusto\u00bb<\/h3>\n<p class=\"\">La Asociaci\u00f3n de Centros Aut\u00f3nomos de Ense\u00f1anza Privada (ACADE) \u2015integrada, entre otras, por la Universidad Europea y Alfonso X El Sabio, en manos de fondos de inversi\u00f3n, o el centro adscrito CESUGA, con un informe contrario del ministerio para su apertura en Galicia\u2015 manifiesta en un comunicado que las palabras del Gobierno \u201cson un ataque injusto e injustificado a unas instituciones que han demostrado ser clave en la mejora de la calidad educativa y en la empleabilidad de los j\u00f3venes espa\u00f1oles\u201d.<\/p>\n<p class=\"\">Recuerda que han conseguido matricular a m\u00e1s de 350.000 alumnos y que crecen cada a\u00f1o por encima del 10% con \u201ccifras sobresalientes\u201d en los indicadores de calidad y con una tasa de abandono muy reducida. Reconoce que la investigaci\u00f3n es m\u00e1s intensa en las universidades p\u00fablicas \u201cporque cuentan para ello con fondos\u201d de la Administraci\u00f3n.<\/p>\n<p class=\"\">Tras su modificaci\u00f3n, el decreto exigir\u00e1 obtener contratos de investigaci\u00f3n equivalentes al 2% del presupuesto anual y demostrar garant\u00edas de solvencia econ\u00f3mica. Las universidades privadas van a tener que aportar mucha m\u00e1s informaci\u00f3n. Hasta el momento, el ministerio, en muchas ocasiones, desconoce con qu\u00e9 presupuesto cuentan y los precios de sus estudios.<\/p>\n<p class=\"\">Para el rector Josep Antoni Rom, la futura normativa debe servir de paraguas protector al sector con la intenci\u00f3n de disuadir las diferencias de criterios que aplicaban las autonom\u00edas a la hora de conceder permisos de apertura a los campus privados: \u201cEs leg\u00edtimo crear universidades, la cuesti\u00f3n es que los estudios deben estar regulados por unas pautas cualitativas\u201d.<\/p>\n<\/div>\n\n","protected":false},"excerpt":{"rendered":"<p>La expectaci\u00f3n reina entre las universidades del pa\u00eds despu\u00e9s de que el presidente Pedro S\u00e1nchez anunciase el pasado lunes medidas encaminadas a endurecer los criterios para crear nuevos campus ante la proliferaci\u00f3n de entidades educativas de dudosa calidad. Aunque la normativa sin car\u00e1cter retroactivo afectar\u00e1 a las futuras privadas y p\u00fablicas por igual \u2014hoy hay &hellip;<\/p>\n","protected":false},"author":1,"featured_media":21741,"comment_status":"open","ping_status":"open","sticky":false,"template":"","format":"standard","meta":{"fifu_image_url":"https:\/\/imagenes.elpais.com\/resizer\/v2\/YQNDUVABGJGBXD66QWWC2P4O2E.jpg?auth=837e9b6e6d4229d0487ad1d05f41732978a51117d2e390b730b08e676415921a&width=1200","fifu_image_alt":"","footnotes":""},"categories":[11],"tags":[],"class_list":["post-21740","post","type-post","status-publish","format-standard","has-post-thumbnail","","category-viaje"],"_links":{"self":[{"href":"https:\/\/noticiasveraces.com\/index.php?rest_route=\/wp\/v2\/posts\/21740","targetHints":{"allow":["GET"]}}],"collection":[{"href":"https:\/\/noticiasveraces.com\/index.php?rest_route=\/wp\/v2\/posts"}],"about":[{"href":"https:\/\/noticiasveraces.com\/index.php?rest_route=\/wp\/v2\/types\/post"}],"author":[{"embeddable":true,"href":"https:\/\/noticiasveraces.com\/index.php?rest_route=\/wp\/v2\/users\/1"}],"replies":[{"embeddable":true,"href":"https:\/\/noticiasveraces.com\/index.php?rest_route=%2Fwp%2Fv2%2Fcomments&post=21740"}],"version-history":[{"count":0,"href":"https:\/\/noticiasveraces.com\/index.php?rest_route=\/wp\/v2\/posts\/21740\/revisions"}],"wp:featuredmedia":[{"embeddable":true,"href":"https:\/\/noticiasveraces.com\/index.php?rest_route=\/wp\/v2\/media\/21741"}],"wp:attachment":[{"href":"https:\/\/noticiasveraces.com\/index.php?rest_route=%2Fwp%2Fv2%2Fmedia&parent=21740"}],"wp:term":[{"taxonomy":"category","embeddable":true,"href":"https:\/\/noticiasveraces.com\/index.php?rest_route=%2Fwp%2Fv2%2Fcategories&post=21740"},{"taxonomy":"post_tag","embeddable":true,"href":"https:\/\/noticiasveraces.com\/index.php?rest_route=%2Fwp%2Fv2%2Ftags&post=21740"}],"curies":[{"name":"wp","href":"https:\/\/api.w.org\/{rel}","templated":true}]}}