{"id":21734,"date":"2025-04-05T22:25:14","date_gmt":"2025-04-06T02:25:14","guid":{"rendered":"https:\/\/noticiasveraces.com\/?p=21734"},"modified":"2025-04-05T22:25:14","modified_gmt":"2025-04-06T02:25:14","slug":"un-hombre-se-atrinchera-en-parlamento-de-canada-dw-06-04-2025","status":"publish","type":"post","link":"https:\/\/noticiasveraces.com\/?p=21734","title":{"rendered":"Un hombre se atrinchera en Parlamento de Canad\u00e1 \u2013 DW \u2013 06\/04\/2025"},"content":{"rendered":"<p> \n<\/p>\n<div>\n<p>La Polic\u00eda canadiense evacu\u00f3 este s\u00e1bado (05.04.2025) el Parlamento en Ottawa despu\u00e9s de que un individuo no identificado se atrincherara en un ala del edificio.<\/p>\n<p>La Polic\u00eda de Ottawa advirti\u00f3 a trav\u00e9s de sus redes sociales que \u00abhay una fuerte presencia policial en el \u00e1rea\u00bb y que el ala este del Parlamento fue evacuada.<\/p>\n<p>\u00abNo se han reportado heridos y la Polic\u00eda contin\u00faa tratando con el individuo en este incidente que comenz\u00f3 poco antes de las 15:00 hora local (19:00 GMT)\u00bb, se\u00f1al\u00f3 la fuerza policial.<\/p>\n<p>Las autoridades solicitaron al p\u00fablico que eviten circular por las calles situadas frente al Parlamento.<\/p>\n<p>Antes de la notificaci\u00f3n, los servicios de seguridad del Parlamento emitieron una alerta en la que se solicitaba a todas las personas en los edificios del complejo parlamentario que se encerraran en las habitaciones en las que se encontraran y esperaran instrucciones de los servicios de emergencia.<\/p>\n<p>El Parlamento canadiense no tiene actividad en estos momentos porque fue disuelto el pasado 23 de marzo tras la convocatoria de elecciones para el 28 de abril.<\/p>\n<p>En el ala este del Parlamento se sit\u00faan las oficinas de ministros y senadores.<\/p>\n<p>MG (Efe, LA Press)<\/p>\n<\/p>\n<\/div>\n\n","protected":false},"excerpt":{"rendered":"<p>La Polic\u00eda canadiense evacu\u00f3 este s\u00e1bado (05.04.2025) el Parlamento en Ottawa despu\u00e9s de que un individuo no identificado se atrincherara en un ala del edificio. La Polic\u00eda de Ottawa advirti\u00f3 a trav\u00e9s de sus redes sociales que \u00abhay una fuerte presencia policial en el \u00e1rea\u00bb y que el ala este del Parlamento fue evacuada. \u00abNo &hellip;<\/p>\n","protected":false},"author":1,"featured_media":21735,"comment_status":"open","ping_status":"open","sticky":false,"template":"","format":"standard","meta":{"fifu_image_url":"https:\/\/static.dw.com\/image\/71277962_6.jpg","fifu_image_alt":"","footnotes":""},"categories":[13],"tags":[],"class_list":["post-21734","post","type-post","status-publish","format-standard","has-post-thumbnail","","category-mundo"],"_links":{"self":[{"href":"https:\/\/noticiasveraces.com\/index.php?rest_route=\/wp\/v2\/posts\/21734","targetHints":{"allow":["GET"]}}],"collection":[{"href":"https:\/\/noticiasveraces.com\/index.php?rest_route=\/wp\/v2\/posts"}],"about":[{"href":"https:\/\/noticiasveraces.com\/index.php?rest_route=\/wp\/v2\/types\/post"}],"author":[{"embeddable":true,"href":"https:\/\/noticiasveraces.com\/index.php?rest_route=\/wp\/v2\/users\/1"}],"replies":[{"embeddable":true,"href":"https:\/\/noticiasveraces.com\/index.php?rest_route=%2Fwp%2Fv2%2Fcomments&post=21734"}],"version-history":[{"count":0,"href":"https:\/\/noticiasveraces.com\/index.php?rest_route=\/wp\/v2\/posts\/21734\/revisions"}],"wp:featuredmedia":[{"embeddable":true,"href":"https:\/\/noticiasveraces.com\/index.php?rest_route=\/wp\/v2\/media\/21735"}],"wp:attachment":[{"href":"https:\/\/noticiasveraces.com\/index.php?rest_route=%2Fwp%2Fv2%2Fmedia&parent=21734"}],"wp:term":[{"taxonomy":"category","embeddable":true,"href":"https:\/\/noticiasveraces.com\/index.php?rest_route=%2Fwp%2Fv2%2Fcategories&post=21734"},{"taxonomy":"post_tag","embeddable":true,"href":"https:\/\/noticiasveraces.com\/index.php?rest_route=%2Fwp%2Fv2%2Ftags&post=21734"}],"curies":[{"name":"wp","href":"https:\/\/api.w.org\/{rel}","templated":true}]}}