{"id":21701,"date":"2025-04-05T18:18:34","date_gmt":"2025-04-05T22:18:34","guid":{"rendered":"https:\/\/noticiasveraces.com\/?p=21701"},"modified":"2025-04-05T18:18:34","modified_gmt":"2025-04-05T22:18:34","slug":"netanyahu-y-trump-se-reuniran-el-lunes-en-washington-dw-05-04-2025","status":"publish","type":"post","link":"https:\/\/noticiasveraces.com\/?p=21701","title":{"rendered":"Netanyahu y Trump se reunir\u00e1n el lunes en Washington \u2013 DW \u2013 05\/04\/2025"},"content":{"rendered":"<p> \n<\/p>\n<div>\n<p>El presidente de Estados Unidos, Donald Trump, y el primer ministro israel\u00ed, Benjamin Netanyahu, conversar\u00e1n el pr\u00f3ximo lunes en la Casa Blanca sobre los aranceles impuestos por EE.UU., \u00ablos esfuerzos para el retorno de los rehenes (en Gaza), las relaciones entre Israel y Turqu\u00eda, la amenaza iran\u00ed y la lucha contra la Corte Penal Internacional\u00bb, seg\u00fan inform\u00f3 este s\u00e1bado (05.04.2025) el Gobierno israel\u00ed.<\/p>\n<p>De acuerdo a un comunicado difundido por la Oficina de Prensa del Gobierno del primer ministro, Netanyahu partir\u00e1 el domingo \u00abrumbo a Washington, tras la invitaci\u00f3n recibida del Presidente de EE. UU. Donald Trump\u201d. Ambos l\u00edderes \u00abtratar\u00e1n la cuesti\u00f3n arancelaria, los esfuerzos para el retorno de los rehenes, las relaciones entre Israel y Turqu\u00eda, la amenaza iran\u00ed y la lucha contra la Corte Penal Internacional\u00bb, de acuerdo a lo expresado en redes sociales por el Gobierno israel\u00ed.<\/p>\n<p>Trump habl\u00f3 el jueves por tel\u00e9fono con Netanyahu y con el primer ministro de Hungr\u00eda, Viktor Orban, mientras el l\u00edder israel\u00ed se encontraba en Budapest, y anunci\u00f3 que el primer ministro podr\u00eda visitar Estados Unidos la pr\u00f3xima semana. Poco despu\u00e9s, un responsable de la Casa Blanca confirm\u00f3 esta visita a la agencia de noticias AFP, sin entrar en detalles sobre los temas que se conversar\u00edan en el encuentro.<\/p>\n<h2>\u00abReducir da\u00f1o\u201d de los aranceles<\/h2>\n<p>De acuerdo a la oficina de prensa de Netanyahu, el primer ministro israel\u00ed \u00abvalora la estrecha relaci\u00f3n personal y cordial que mantiene con el presidente Trump y le agradece la invitaci\u00f3n para ser el primer l\u00edder en reunirse con \u00e9l tras la imposici\u00f3n de aranceles globales, al igual que fue el primero en reunirse con \u00e9l tras su llegada a la Casa Blanca\u00bb.<\/p>\n<p>Ser\u00e1 el primer encuentro de Trump con un mandatario extranjero desde que el republicano impuso un arancel global del 10 por ciento, que en algunos pa\u00edses es todav\u00eda mayor y que en el caso de Israel, su firme aliado, asciende al 17 por ciento. Tras la decisi\u00f3n de Trump, el ministro de Finanzas israel\u00ed, Bezalel Smotrich, apost\u00f3 el jueves por \u00abcontinuar con el di\u00e1logo\u00bb con Estados Unidos para tratar de \u00abreducir el da\u00f1o\u00bb de los nuevos aranceles.<\/p>\n<p>DZC (EFE, AFP)<\/p>\n<\/div>\n\n","protected":false},"excerpt":{"rendered":"<p>El presidente de Estados Unidos, Donald Trump, y el primer ministro israel\u00ed, Benjamin Netanyahu, conversar\u00e1n el pr\u00f3ximo lunes en la Casa Blanca sobre los aranceles impuestos por EE.UU., \u00ablos esfuerzos para el retorno de los rehenes (en Gaza), las relaciones entre Israel y Turqu\u00eda, la amenaza iran\u00ed y la lucha contra la Corte Penal Internacional\u00bb, &hellip;<\/p>\n","protected":false},"author":1,"featured_media":21702,"comment_status":"open","ping_status":"open","sticky":false,"template":"","format":"standard","meta":{"fifu_image_url":"https:\/\/static.dw.com\/image\/63465033_6.jpg","fifu_image_alt":"","footnotes":""},"categories":[13],"tags":[],"class_list":["post-21701","post","type-post","status-publish","format-standard","has-post-thumbnail","","category-mundo"],"_links":{"self":[{"href":"https:\/\/noticiasveraces.com\/index.php?rest_route=\/wp\/v2\/posts\/21701","targetHints":{"allow":["GET"]}}],"collection":[{"href":"https:\/\/noticiasveraces.com\/index.php?rest_route=\/wp\/v2\/posts"}],"about":[{"href":"https:\/\/noticiasveraces.com\/index.php?rest_route=\/wp\/v2\/types\/post"}],"author":[{"embeddable":true,"href":"https:\/\/noticiasveraces.com\/index.php?rest_route=\/wp\/v2\/users\/1"}],"replies":[{"embeddable":true,"href":"https:\/\/noticiasveraces.com\/index.php?rest_route=%2Fwp%2Fv2%2Fcomments&post=21701"}],"version-history":[{"count":0,"href":"https:\/\/noticiasveraces.com\/index.php?rest_route=\/wp\/v2\/posts\/21701\/revisions"}],"wp:featuredmedia":[{"embeddable":true,"href":"https:\/\/noticiasveraces.com\/index.php?rest_route=\/wp\/v2\/media\/21702"}],"wp:attachment":[{"href":"https:\/\/noticiasveraces.com\/index.php?rest_route=%2Fwp%2Fv2%2Fmedia&parent=21701"}],"wp:term":[{"taxonomy":"category","embeddable":true,"href":"https:\/\/noticiasveraces.com\/index.php?rest_route=%2Fwp%2Fv2%2Fcategories&post=21701"},{"taxonomy":"post_tag","embeddable":true,"href":"https:\/\/noticiasveraces.com\/index.php?rest_route=%2Fwp%2Fv2%2Ftags&post=21701"}],"curies":[{"name":"wp","href":"https:\/\/api.w.org\/{rel}","templated":true}]}}