{"id":21695,"date":"2025-04-05T15:15:52","date_gmt":"2025-04-05T19:15:52","guid":{"rendered":"https:\/\/noticiasveraces.com\/?p=21695"},"modified":"2025-04-05T15:15:52","modified_gmt":"2025-04-05T19:15:52","slug":"musk-apoya-zona-de-libre-comercio-entre-ee-uu-y-europa-dw-05-04-2025","status":"publish","type":"post","link":"https:\/\/noticiasveraces.com\/?p=21695","title":{"rendered":"Musk apoya zona de libre comercio entre EE.UU. y Europa \u2013 DW \u2013 05\/04\/2025"},"content":{"rendered":"<p> \n<\/p>\n<div>\n<p>El multimillonario estadounidense Elon Musk, miembro de la administraci\u00f3n Trump, declar\u00f3 este s\u00e1bado (05.04.2025) que espera que Estados Unidos y Europa puedan establecer una alianza comercial m\u00e1s estrecha con \u00abaranceles cero\u00bb en el futuro, durante su intervenci\u00f3n por video en un acto del partido ultraderechista italiano Liga en Florencia.<\/p>\n<p>Europa y Estados Unidos \u00abdeber\u00edan idealmente avanzar, a mi parecer, hacia una situaci\u00f3n de aranceles cero, creando as\u00ed una zona de libre comercio entre Europa y Norteam\u00e9rica\u00bb, declar\u00f3 Musk, responsable de los recortes en el sector p\u00fablico en el gobierno de Trump, respondiendo a Matteo Salvini, dirigente del partido soberanista y segundo en el gobierno ultraconservador italiano.<\/p>\n<p>\u00abEspero que Estados Unidos y Europa puedan establecer una asociaci\u00f3n muy estrecha Obviamente ya existe una alianza, pero tengo la esperanza de que sea muy fuerte\u00bb, se\u00f1al\u00f3 el magnate. Sus declaraciones ocurren tres d\u00edas despu\u00e9s de la firma, por el presidente estadounidense, de un decreto que prev\u00e9 20 por ciento de tasas adicionales para las mercanc\u00edas que llegan a Estados Unidos provenientes de la Uni\u00f3n Europea.<\/p>\n<h2>Trabajar en ambas zonas<\/h2>\n<p>Musk se dijo favorable a \u00abm\u00e1s libertad de movimiento entre Europa y Norteam\u00e9rica\u00bb para que sea posible \u00abtrabajar\u201d en ambas zonas. \u00abTambi\u00e9n m\u00e1s libertad para que las personas se desplacen entre Europa y Am\u00e9rica del Norte, si lo desean. Si desean trabajar en Europa o desean trabajar en Estados Unidos, deber\u00edan poder hacerlo, en mi opini\u00f3n\u00bb, se\u00f1al\u00f3, y a\u00f1adi\u00f3 que \u00abaconsej\u00f3 el presidente Trump en ese sentido\u00bb.<\/p>\n<p>En su participaci\u00f3n de unos 15 minutos difundida en una pantalla gigante, el jefe de Tesla, SpaceX y la red social X (Twitter), cercano a la primera ministra italiana Giorgia Meloni, critic\u00f3 de nuevo \u00abla inmigraci\u00f3n masiva\u00bb que seg\u00fan \u00e9l \u00abllevar\u00e1 a la destrucci\u00f3n\u00bb de los pa\u00edses que la acepten. Se espera que Salvini revalide su mandato como l\u00edder de la ultraderechista Liga.<\/p>\n<p>DZC (AFP, Efe)<\/p>\n<\/div>\n\n","protected":false},"excerpt":{"rendered":"<p>El multimillonario estadounidense Elon Musk, miembro de la administraci\u00f3n Trump, declar\u00f3 este s\u00e1bado (05.04.2025) que espera que Estados Unidos y Europa puedan establecer una alianza comercial m\u00e1s estrecha con \u00abaranceles cero\u00bb en el futuro, durante su intervenci\u00f3n por video en un acto del partido ultraderechista italiano Liga en Florencia. Europa y Estados Unidos \u00abdeber\u00edan idealmente &hellip;<\/p>\n","protected":false},"author":1,"featured_media":21696,"comment_status":"open","ping_status":"open","sticky":false,"template":"","format":"standard","meta":{"fifu_image_url":"https:\/\/static.dw.com\/image\/72128816_6.jpg","fifu_image_alt":"","footnotes":""},"categories":[13],"tags":[],"class_list":["post-21695","post","type-post","status-publish","format-standard","has-post-thumbnail","","category-mundo"],"_links":{"self":[{"href":"https:\/\/noticiasveraces.com\/index.php?rest_route=\/wp\/v2\/posts\/21695","targetHints":{"allow":["GET"]}}],"collection":[{"href":"https:\/\/noticiasveraces.com\/index.php?rest_route=\/wp\/v2\/posts"}],"about":[{"href":"https:\/\/noticiasveraces.com\/index.php?rest_route=\/wp\/v2\/types\/post"}],"author":[{"embeddable":true,"href":"https:\/\/noticiasveraces.com\/index.php?rest_route=\/wp\/v2\/users\/1"}],"replies":[{"embeddable":true,"href":"https:\/\/noticiasveraces.com\/index.php?rest_route=%2Fwp%2Fv2%2Fcomments&post=21695"}],"version-history":[{"count":0,"href":"https:\/\/noticiasveraces.com\/index.php?rest_route=\/wp\/v2\/posts\/21695\/revisions"}],"wp:featuredmedia":[{"embeddable":true,"href":"https:\/\/noticiasveraces.com\/index.php?rest_route=\/wp\/v2\/media\/21696"}],"wp:attachment":[{"href":"https:\/\/noticiasveraces.com\/index.php?rest_route=%2Fwp%2Fv2%2Fmedia&parent=21695"}],"wp:term":[{"taxonomy":"category","embeddable":true,"href":"https:\/\/noticiasveraces.com\/index.php?rest_route=%2Fwp%2Fv2%2Fcategories&post=21695"},{"taxonomy":"post_tag","embeddable":true,"href":"https:\/\/noticiasveraces.com\/index.php?rest_route=%2Fwp%2Fv2%2Ftags&post=21695"}],"curies":[{"name":"wp","href":"https:\/\/api.w.org\/{rel}","templated":true}]}}