{"id":21692,"date":"2025-04-05T14:15:11","date_gmt":"2025-04-05T18:15:11","guid":{"rendered":"https:\/\/noticiasveraces.com\/?p=21692"},"modified":"2025-04-05T14:15:11","modified_gmt":"2025-04-05T18:15:11","slug":"las-acusaciones-de-antisemitismo-no-pueden-evitar-que-la-onu-reelacione-un-funcionario-controvertido","status":"publish","type":"post","link":"https:\/\/noticiasveraces.com\/?p=21692","title":{"rendered":"Las acusaciones de antisemitismo no pueden evitar que la ONU reelacione un funcionario controvertido"},"content":{"rendered":"<p> \n<\/p>\n<div>\n<p class=\"speakable\">El controvertido relator especial de las Naciones Unidas en Palestina Francesca Albanese ha sido reelegido al puesto por otro per\u00edodo de tres a\u00f1os. M\u00faltiples pa\u00edses y organizaciones han condenado a Albanese por su historia de comentarios antisemitas. Sin embargo, un comit\u00e9 encargado por el Consejo de Derechos Humanos de la ONU (ANHRC) con la revisi\u00f3n de las quejas sobre Albanese estaba convencida por sus \u00abexplicaciones detalladas\u00bb de que no era una antisemita.<\/p>\n<p class=\"speakable\">\u00abEstamos hablando de uno de los legitimantes m\u00e1s descarados del mundo del terrorismo de Hamas, quienes dice literalmente que Israel no tiene derecho a defenderse\u00bb, dijo el director ejecutivo de la ONU, Hillel Neuer, Fox News Digital. \u00abEs una declaraci\u00f3n horrible sobre el estado de la ONU hoy\u00bb.<\/p>\n<div class=\"image-ct inline\">\n<div class=\"m\"><picture><source media=\"(max-width: 767px)\" srcset=\"https:\/\/a57.foxnews.com\/static.foxnews.com\/foxnews.com\/content\/uploads\/2024\/10\/343\/192\/gettyimages-2110551137.jpg?ve=1&amp;tl=1, https:\/\/a57.foxnews.com\/static.foxnews.com\/foxnews.com\/content\/uploads\/2024\/10\/686\/384\/gettyimages-2110551137.jpg?ve=1&amp;tl=1 2x\" height=\"192\" width=\"343\"><source media=\"(min-width: 768px) and (max-width: 1023px)\" srcset=\"https:\/\/a57.foxnews.com\/static.foxnews.com\/foxnews.com\/content\/uploads\/2024\/10\/672\/378\/gettyimages-2110551137.jpg?ve=1&amp;tl=1, https:\/\/a57.foxnews.com\/static.foxnews.com\/foxnews.com\/content\/uploads\/2024\/10\/1344\/756\/gettyimages-2110551137.jpg?ve=1&amp;tl=1 2x\" height=\"378\" width=\"672\"><source media=\"(min-width: 1024px) and (max-width: 1279px)\" srcset=\"https:\/\/a57.foxnews.com\/static.foxnews.com\/foxnews.com\/content\/uploads\/2024\/10\/931\/523\/gettyimages-2110551137.jpg?ve=1&amp;tl=1, https:\/\/a57.foxnews.com\/static.foxnews.com\/foxnews.com\/content\/uploads\/2024\/10\/1862\/1046\/gettyimages-2110551137.jpg?ve=1&amp;tl=1 2x\" height=\"523\" width=\"931\"><source media=\"(min-width: 1280px)\" srcset=\"https:\/\/a57.foxnews.com\/static.foxnews.com\/foxnews.com\/content\/uploads\/2024\/10\/720\/405\/gettyimages-2110551137.jpg?ve=1&amp;tl=1, https:\/\/a57.foxnews.com\/static.foxnews.com\/foxnews.com\/content\/uploads\/2024\/10\/1440\/810\/gettyimages-2110551137.jpg?ve=1&amp;tl=1 2x\" height=\"405\" width=\"720\"><img loading=\"lazy\" decoding=\"async\" src=\"https:\/\/a57.foxnews.com\/static.foxnews.com\/foxnews.com\/content\/uploads\/2024\/10\/1200\/675\/gettyimages-2110551137.jpg?ve=1&amp;tl=1\" alt=\"Relator especial Francesca Albanese\" width=\"1200\" height=\"675\"\/><\/source><\/source><\/source><\/source><\/picture><\/div>\n<div class=\"info\">\n<div class=\"caption\">\n<p><span>Relator especial de las Naciones Unidas sobre la situaci\u00f3n de los derechos en los territorios palestinos, Francesca Albanese, analiza una conferencia de prensa durante una sesi\u00f3n del Consejo de Derechos Humanos de la ONU, en Ginebra, el 27 de marzo de 2024.<\/span> <span>(Fabrice Coffrini\/AFP a trav\u00e9s de Getty Images)<\/span><\/p>\n<\/div>\n<\/div>\n<\/div>\n<p><strong>El Secretario General de la ONU no condenar\u00e1 a los oficiales acusados \u200b\u200bde antisemitismo; Nos dijo que otorgue visa para visitar<\/strong><\/p>\n<p>ONU Watch se ha opuesto durante mucho tiempo a Albanese y ha trabajado para exponer sus presuntas violaciones del C\u00f3digo de Conducta. El viernes, la organizaci\u00f3n present\u00f3 una lista de declaraciones de gobiernos de todo el mundo condenando la ret\u00f3rica de Albanese. Las declaraciones vinieron de los Estados Unidos, Francia, Hungr\u00eda, los Pa\u00edses Bajos, Israel, Argentina, Alemania y el Reino Unido<\/p>\n<p>Adem\u00e1s, antes de la reelecci\u00f3n de Albanese, la misi\u00f3n estadounidense a la ONU envi\u00f3 una carta al secretario general de la ONU, Ant\u00f3nio Guterres, oponi\u00e9ndose a la renovaci\u00f3n. La misi\u00f3n tambi\u00e9n public\u00f3 una declaraci\u00f3n en X.<\/p>\n<p>\u00abCondenamos [Albanese\u2019s] Antisemitismo virulento, que demoniza a Israel y apoya a Hamas. Ella claramente ha violado el C\u00f3digo de Conducta de la ONU y no es apto para su papel. Su reelecci\u00f3n mostrar\u00eda el [U.N.] Tolera el odio antisemita y el apoyo al terrorismo \u00ab, public\u00f3 la misi\u00f3n de los Estados Unidos a la ONU.<\/p>\n<p>El Comit\u00e9 de Asuntos Exteriores de la C\u00e1mara tambi\u00e9n envi\u00f3 una carta al presidente de la UNHRC, J\u00fcrg Lauber, expresando su oposici\u00f3n a la reelecci\u00f3n de Albanese. En su carta, el comit\u00e9 dijo que la ret\u00f3rica de Albanese contamin\u00f3 tanto a la ONU como instituci\u00f3n como su propia posici\u00f3n.<\/p>\n<p>\u00abLa Sra. Albanese usa sin disculpas su posici\u00f3n como un relator especial de la ONU para proporcionar e intentar legitimar los tropos antisem\u00edticos, mientras se desempe\u00f1a como apologista de Hamas\u00bb, escribi\u00f3 el Comit\u00e9 de Asuntos Exteriores de la C\u00e1mara de Representantes.<\/p>\n<div class=\"image-ct inline\">\n<div class=\"m\"><picture><source media=\"(max-width: 767px)\" srcset=\"https:\/\/a57.foxnews.com\/static.foxnews.com\/foxnews.com\/content\/uploads\/2025\/04\/343\/192\/francesca-albanese-1.jpg?ve=1&amp;tl=1, https:\/\/a57.foxnews.com\/static.foxnews.com\/foxnews.com\/content\/uploads\/2025\/04\/686\/384\/francesca-albanese-1.jpg?ve=1&amp;tl=1 2x\" height=\"192\" width=\"343\"><source media=\"(min-width: 768px) and (max-width: 1023px)\" srcset=\"https:\/\/a57.foxnews.com\/static.foxnews.com\/foxnews.com\/content\/uploads\/2025\/04\/672\/378\/francesca-albanese-1.jpg?ve=1&amp;tl=1, https:\/\/a57.foxnews.com\/static.foxnews.com\/foxnews.com\/content\/uploads\/2025\/04\/1344\/756\/francesca-albanese-1.jpg?ve=1&amp;tl=1 2x\" height=\"378\" width=\"672\"><source media=\"(min-width: 1024px) and (max-width: 1279px)\" srcset=\"https:\/\/a57.foxnews.com\/static.foxnews.com\/foxnews.com\/content\/uploads\/2025\/04\/931\/523\/francesca-albanese-1.jpg?ve=1&amp;tl=1, https:\/\/a57.foxnews.com\/static.foxnews.com\/foxnews.com\/content\/uploads\/2025\/04\/1862\/1046\/francesca-albanese-1.jpg?ve=1&amp;tl=1 2x\" height=\"523\" width=\"931\"><source media=\"(min-width: 1280px)\" srcset=\"https:\/\/a57.foxnews.com\/static.foxnews.com\/foxnews.com\/content\/uploads\/2025\/04\/720\/405\/francesca-albanese-1.jpg?ve=1&amp;tl=1, https:\/\/a57.foxnews.com\/static.foxnews.com\/foxnews.com\/content\/uploads\/2025\/04\/1440\/810\/francesca-albanese-1.jpg?ve=1&amp;tl=1 2x\" height=\"405\" width=\"720\"><img loading=\"lazy\" decoding=\"async\" src=\"https:\/\/a57.foxnews.com\/static.foxnews.com\/foxnews.com\/content\/uploads\/2025\/04\/1200\/675\/francesca-albanese-1.jpg?ve=1&amp;tl=1\" alt=\"Relator especial Francesca Albanese\" width=\"1200\" height=\"675\"\/><\/source><\/source><\/source><\/source><\/picture><\/div>\n<div class=\"info\">\n<div class=\"caption\">\n<p><span>Relator especial sobre la situaci\u00f3n de los derechos humanos en el territorio palestino ocupado, Francesca Albanese, habla durante una conferencia de prensa en la sede europea de la ONU en Ginebra, Suiza, 11 de diciembre de 2024.<\/span> <span>(Reuters\/Pierre Albouy)<\/span><\/p>\n<\/div>\n<\/div>\n<\/div>\n<p><strong>Los republicanos buscan bloquear la reelecci\u00f3n de la ONU oficial acusado de antisemitismo<\/strong><\/p>\n<p>En violaci\u00f3n de sus deberes legales bajo 8\/PRST\/2, Lauber no transmiti\u00f3 quejas sobre Albanese a un comit\u00e9 que Neuer describi\u00f3 como \u00absin dientes\u00bb con una membres\u00eda hecha de \u00ablos mejores amigos de Francesca Albanese\u00bb.<\/p>\n<p>En su respuesta a las quejas presentadas por la ONU Watch en junio y julio de 2024, el comit\u00e9 escribi\u00f3 que \u00abalgunos de sus tweets pueden parecer que no est\u00e1n en l\u00ednea con el C\u00f3digo de Conducta y que algunos pueden haber sido interpretados como antisem\u00edticos\u00bb. Sin embargo, el comit\u00e9 tambi\u00e9n dijo que estaban \u00abtranquilizados\u00bb por las \u00abexplicaciones detalladas\u00bb de Albanese de que no estaba violando el C\u00f3digo de Conducta.<\/p>\n<div class=\"image-ct inline\">\n<div class=\"m\"><picture><source media=\"(max-width: 767px)\" srcset=\"https:\/\/a57.foxnews.com\/static.foxnews.com\/foxnews.com\/content\/uploads\/2025\/03\/343\/192\/francesca-albanese.jpg?ve=1&amp;tl=1, https:\/\/a57.foxnews.com\/static.foxnews.com\/foxnews.com\/content\/uploads\/2025\/03\/686\/384\/francesca-albanese.jpg?ve=1&amp;tl=1 2x\" height=\"192\" width=\"343\"><source media=\"(min-width: 768px) and (max-width: 1023px)\" srcset=\"https:\/\/a57.foxnews.com\/static.foxnews.com\/foxnews.com\/content\/uploads\/2025\/03\/672\/378\/francesca-albanese.jpg?ve=1&amp;tl=1, https:\/\/a57.foxnews.com\/static.foxnews.com\/foxnews.com\/content\/uploads\/2025\/03\/1344\/756\/francesca-albanese.jpg?ve=1&amp;tl=1 2x\" height=\"378\" width=\"672\"><source media=\"(min-width: 1024px) and (max-width: 1279px)\" srcset=\"https:\/\/a57.foxnews.com\/static.foxnews.com\/foxnews.com\/content\/uploads\/2025\/03\/931\/523\/francesca-albanese.jpg?ve=1&amp;tl=1, https:\/\/a57.foxnews.com\/static.foxnews.com\/foxnews.com\/content\/uploads\/2025\/03\/1862\/1046\/francesca-albanese.jpg?ve=1&amp;tl=1 2x\" height=\"523\" width=\"931\"><source media=\"(min-width: 1280px)\" srcset=\"https:\/\/a57.foxnews.com\/static.foxnews.com\/foxnews.com\/content\/uploads\/2025\/03\/720\/405\/francesca-albanese.jpg?ve=1&amp;tl=1, https:\/\/a57.foxnews.com\/static.foxnews.com\/foxnews.com\/content\/uploads\/2025\/03\/1440\/810\/francesca-albanese.jpg?ve=1&amp;tl=1 2x\" height=\"405\" width=\"720\"><img loading=\"lazy\" decoding=\"async\" src=\"https:\/\/a57.foxnews.com\/static.foxnews.com\/foxnews.com\/content\/uploads\/2025\/03\/1200\/675\/francesca-albanese.jpg?ve=1&amp;tl=1\" alt=\"Relator especial de la ONU para los territorios palestinos ocupados Francesca Albanese\" width=\"1200\" height=\"675\"\/><\/source><\/source><\/source><\/source><\/picture><\/div>\n<div class=\"info\">\n<div class=\"caption\">\n<p><span>El relator especial de la ONU para los territorios palestinos ocupados, Francesca Albanese, ofrece una conferencia de prensa en la ciudad de las Naciones Unidas en Copenhague, Dinamarca, el 5 de febrero de 2025.<\/span> <span>(Ritzau Scanpix\/Ida Marie Odgaard a trav\u00e9s de Reuters)<\/span><\/p>\n<\/div>\n<\/div>\n<\/div>\n<p><strong><u>Haga clic aqu\u00ed para obtener la aplicaci\u00f3n Fox News<\/u><\/strong><\/p>\n<p>Albanese ha enfrentado acusaciones de antisemitismo desde que tom\u00f3 el puesto de relator especial en mayo de 2022. La Liga Anti-Defamaci\u00f3n tiene una lista de declaraciones de Albanese que se han considerado antisemitas. Algunas de las declaraciones se remontan a 2014, casi 10 a\u00f1os antes de su nombramiento para su puesto actual.<\/p>\n<p>En febrero de 2024, Albanese fue condenado por Francia y Alemania despu\u00e9s de decir que el presidente franc\u00e9s Emmanuel Macron se equivoc\u00f3 al llamar a los eventos de Hamas el 7 de octubre \u00abla masacre antisemita m\u00e1s grande de nuestro siglo\u00bb. En su respuesta, dijo que \u00ablas v\u00edctimas de 7\/10 no fueron asesinadas por su juda\u00edsmo sino en respuesta a la opresi\u00f3n de Israel\u00bb.<\/p>\n<p>Francia dijo que Albanese parec\u00eda \u00abjustificar\u00bb los ataques y que sus comentarios eran \u00aba\u00fan m\u00e1s escandalosos dado que la lucha contra el antisemitismo y todas las formas de racismo est\u00e1n en el coraz\u00f3n de la fundaci\u00f3n de la ONU\u00bb, seg\u00fan la ADL. <\/p>\n<p> <!----> <\/p>\n<div class=\"article-meta\">\n<div class=\"author-bio\">\n<p>Rachel Wolf es una escritora de noticias de Fox News Digital y Fox Business.<\/p>\n<\/div>\n<\/div>\n<\/div>\n\n","protected":false},"excerpt":{"rendered":"<p>El controvertido relator especial de las Naciones Unidas en Palestina Francesca Albanese ha sido reelegido al puesto por otro per\u00edodo de tres a\u00f1os. M\u00faltiples pa\u00edses y organizaciones han condenado a Albanese por su historia de comentarios antisemitas. Sin embargo, un comit\u00e9 encargado por el Consejo de Derechos Humanos de la ONU (ANHRC) con la revisi\u00f3n &hellip;<\/p>\n","protected":false},"author":1,"featured_media":21694,"comment_status":"open","ping_status":"open","sticky":false,"template":"","format":"standard","meta":{"fifu_image_url":"https:\/\/static.foxnews.com\/foxnews.com\/content\/uploads\/2024\/10\/gettyimages-2110551137.jpg","fifu_image_alt":"","footnotes":""},"categories":[13],"tags":[],"class_list":["post-21692","post","type-post","status-publish","format-standard","has-post-thumbnail","","category-mundo"],"_links":{"self":[{"href":"https:\/\/noticiasveraces.com\/index.php?rest_route=\/wp\/v2\/posts\/21692","targetHints":{"allow":["GET"]}}],"collection":[{"href":"https:\/\/noticiasveraces.com\/index.php?rest_route=\/wp\/v2\/posts"}],"about":[{"href":"https:\/\/noticiasveraces.com\/index.php?rest_route=\/wp\/v2\/types\/post"}],"author":[{"embeddable":true,"href":"https:\/\/noticiasveraces.com\/index.php?rest_route=\/wp\/v2\/users\/1"}],"replies":[{"embeddable":true,"href":"https:\/\/noticiasveraces.com\/index.php?rest_route=%2Fwp%2Fv2%2Fcomments&post=21692"}],"version-history":[{"count":0,"href":"https:\/\/noticiasveraces.com\/index.php?rest_route=\/wp\/v2\/posts\/21692\/revisions"}],"wp:featuredmedia":[{"embeddable":true,"href":"https:\/\/noticiasveraces.com\/index.php?rest_route=\/wp\/v2\/media\/21694"}],"wp:attachment":[{"href":"https:\/\/noticiasveraces.com\/index.php?rest_route=%2Fwp%2Fv2%2Fmedia&parent=21692"}],"wp:term":[{"taxonomy":"category","embeddable":true,"href":"https:\/\/noticiasveraces.com\/index.php?rest_route=%2Fwp%2Fv2%2Fcategories&post=21692"},{"taxonomy":"post_tag","embeddable":true,"href":"https:\/\/noticiasveraces.com\/index.php?rest_route=%2Fwp%2Fv2%2Ftags&post=21692"}],"curies":[{"name":"wp","href":"https:\/\/api.w.org\/{rel}","templated":true}]}}