{"id":21673,"date":"2025-04-05T13:04:37","date_gmt":"2025-04-05T17:04:37","guid":{"rendered":"https:\/\/noticiasveraces.com\/?p=21673"},"modified":"2025-04-05T13:04:37","modified_gmt":"2025-04-05T17:04:37","slug":"5-000-medicos-salen-a-la-calle-contra-sanidad-despues-de-20-horas-no-podemos-dar-la-misma-asistencia-sociedad","status":"publish","type":"post","link":"https:\/\/noticiasveraces.com\/?p=21673","title":{"rendered":"5.000 m\u00e9dicos salen a la calle contra Sanidad: \u201cDespu\u00e9s de 20 horas, no podemos dar la misma asistencia\u201d | Sociedad"},"content":{"rendered":"<p> \n<\/p>\n<div data-dtm-region=\"articulo_cuerpo\">\n<p class=\"\">Unos 5.000 m\u00e9dicos de toda Espa\u00f1a se han manifestado este s\u00e1bado en Madrid, seg\u00fan datos de la Delegaci\u00f3n de Gobierno, en contra del borrador del Estatuto Marco del personal estatutario del Sistema Nacional de Salud que ha elaborado el Ministerio de Sanidad. Tanto sus colegios y sindicatos profesionales, como los estudiantes de Medicina, rechazan uno de los objetivos que se hab\u00eda propuesto la ministra M\u00f3nica Garc\u00eda: actualizar las condiciones de trabajo de los sanitarios en un nuevo documento, el anterior tiene m\u00e1s de 20 a\u00f1os de antig\u00fcedad. Sin embargo, una marea de batas blancas se ha parado frente a su ministerio al grito de \u201cNo es vocaci\u00f3n, es explotaci\u00f3n\u201d.<\/p>\n<p class=\"\">En la protesta, donde tambi\u00e9n se ha escuchado \u201cM\u00f3nica Garc\u00eda, no tienes empat\u00eda\u201d, convocada por la Confederaci\u00f3n Estatal de Sindicatos M\u00e9dicos (CESM) y el Sindicato M\u00e9dico Andaluz (SMA) \u2015en un inicio para el 22 de marzo, pero que fue aplazada por las lluvias\u2015, el presidente del CESM, Miguel L\u00e1zaro, ha expresado su raz\u00f3n para salir a las calles: \u201cEstamos aqu\u00ed para darle un mensaje a la ministra, queremos negociar con ella. Hicimos una convocatoria de huelga y eso le obliga a que negocie con nosotros. No nos ha llamado\u201d. Adem\u00e1s, ha pedido un estatuto marco espec\u00edfico para la profesi\u00f3n m\u00e9dica que resuelva lo que \u00e9l considera el principal problema actual: la falta de m\u00e9dicos. \u201cHagamos uno que sirva para captar y fidelizar m\u00e9dicos\u201d, ha expresado.<\/p>\n<p class=\"\">Con una pancarta de al menos dos metros, pintada a mano, con dibujos y demandas como la reducci\u00f3n de la jornada laboral, Cristina Soto Sarri\u00f3n (49 a\u00f1os), jefa del servicio de radiolog\u00eda del hospital Arnau de Vilanova de Valencia, ha caminado con los dem\u00e1s compa\u00f1eros desde la plaza de las Cortes (donde ha comenzado la manifestaci\u00f3n a las 12.00) hasta el ministerio de Sanidad.<\/p>\n<p class=\"\">Reclama que las horas de guardia sean reducidas, pagadas como horas extra y computadas para la jubilaci\u00f3n. \u201cLlevo dos d\u00e9cadas trabajando, haciendo cinco guardias al mes. Eso significa que al a\u00f1o realizo m\u00e1s de 2.600 horas, cuando el resto hace 1.589. Pero estas no nos cuentan, solo nos cuentan las 1.589\u2033, ha indicado. No quiere hacer \u201cguardias de 24 horas porque son un estr\u00e9s\u201d. Dice que no duerme ni concilia su vida familiar.<\/p>\n<figure class=\"a_m a_m-h \"><span class=\"_db a_m_w _pr lb_btn\"><img alt=\"Cristina Soto Sarri\u00f3n, jefa del servicio de radiolog\u00eda en el hospital Arnau Vilanova de Valencia, este s\u00e1bado en la manifestaci\u00f3n en Madrid.\" decoding=\"auto\" class=\"_re lazyload a_m-h\" height=\"277\" srcset=\"https:\/\/imagenes.elpais.com\/resizer\/v2\/SYJXF6FKHZBPVOS73P3FSSF7LE.JPG?auth=b351064488ba2ab641df858c2e1a237046cdb030ed203a85297c9634aa185681&amp;width=414 414w,https:\/\/imagenes.elpais.com\/resizer\/v2\/SYJXF6FKHZBPVOS73P3FSSF7LE.JPG?auth=b351064488ba2ab641df858c2e1a237046cdb030ed203a85297c9634aa185681&amp;width=828 640w,https:\/\/imagenes.elpais.com\/resizer\/v2\/SYJXF6FKHZBPVOS73P3FSSF7LE.JPG?auth=b351064488ba2ab641df858c2e1a237046cdb030ed203a85297c9634aa185681&amp;width=980 1000w,https:\/\/imagenes.elpais.com\/resizer\/v2\/SYJXF6FKHZBPVOS73P3FSSF7LE.JPG?auth=b351064488ba2ab641df858c2e1a237046cdb030ed203a85297c9634aa185681&amp;width=1960 1960w\" width=\"414\" sizes=\"auto, (min-width:1199px) 1155px,(min-width:1001px) calc(100vw - 44px),(min-width:768px) 767px, 100vw\" src=\"https:\/\/imagenes.elpais.com\/resizer\/v2\/SYJXF6FKHZBPVOS73P3FSSF7LE.JPG?auth=b351064488ba2ab641df858c2e1a237046cdb030ed203a85297c9634aa185681&amp;width=414\" loading=\"lazy\"\/><svg aria-hidden=\"true\" class=\"icon_multimedia_ampliar | _pa a_m_i a_m_i-a _dn\" viewbox=\"0 0 40 40\"><use xlink:href=\"#svg-ampliar\"\/><\/svg><\/span><figcaption class=\"a_m_p\" aria-hidden=\"true\"><span>Cristina Soto Sarri\u00f3n, jefa del servicio de radiolog\u00eda en el hospital Arnau Vilanova de Valencia, este s\u00e1bado en la manifestaci\u00f3n en Madrid.<\/span><span class=\"a_m_m\">C\u00e9sar Vallejo Rodr\u00edguez<\/span><\/figcaption><\/figure>\n<p class=\"\">Junto a Soto han llegado los m\u00e9dicos MIR del mismo hospital, chavales de entre 24 y 26 a\u00f1os que realizan la etapa formativa de la residencia. Han salido de Valencia o Murcia a las 6.00 con la intenci\u00f3n de llegar a Madrid a tiempo para manifestarse. Ernesto de Juli\u00e1n (26 a\u00f1os) es uno de ellos: \u201cNecesitamos mejores condiciones como m\u00e9dicos para compaginar nuestra vida profesional con la vida personal. Nuestras guardias no cotizan y yo quiero tener un futuro con mis hijos y mi familia, no solo ser m\u00e9dico, que lo eleg\u00ed porque me gusta, no por esclavitud\u201d.<\/p>\n<p class=\"\">De Juli\u00e1n ha explicado que las guardias de tantas horas no solo afectan a los m\u00e9dicos, sino tambi\u00e9n a los pacientes. \u201cEmpezamos un d\u00eda a las 8.00 y acabamos a la misma hora del d\u00eda siguiente. Despu\u00e9s de 20 horas trabajadas, no podemos dar la misma asistencia que despu\u00e9s de cuatro\u201d, ha expresado tras asegurar que el paciente que llega a las 3.00 recibe una peor atenci\u00f3n que el que llega a las 9.00, cuando el turno acaba de empezar.<\/p>\n<figure class=\"a_m a_m-h \"><span class=\"_db a_m_w _pr lb_btn\"><img alt=\"Los MIR salen a las calles este s\u00e1bado para protestar contra el borrador del estatuto marco que prepara el Ministerio de Sanidad.\" decoding=\"auto\" class=\"_re lazyload a_m-h\" height=\"276\" srcset=\"https:\/\/imagenes.elpais.com\/resizer\/v2\/63NZEWWPCBCBVO3DAAIN4CONKQ.JPG?auth=60861985b0aa9667d33d6209d9b6609727b776eb127cd5e9167460bf0b8174f6&amp;width=414 414w,https:\/\/imagenes.elpais.com\/resizer\/v2\/63NZEWWPCBCBVO3DAAIN4CONKQ.JPG?auth=60861985b0aa9667d33d6209d9b6609727b776eb127cd5e9167460bf0b8174f6&amp;width=828 640w,https:\/\/imagenes.elpais.com\/resizer\/v2\/63NZEWWPCBCBVO3DAAIN4CONKQ.JPG?auth=60861985b0aa9667d33d6209d9b6609727b776eb127cd5e9167460bf0b8174f6&amp;width=980 1000w,https:\/\/imagenes.elpais.com\/resizer\/v2\/63NZEWWPCBCBVO3DAAIN4CONKQ.JPG?auth=60861985b0aa9667d33d6209d9b6609727b776eb127cd5e9167460bf0b8174f6&amp;width=1960 1960w\" width=\"414\" sizes=\"auto, (min-width:1199px) 1155px,(min-width:1001px) calc(100vw - 44px),(min-width:768px) 767px, 100vw\" src=\"https:\/\/imagenes.elpais.com\/resizer\/v2\/63NZEWWPCBCBVO3DAAIN4CONKQ.JPG?auth=60861985b0aa9667d33d6209d9b6609727b776eb127cd5e9167460bf0b8174f6&amp;width=414\" loading=\"lazy\"\/><svg aria-hidden=\"true\" class=\"icon_multimedia_ampliar | _pa a_m_i a_m_i-a _dn\" viewbox=\"0 0 40 40\"><use xlink:href=\"#svg-ampliar\"\/><\/svg><\/span><figcaption class=\"a_m_p\" aria-hidden=\"true\"><span>Los MIR salen a las calles este s\u00e1bado para protestar contra el borrador del estatuto marco que prepara el Ministerio de Sanidad.<\/span><span class=\"a_m_m\">C\u00e9sar Vallejo Rodr\u00edguez<\/span><\/figcaption><\/figure>\n<p class=\"\">Las guardias y las largas jornadas han sido uno de los puntos m\u00e1s sonados durante la ma\u00f1ana de este s\u00e1bado, c\u00e1nticos y carteles reclamaban lo mismo: \u201cGuardia trabajada, guardia cotizada\u201d. Estas horas que reclaman los m\u00e9dicos abarcan un m\u00e1ximo de 24 horas cada una y las jornadas laborales semanales pueden ser de 48 horas (con guardias incluidas), como mucho.<\/p>\n<p class=\"\">\u201cLlevo 24 horas trabajando, \u00bfte anestesio?\u201d, rezaba una pancarta. Los m\u00e9dicos piden hacer 35 horas, de lunes a viernes, y que las guardias sean voluntarias, se paguen como horas extra y computen para la jubilaci\u00f3n. Sanidad propone rebajar las guardias a 17 horas, defiende las 48 horas como m\u00e1ximo y rechaza el car\u00e1cter opcional de las guardias.<\/p>\n<p class=\"\">Las cr\u00edticas del sector m\u00e9dico al nuevo borrador son varias, incluyen tambi\u00e9n la adecuada clasificaci\u00f3n profesional, una remuneraci\u00f3n adecuada y la oposici\u00f3n a la propuesta de vetar a los jefes de servicio de la p\u00fablica ante la posibilidad de trabajar en la privada, entre otros. Piden un estatuto propio que se diferencie de los dem\u00e1s profesionales sanitarios como los enfermeros o los t\u00e9cnicos auxiliares. Consideran que las caracter\u00edsticas de su trabajo, las responsabilidades que tienen y los a\u00f1os de estudio que llevan a las espaldas son muy diferentes.<\/p>\n<p class=\"\">Miguel L\u00e1zaro, quien tambi\u00e9n es presidente del sindicato m\u00e9dico de las Islas Baleares, ha explicado que los doctores tienen \u201cuna singularidad que se basa en su formaci\u00f3n continua, curva de aprendizaje, alta cualificaci\u00f3n y m\u00e1xima responsabilidad, pero condiciones laborales penosas\u201d. Por eso, ha pedido la reclasificaci\u00f3n profesional: \u201cQueremos un grupo A1 plus, como recogen los estatutos de jueces y fiscales, eso conllevar\u00eda una vinculaci\u00f3n retributiva. No somos iguales que las otras categor\u00edas a nivel laboral\u201d.<\/p>\n<p class=\"\">Por otro lado, el documento de Sanidad busca impedir que los jefes de servicio de la p\u00fablica puedan trabajar tambi\u00e9n en las cl\u00ednicas privadas, pues implica un conflicto de intereses, seg\u00fan el ministerio. Sin embargo, las asociaciones m\u00e9dicas indican todo lo contrario, que la restricci\u00f3n evitar\u00e1 que los profesionales m\u00e1s prestigiosos trabajen para la sanidad p\u00fablica, pues muchos priorizar\u00e1n trabajar en la privada si solo tienen una elecci\u00f3n.<\/p>\n<p class=\"\">Adem\u00e1s, el borrador apunta que una vez terminada la formaci\u00f3n MIR, los profesionales tengan exclusividad en la sanidad p\u00fablica por cinco a\u00f1os. Algo que desde el Consejo Estatal de Estudiantes de Medicina (CEEM) han rechazado totalmente. Clara Giraldez (21 a\u00f1os), quien ha llegado de Sevilla para la manifestaci\u00f3n junto a otros 20 compa\u00f1eros de cuarto a\u00f1o de Medicina, rechaza completamente esto. Ha explicado que \u201cen la p\u00fablica normalmente no se gana suficiente dinero\u201d. Considera que se necesita complementar el salario en la privada.<\/p>\n<p class=\"\">El final de la manifestaci\u00f3n ha tenido lugar frente al ministerio de Sanidad donde los m\u00e9dicos han cantado \u201cM\u00f3nica vete ya, M\u00f3nica vete ya\u201d. Los portavoces del CESM han le\u00eddo un manifiesto donde han advertido de que este estatuto marco ha sido \u201cla gota que ha colmado el vaso\u201d, un empeoramiento progresivo de las condiciones laborales para los m\u00e9dicos. Desde el Minsiterio de Sanidad rechazan un documento espec\u00edfico para ellos. \u201cEl nuevo estatuto ser\u00e1 de todos y cada uno de los profesionales, nadie es m\u00e1s que nadie\u201d, dijo la ministra Garc\u00eda durante una rueda de prensa esta semana.<\/p>\n<\/div>\n\n","protected":false},"excerpt":{"rendered":"<p>Unos 5.000 m\u00e9dicos de toda Espa\u00f1a se han manifestado este s\u00e1bado en Madrid, seg\u00fan datos de la Delegaci\u00f3n de Gobierno, en contra del borrador del Estatuto Marco del personal estatutario del Sistema Nacional de Salud que ha elaborado el Ministerio de Sanidad. Tanto sus colegios y sindicatos profesionales, como los estudiantes de Medicina, rechazan uno &hellip;<\/p>\n","protected":false},"author":1,"featured_media":21674,"comment_status":"open","ping_status":"open","sticky":false,"template":"","format":"standard","meta":{"fifu_image_url":"https:\/\/imagenes.elpais.com\/resizer\/v2\/VTFMPXN4R5EHBITESFELHD6MWQ.JPG?auth=5fa82da1ced5f7aadb83ac0e9a3d857df8390f81c0a5ca4ec8316646e3b37ba4&width=1200","fifu_image_alt":"","footnotes":""},"categories":[11],"tags":[],"class_list":["post-21673","post","type-post","status-publish","format-standard","has-post-thumbnail","","category-viaje"],"_links":{"self":[{"href":"https:\/\/noticiasveraces.com\/index.php?rest_route=\/wp\/v2\/posts\/21673","targetHints":{"allow":["GET"]}}],"collection":[{"href":"https:\/\/noticiasveraces.com\/index.php?rest_route=\/wp\/v2\/posts"}],"about":[{"href":"https:\/\/noticiasveraces.com\/index.php?rest_route=\/wp\/v2\/types\/post"}],"author":[{"embeddable":true,"href":"https:\/\/noticiasveraces.com\/index.php?rest_route=\/wp\/v2\/users\/1"}],"replies":[{"embeddable":true,"href":"https:\/\/noticiasveraces.com\/index.php?rest_route=%2Fwp%2Fv2%2Fcomments&post=21673"}],"version-history":[{"count":0,"href":"https:\/\/noticiasveraces.com\/index.php?rest_route=\/wp\/v2\/posts\/21673\/revisions"}],"wp:featuredmedia":[{"embeddable":true,"href":"https:\/\/noticiasveraces.com\/index.php?rest_route=\/wp\/v2\/media\/21674"}],"wp:attachment":[{"href":"https:\/\/noticiasveraces.com\/index.php?rest_route=%2Fwp%2Fv2%2Fmedia&parent=21673"}],"wp:term":[{"taxonomy":"category","embeddable":true,"href":"https:\/\/noticiasveraces.com\/index.php?rest_route=%2Fwp%2Fv2%2Fcategories&post=21673"},{"taxonomy":"post_tag","embeddable":true,"href":"https:\/\/noticiasveraces.com\/index.php?rest_route=%2Fwp%2Fv2%2Ftags&post=21673"}],"curies":[{"name":"wp","href":"https:\/\/api.w.org\/{rel}","templated":true}]}}