{"id":21664,"date":"2025-04-05T12:10:46","date_gmt":"2025-04-05T16:10:46","guid":{"rendered":"https:\/\/noticiasveraces.com\/?p=21664"},"modified":"2025-04-05T12:10:46","modified_gmt":"2025-04-05T16:10:46","slug":"el-destino-de-los-alemanes-secuestrados-en-el-extranjero-dw-05-04-2025","status":"publish","type":"post","link":"https:\/\/noticiasveraces.com\/?p=21664","title":{"rendered":"El destino de los alemanes secuestrados en el extranjero \u2013 DW \u2013 05\/04\/2025"},"content":{"rendered":"<p> \n<\/p>\n<div>\n<p>Sonja N. (nombre completo reservado para cumplir con las leyes de privacidad alemanas) fue secuestrada por hombres armados hace casi siete a\u00f1os en Somalia. En ese momento, la enfermera alemana trabajaba para la Cruz Roja Internacional. Recientemente se public\u00f3 un video donde se la ve a ella pidiendo al gobierno alem\u00e1n y a su familia que hagan todo lo posible por su liberaci\u00f3n. Tambi\u00e9n dijo que su salud se estaba deteriorando r\u00e1pidamente.<\/p>\n<p>Se estima que cientos de ciudadanos alemanes han sido secuestrados en el extranjero en las \u00faltimas d\u00e9cadas. Es dif\u00edcil determinar con exactitud cu\u00e1ntos siguen detenidos actualmente, pues apenas existen cifras. Las m\u00e1s recientes son de 2019, cuando el gobierno alem\u00e1n anunci\u00f3 que 143 alemanes fueron secuestrados en 37 pa\u00edses entre 2010 y 2019. La mayor\u00eda de los casos se registraron en Nigeria, seguida de Afganist\u00e1n, M\u00e9xico, Siria y Senegal.<\/p>\n<figure class=\"placeholder-image master_landscape big\"><img data-format=\"MASTER_LANDSCAPE\" data-id=\"72138124\" data-url=\"https:\/\/static.dw.com\/image\/72138124_${formatId}.jpg\" data-aspect-ratio=\"16\/9\" alt=\"El presidente maliense Amadou Toumani Tour\u00e9 recibi\u00f3 a los turistas europeos liberados, entre ellos nueve alemanes, que hab\u00edan estado retenidos en el Sahara por militantes argelinos durante cinco meses en 2003.\" style=\"padding-bottom: 56.25%; height: 0; max-height: 0;\"\/><figcaption class=\"img-caption\">El presidente maliense Amadou Toumani Tour\u00e9 recibi\u00f3 a los turistas europeos liberados, entre ellos nueve alemanes, que hab\u00edan estado retenidos en el Sahara por militantes argelinos durante cinco meses en 2003.<small class=\"copyright\">Imagen: picture-alliance \/ dpa\/dpaweb<\/small><\/figcaption><\/figure>\n<h2><strong>Equipo de crisis toma el control<\/strong><\/h2>\n<p>En respuesta a un secuestro, se crea un equipo de crisis en el Ministerio de Relaciones Exteriores para coordinar a diversas agencias, como embajadas, servicios de inteligencia federales e intermediarios. J\u00fcrgen Chrobog dirigi\u00f3 dicho equipo dos a\u00f1os, de 2003 a 2005. \u00abLo principal es, ante todo, hacer todo lo posible y generar confianza con los intermediarios para averiguar qu\u00e9 ha sucedido y cu\u00e1les son las exigencias\u00bb, declar\u00f3 a DW.<\/p>\n<p>Durante su etapa activa, se ocup\u00f3 del secuestro de varios turistas alemanes que hab\u00edan sido raptados en Argelia y Mali mientras viajaban por el desierto del Sahara en 2003. Las negociaciones fueron exitosas y todos los rehenes, excepto uno, que muri\u00f3 de insolaci\u00f3n, fueron liberados. Chrobog recuerda que la estrecha relaci\u00f3n de confianza entre el presidente maliense y los tuaregs sobre el terreno fue el factor decisivo.<\/p>\n<figure class=\"placeholder-image master_landscape big\"><img data-format=\"MASTER_LANDSCAPE\" data-id=\"72139930\" data-url=\"https:\/\/static.dw.com\/image\/72139930_${formatId}.jpg\" data-aspect-ratio=\"16\/9\" alt=\"El diplom\u00e1tico alem\u00e1n J\u00fcrgen Chrobog y su familia fueron secuestrados brevemente en Yemen en 2005.\" style=\"padding-bottom: 56.25%; height: 0; max-height: 0;\"\/><figcaption class=\"img-caption\">El diplom\u00e1tico alem\u00e1n J\u00fcrgen Chrobog y su familia fueron secuestrados brevemente en Yemen en 2005.<small class=\"copyright\">Imagen: Franz-Peter Tschauner\/DPA\/Picture Alliance<\/small><\/figcaption><\/figure>\n<p>Curiosamente, el propio Chrobog fue secuestrado en Yemen junto con su familia apenas unos meses despu\u00e9s de su jubilaci\u00f3n en 2005. Se vio envuelto en una disputa tribal, que afortunadamente se resolvi\u00f3 r\u00e1pidamente y la familia fue liberada.<\/p>\n<h2><strong>Amplia gama de v\u00edctimas<\/strong><\/h2>\n<p>En la mayor\u00eda de los casos, por supuesto, no son \u00abprofesionales\u00bb como Chrobog quienes se encuentran en las garras de actores no estatales o incluso estatales. Las v\u00edctimas son enfermeras, sacerdotes, cooperantes, disidentes o simplemente turistas.<\/p>\n<p>En el a\u00f1o 2000, la familia alemana Wallert fue secuestrada junto con otros turistas durante sus vacaciones de Semana Santa en Malasia.<\/p>\n<p>El grupo rebelde Abu Sayyaf los llev\u00f3 a la isla filipina de Jolo. El caso destac\u00f3 porque los militantes invitaron repetidamente a periodistas a su escondite en la selva para filmar a los rehenes y entrevistar a los secuestradores.<\/p>\n<p>Tras su liberaci\u00f3n meses despu\u00e9s, los Wallert se convirtieron en una de las familias m\u00e1s conocidas de Alemania.<\/p>\n<figure class=\"placeholder-image master_landscape big\"><img data-format=\"MASTER_LANDSCAPE\" data-id=\"72139866\" data-url=\"https:\/\/static.dw.com\/image\/72139866_${formatId}.jpg\" data-aspect-ratio=\"16\/9\" alt=\"Renate y Werner Wallert dieron varias entrevistas despu\u00e9s de haber sido secuestrados junto con otros turistas durante unas vacaciones en el sudeste asi\u00e1tico.\" style=\"padding-bottom: 56.25%; height: 0; max-height: 0;\"\/><figcaption class=\"img-caption\">Renate y Werner Wallert dieron varias entrevistas despu\u00e9s de haber sido secuestrados junto con otros turistas durante unas vacaciones en el sudeste asi\u00e1tico.<small class=\"copyright\">Imagen: Uwe Zucchi\/DPA\/Picture Alliance<\/small><\/figcaption><\/figure>\n<p>A veces, quienes son liberados hablan m\u00e1s tarde y relatan su experiencia. Esta es la \u00fanica forma en que se conocen algunos casos de secuestro, ya que el Ministerio de Relaciones Exteriores mantiene una rigurosa pol\u00edtica de confidencialidad.<\/p>\n<p>Un caso reciente fue el del cl\u00e9rigo cat\u00f3lico Hans-Joachim Lohre, quien desapareci\u00f3 en Mali en noviembre de 2022 cuando se dirig\u00eda a celebrar una misa. Tard\u00f3 casi un a\u00f1o en ser liberado. En una entrevista con DW, recuerda el momento de su secuestro: \u00abAlguien me agarr\u00f3 por detr\u00e1s y me arrastr\u00f3 al asiento trasero de un Mercedes. Y luego nos pusimos en marcha. No tard\u00f3 m\u00e1s de cinco o diez segundos\u00bb.<\/p>\n<p>R\u00e1pidamente se dio cuenta de que ten\u00eda que encontrar una estrategia de supervivencia. \u00abMe dije: tengo que darle sentido a este tiempo de cautiverio, as\u00ed dure uno, dos o cinco a\u00f1os\u00bb, cuenta. Rezaba varias veces al d\u00eda e incluso intent\u00f3 hablar de religi\u00f3n con sus secuestradores, un grupo de yihadistas.<\/p>\n<figure class=\"placeholder-image master_landscape big\"><img data-format=\"MASTER_LANDSCAPE\" data-id=\"72095115\" data-url=\"https:\/\/static.dw.com\/image\/72095115_${formatId}.jpg\" data-aspect-ratio=\"16\/9\" alt=\"El cl\u00e9rigo cat\u00f3lico Hans-Joachim Lohre fue secuestrado y retenido durante un a\u00f1o en Mali en 2022.\" style=\"padding-bottom: 56.25%; height: 0; max-height: 0;\"\/><figcaption class=\"img-caption\">El cl\u00e9rigo cat\u00f3lico Hans-Joachim Lohre fue secuestrado y retenido durante un a\u00f1o en Mali en 2022.<small class=\"copyright\">Imagen: Raphael Atenas<\/small><\/figcaption><\/figure>\n<p>Tras un a\u00f1o de negociaciones para su liberaci\u00f3n, estas resultaron exitosas, aunque no sabe exactamente c\u00f3mo. Sin embargo, le alegr\u00f3 saber que el presidente del Alto Consejo Isl\u00e1mico de Mali tambi\u00e9n or\u00f3 por su liberaci\u00f3n y considera que esto contribuy\u00f3 a profundizar el di\u00e1logo entre musulmanes y cristianos.<\/p>\n<p>Muchos secuestradores son actores no estatales: miembros de grupos \u00e9tnicos o religiosos escindidos, o de tribus que participan en alg\u00fan conflicto. Sin embargo, tambi\u00e9n hay casos en los que los gobiernos se convierten en perpetradores, como en el caso de Ir\u00e1n, que ha encarcelado repetidamente a ciudadanos alemanes, a veces con doble nacionalidad. Un ejemplo es el de Jamshid Sharmahd, quien fue llevado de Dub\u00e1i a Ir\u00e1n, encarcelado all\u00ed cuatro a\u00f1os y finalmente ejecutado en octubre de 2024.<\/p>\n<p><span data-slot-id=\"Article_InContent-1\" class=\"rich-text-ad\"\/><\/p>\n<h2><strong>Diplomacia discreta o amplia publicidad<\/strong><\/h2>\n<p>El encarcelamiento de la reh\u00e9n alemana Nahid Taghavi en Ir\u00e1n tuvo un desenlace m\u00e1s feliz: fue liberada en enero.<\/p>\n<p>La organizaci\u00f3n de derechos humanos Hawar actu\u00f3 en nombre de Taghavi. Mariam Claren trabaja para Hawar y tambi\u00e9n se vio personalmente afectada, porque Nahid Taghavi es su madre. \u00abCuando un estado autoritario arresta o secuestra a alguien, al principio se desconoce la verdad. Y, por mi propia experiencia, y tambi\u00e9n lo recomendamos como ONG, es muy importante informar p\u00fablicamente de inmediato\u00bb, explica Claren a DW.<\/p>\n<figure class=\"placeholder-image master_landscape big\"><img data-format=\"MASTER_LANDSCAPE\" data-id=\"71283166\" data-url=\"https:\/\/static.dw.com\/image\/71283166_${formatId}.jpg\" data-aspect-ratio=\"16\/9\" alt=\"La germano-iran\u00ed Nahid Taghavi (izquierda en la imagen) fue retenida en Ir\u00e1n y liberada en enero de 2025.\" style=\"padding-bottom: 56.25%; height: 0; max-height: 0;\"\/><figcaption class=\"img-caption\">La germano-iran\u00ed Nahid Taghavi (izquierda en la imagen) fue retenida en Ir\u00e1n y liberada en enero de 2025.<small class=\"copyright\">Imagen: H\u00c1WAR.help\/dpa\/7picture alliance<\/small><\/figcaption><\/figure>\n<p>Porque la publicidad protege al detenido: con el tiempo, gracias a una mayor presi\u00f3n p\u00fablica, Nahid Taghavi consigui\u00f3 mejores condiciones penitenciarias y acceso a medicamentos.<\/p>\n<p>Claren colabor\u00f3 \u200b\u200bestrechamente con el Ministerio de Relaciones Exteriores para liberar a su madre y agradece la ayuda recibida. Sin embargo, al mismo tiempo, critica el principio alem\u00e1n de diplomacia discreta: \u00abEstados Unidos tiene un enviado especial para rehenes en el extranjero. En Francia, hablan p\u00fablicamente sobre la toma de rehenes\u00bb, afirma Claren. \u00abPara ser justa, debo decir que funcion\u00f3. Mi madre fue liberada. Pero a menudo me sent\u00ed abandonada\u00bb, agrega.<\/p>\n<p>Esta es otra raz\u00f3n por la que el video de la enfermera alemana secuestrada en Somalia le impact\u00f3. \u00abMe pareci\u00f3 desgarrador. Si fuera mi madre, movilizar\u00eda a todo el mundo\u00bb, asegura Claren. Esto, a\u00f1ade, sirve para aumentar la presi\u00f3n y garantizar que la v\u00edctima no caiga en el olvido.<\/p>\n<p>(R\/DZC)<\/p>\n<\/div>\n\n","protected":false},"excerpt":{"rendered":"<p>Sonja N. (nombre completo reservado para cumplir con las leyes de privacidad alemanas) fue secuestrada por hombres armados hace casi siete a\u00f1os en Somalia. En ese momento, la enfermera alemana trabajaba para la Cruz Roja Internacional. Recientemente se public\u00f3 un video donde se la ve a ella pidiendo al gobierno alem\u00e1n y a su familia &hellip;<\/p>\n","protected":false},"author":1,"featured_media":21665,"comment_status":"open","ping_status":"open","sticky":false,"template":"","format":"standard","meta":{"fifu_image_url":"https:\/\/static.dw.com\/image\/72141294_6.jpg","fifu_image_alt":"","footnotes":""},"categories":[13],"tags":[],"class_list":["post-21664","post","type-post","status-publish","format-standard","has-post-thumbnail","","category-mundo"],"_links":{"self":[{"href":"https:\/\/noticiasveraces.com\/index.php?rest_route=\/wp\/v2\/posts\/21664","targetHints":{"allow":["GET"]}}],"collection":[{"href":"https:\/\/noticiasveraces.com\/index.php?rest_route=\/wp\/v2\/posts"}],"about":[{"href":"https:\/\/noticiasveraces.com\/index.php?rest_route=\/wp\/v2\/types\/post"}],"author":[{"embeddable":true,"href":"https:\/\/noticiasveraces.com\/index.php?rest_route=\/wp\/v2\/users\/1"}],"replies":[{"embeddable":true,"href":"https:\/\/noticiasveraces.com\/index.php?rest_route=%2Fwp%2Fv2%2Fcomments&post=21664"}],"version-history":[{"count":0,"href":"https:\/\/noticiasveraces.com\/index.php?rest_route=\/wp\/v2\/posts\/21664\/revisions"}],"wp:featuredmedia":[{"embeddable":true,"href":"https:\/\/noticiasveraces.com\/index.php?rest_route=\/wp\/v2\/media\/21665"}],"wp:attachment":[{"href":"https:\/\/noticiasveraces.com\/index.php?rest_route=%2Fwp%2Fv2%2Fmedia&parent=21664"}],"wp:term":[{"taxonomy":"category","embeddable":true,"href":"https:\/\/noticiasveraces.com\/index.php?rest_route=%2Fwp%2Fv2%2Fcategories&post=21664"},{"taxonomy":"post_tag","embeddable":true,"href":"https:\/\/noticiasveraces.com\/index.php?rest_route=%2Fwp%2Fv2%2Ftags&post=21664"}],"curies":[{"name":"wp","href":"https:\/\/api.w.org\/{rel}","templated":true}]}}