{"id":21659,"date":"2025-04-05T11:10:04","date_gmt":"2025-04-05T15:10:04","guid":{"rendered":"https:\/\/noticiasveraces.com\/?p=21659"},"modified":"2025-04-05T11:10:04","modified_gmt":"2025-04-05T15:10:04","slug":"protesta-en-seul-en-apoyo-al-destituido-presidente-yoon-dw-05-04-2025","status":"publish","type":"post","link":"https:\/\/noticiasveraces.com\/?p=21659","title":{"rendered":"Protesta en Se\u00fal en apoyo al destituido presidente Yoon \u2013 DW \u2013 05\/04\/2025"},"content":{"rendered":"<p> \n<\/p>\n<div>\n<p>Miles de personas manifestaron este s\u00e1bado (05.04.2025) en la capital de Corea del Sur, S\u00e9ul, para apoyar al destituido presidente Yoon Suk Yeol, apartado de su cargo el viernes por imponer brevemente en diciembre una ley marcial que sumi\u00f3 al pa\u00eds en una crisis.<\/p>\n<p>La sentencia implica la convocatoria de elecciones presidenciales anticipadas en un plazo m\u00e1ximo de 60 d\u00edas.<\/p>\n<p>Los seguidores del destituido mandatario desafiaron la lluvia y salieron a las calles. \u00abEl proceso de destituci\u00f3n no es v\u00e1lido\u00bb, \u00abanulen las elecciones anticipadas\u00bb, corearon.<\/p>\n<h2><strong>Ley marcial es\u00a0una \u00abgrave amenaza\u00bb para Corea del Sur<\/strong><\/h2>\n<p>Al declarar la ley marcial en diciembre, Yoon justific\u00f3 la medida en la amenaza que representa Corea del Norte, su beligerante vecino con armamento nuclear, y en la presencia de elementos antiestatales en la Asamblea Nacional.<\/p>\n<p>El tribunal, sin embargo, dictamin\u00f3 que las acciones de Yoon supusieron una \u00abgrave amenaza\u00bb para la estabilidad del pa\u00eds.<\/p>\n<p>El destituido mandatario encontr\u00f3 respaldo entre figuras religiosas extremistas y <em>YouTubers<\/em> de derecha, que seg\u00fan expertos usaron la desinformaci\u00f3n para conseguir apoyo.<\/p>\n<p>El l\u00edder de la oposici\u00f3n, Lee Jae-myung, se perfila ahora como favorito para las pr\u00f3ximas elecciones y su partido ha adoptado una postura m\u00e1s conciliadora hacia Corea del Norte.<\/p>\n<p>RR (AFP\/EFE)<\/p>\n<\/div>\n\n","protected":false},"excerpt":{"rendered":"<p>Miles de personas manifestaron este s\u00e1bado (05.04.2025) en la capital de Corea del Sur, S\u00e9ul, para apoyar al destituido presidente Yoon Suk Yeol, apartado de su cargo el viernes por imponer brevemente en diciembre una ley marcial que sumi\u00f3 al pa\u00eds en una crisis. La sentencia implica la convocatoria de elecciones presidenciales anticipadas en un &hellip;<\/p>\n","protected":false},"author":1,"featured_media":21660,"comment_status":"open","ping_status":"open","sticky":false,"template":"","format":"standard","meta":{"fifu_image_url":"https:\/\/static.dw.com\/image\/72133855_6.jpg","fifu_image_alt":"","footnotes":""},"categories":[13],"tags":[],"class_list":["post-21659","post","type-post","status-publish","format-standard","has-post-thumbnail","","category-mundo"],"_links":{"self":[{"href":"https:\/\/noticiasveraces.com\/index.php?rest_route=\/wp\/v2\/posts\/21659","targetHints":{"allow":["GET"]}}],"collection":[{"href":"https:\/\/noticiasveraces.com\/index.php?rest_route=\/wp\/v2\/posts"}],"about":[{"href":"https:\/\/noticiasveraces.com\/index.php?rest_route=\/wp\/v2\/types\/post"}],"author":[{"embeddable":true,"href":"https:\/\/noticiasveraces.com\/index.php?rest_route=\/wp\/v2\/users\/1"}],"replies":[{"embeddable":true,"href":"https:\/\/noticiasveraces.com\/index.php?rest_route=%2Fwp%2Fv2%2Fcomments&post=21659"}],"version-history":[{"count":0,"href":"https:\/\/noticiasveraces.com\/index.php?rest_route=\/wp\/v2\/posts\/21659\/revisions"}],"wp:featuredmedia":[{"embeddable":true,"href":"https:\/\/noticiasveraces.com\/index.php?rest_route=\/wp\/v2\/media\/21660"}],"wp:attachment":[{"href":"https:\/\/noticiasveraces.com\/index.php?rest_route=%2Fwp%2Fv2%2Fmedia&parent=21659"}],"wp:term":[{"taxonomy":"category","embeddable":true,"href":"https:\/\/noticiasveraces.com\/index.php?rest_route=%2Fwp%2Fv2%2Fcategories&post=21659"},{"taxonomy":"post_tag","embeddable":true,"href":"https:\/\/noticiasveraces.com\/index.php?rest_route=%2Fwp%2Fv2%2Ftags&post=21659"}],"curies":[{"name":"wp","href":"https:\/\/api.w.org\/{rel}","templated":true}]}}