{"id":21644,"date":"2025-04-05T06:00:54","date_gmt":"2025-04-05T10:00:54","guid":{"rendered":"https:\/\/noticiasveraces.com\/?p=21644"},"modified":"2025-04-05T06:00:54","modified_gmt":"2025-04-05T10:00:54","slug":"thomas-muller-sale-del-bayern-tras-25-anos-en-el-club-dw-05-04-2025","status":"publish","type":"post","link":"https:\/\/noticiasveraces.com\/?p=21644","title":{"rendered":"Thomas M\u00fcller sale del Bayern tras 25 a\u00f1os en el club \u2013 DW \u2013 05\/04\/2025"},"content":{"rendered":"<p> \n<\/p>\n<div>\n<p>El alem\u00e1n Thomas M\u00fcller, dos veces campe\u00f3n de la Champions League, anunci\u00f3 este s\u00e1bado (05.04.2025) su marcha del Bayern M\u00fanich al final de la temporada, club en cuya cantera se enrol\u00f3 en 2000.<\/p>\n<p>En un mensaje publicado en sus redes sociales en forma de carta a los aficionados, el delantero de 35 a\u00f1os y campe\u00f3n del mundo en 2014 con Alemania explica que hubiera deseado estar una temporada m\u00e1s en el equipo de su vida, pero que la direcci\u00f3n decidi\u00f3 no ofrecerle un nuevo contrato.<\/p>\n<h2><strong>Partido de despedida<\/strong><\/h2>\n<p>\u00abAunque eso no correspond\u00eda con mis deseos personales, es importante que el club siga sus convicciones\u00bb, expres\u00f3 M\u00fcller, que pas\u00f3 a profesional en el Bayern en julio de 2009 y es el jugador con m\u00e1s partidos en la historia del club b\u00e1varo, con 743; adem\u00e1s de 247 goles.<\/p>\n<p>\u00abEl Bayern celebrar\u00e1 su magn\u00edfica carrera con un partido de despedida\u00bb, explic\u00f3 el club en un comunicado publicado unos minutos despu\u00e9s del anuncio del jugador.<\/p>\n<blockquote class=\"tweet embed\" data-id=\"1908435433395994722\"\/>\n<p>M\u00fcller disputar\u00e1 sus \u00faltimos partidos con el Bayern en Estados Unidos del 15 de junio al 13 de julio durante el Mundial de Clubes, indic\u00f3 el club. No precis\u00f3 si cuenta con proseguir su carrera en otro equipo.<\/p>\n<h2><strong>Una carrera prol\u00edfica<\/strong><\/h2>\n<p>El futbolista tiene uno de los palmareses m\u00e1s ricos del f\u00fatbol alem\u00e1n, con dos Champions, un Mundial, 12 Bundesligas alemanas, seis Copas de Alemania, dos Supercopas de Europa y dos copas del Mundial de Clubes.<\/p>\n<p>Disput\u00f3 el primero de sus 131 partidos con la selecci\u00f3n alemana el 3 de marzo de 2010 en el Allianz Arena de M\u00fanich, un partido amistoso contra Argentina perdido 1-0.<\/p>\n<p>Adem\u00e1s, finaliz\u00f3 el Mundial Brasil 2014 como m\u00e1ximo goleador, con 5 dianas.<\/p>\n<p>RR (AFP\/DPA)<\/p>\n<\/div>\n\n","protected":false},"excerpt":{"rendered":"<p>El alem\u00e1n Thomas M\u00fcller, dos veces campe\u00f3n de la Champions League, anunci\u00f3 este s\u00e1bado (05.04.2025) su marcha del Bayern M\u00fanich al final de la temporada, club en cuya cantera se enrol\u00f3 en 2000. En un mensaje publicado en sus redes sociales en forma de carta a los aficionados, el delantero de 35 a\u00f1os y campe\u00f3n &hellip;<\/p>\n","protected":false},"author":1,"featured_media":21645,"comment_status":"open","ping_status":"open","sticky":false,"template":"","format":"standard","meta":{"fifu_image_url":"https:\/\/static.dw.com\/image\/72118056_6.jpg","fifu_image_alt":"","footnotes":""},"categories":[13],"tags":[],"class_list":["post-21644","post","type-post","status-publish","format-standard","has-post-thumbnail","","category-mundo"],"_links":{"self":[{"href":"https:\/\/noticiasveraces.com\/index.php?rest_route=\/wp\/v2\/posts\/21644","targetHints":{"allow":["GET"]}}],"collection":[{"href":"https:\/\/noticiasveraces.com\/index.php?rest_route=\/wp\/v2\/posts"}],"about":[{"href":"https:\/\/noticiasveraces.com\/index.php?rest_route=\/wp\/v2\/types\/post"}],"author":[{"embeddable":true,"href":"https:\/\/noticiasveraces.com\/index.php?rest_route=\/wp\/v2\/users\/1"}],"replies":[{"embeddable":true,"href":"https:\/\/noticiasveraces.com\/index.php?rest_route=%2Fwp%2Fv2%2Fcomments&post=21644"}],"version-history":[{"count":0,"href":"https:\/\/noticiasveraces.com\/index.php?rest_route=\/wp\/v2\/posts\/21644\/revisions"}],"wp:featuredmedia":[{"embeddable":true,"href":"https:\/\/noticiasveraces.com\/index.php?rest_route=\/wp\/v2\/media\/21645"}],"wp:attachment":[{"href":"https:\/\/noticiasveraces.com\/index.php?rest_route=%2Fwp%2Fv2%2Fmedia&parent=21644"}],"wp:term":[{"taxonomy":"category","embeddable":true,"href":"https:\/\/noticiasveraces.com\/index.php?rest_route=%2Fwp%2Fv2%2Fcategories&post=21644"},{"taxonomy":"post_tag","embeddable":true,"href":"https:\/\/noticiasveraces.com\/index.php?rest_route=%2Fwp%2Fv2%2Ftags&post=21644"}],"curies":[{"name":"wp","href":"https:\/\/api.w.org\/{rel}","templated":true}]}}