{"id":21592,"date":"2025-04-04T20:50:57","date_gmt":"2025-04-05T00:50:57","guid":{"rendered":"https:\/\/noticiasveraces.com\/?p=21592"},"modified":"2025-04-04T20:50:57","modified_gmt":"2025-04-05T00:50:57","slug":"tendria-que-ser-arrestado-benjamin-netanyahu-en-alemania-dw-04-04-2025","status":"publish","type":"post","link":"https:\/\/noticiasveraces.com\/?p=21592","title":{"rendered":"\u00bfTendr\u00eda que ser arrestado Benjam\u00edn Netanyahu en Alemania? \u2013 DW \u2013 04\/04\/2025"},"content":{"rendered":"<p> \n<\/p>\n<div>\n<p>En teor\u00eda, Benjam\u00edn Netanyahu podr\u00eda haber sido detenido durante su visita a Hungr\u00eda, el jueves (3.4.2025). Esto se debe a que la Corte Penal Internacional\u00a0(CPI) de La Haya emiti\u00f3 una orden de detenci\u00f3n contra el primer ministro israel\u00ed en noviembre de 2024, por presuntos cr\u00edmenes de guerra en la Franja de Gaza y cr\u00edmenes contra la humanidad.<\/p>\n<p>Pero Netanyahu pudo\u00a0confiar durante su estancia en Hungr\u00eda en que nadie lo iba a molestar. Aunque este pa\u00eds\u00a0forma parte de la Uni\u00f3n Europea y es miembro fundador de la Corte Penal Internacional, el gobernante autoritario populista de derecha Viktor Orb\u00e1n prometi\u00f3 abiertamente a su invitado un salvoconducto antes de su visita.<\/p>\n<h2>Ni Scholz ni Merz se imaginan una detenci\u00f3n de Netanyahu<\/h2>\n<p>En realidad, Netanyahu probablemente no tendr\u00eda nada que temer en la mayor\u00eda de los dem\u00e1s pa\u00edses europeos, incluida Alemania. El canciller en funciones, Olaf Scholz, que seguir\u00e1 en el cargo hasta que se forme un nuevo gobierno, dijo ayer en Berl\u00edn: \u00abNo puedo imaginar que vaya a haber una detenci\u00f3n en Alemania\u00bb.<\/p>\n<p>Sus palabras recuerdan a las que su posible sucesor, Friedrich Merz, pronunci\u00f3 un d\u00eda despu\u00e9s de las elecciones al Bundestag, el 23 de febrero: \u00abMe parece una idea completamente absurda que un primer ministro israel\u00ed no pueda visitar la Rep\u00fablica Federal de Alemania\u00bb. Al parecer, el democristiano Merz hab\u00eda prometido a Netanyahu en una llamada telef\u00f3nica que encontrar\u00eda los medios para visitar Alemania y marcharse de nuevo sin ser detenido.<\/p>\n<p><span data-slot-id=\"Article_InContent-1\" class=\"rich-text-ad\"\/><\/p>\n<h2>El Bundestag ha encargado un informe de expertos<\/h2>\n<p>Pero las cosas no son tan f\u00e1ciles como se imagina Merz. Eso es lo que se deriva del resultado de un estudio pericial elaborado por el Servicio Cient\u00edfico del Parlamento alem\u00e1n, a petici\u00f3n del pol\u00edtico del partido La\u00a0Izquierda Gregor Gysi. En el n\u00facleo de ese an\u00e1lisis est\u00e1n las obligaciones relativas al derecho internacional para los 124 Estados que forman parte de la Corte Penal Internacional, obligaciones establecidas en el documento fundacional, el llamado Estatuto de Roma.<\/p>\n<p>El art\u00edculo 89 dice: \u00abLa Corte podr\u00e1 pedir a cualquier Estado en cuyo territorio se crea que se encuentra una persona (&#8230;) que coopere en la detenci\u00f3n y entrega de esa persona\u00bb. Por tanto, Alemania tendr\u00eda que extraditar a Netanyahu a La Haya, ya que eso se desprende de la ley de cooperaci\u00f3n con la CPI, aprobada por el Bundestag en 2002.<\/p>\n<h2>Te\u00f3ricamente, Netanyahu deber\u00eda ser extraditado<\/h2>\n<p>El p\u00e1rrafo 2 es claro: \u00abLas personas cuya entrega haya sido solicitada por la Corte Penal Internacional, de conformidad con el Estatuto de Roma, y que se encuentren en Alemania, ser\u00e1n entregadas para su enjuiciamiento y ejecuci\u00f3n de la pena de conformidad con el Estatuto de Roma y la presente ley.\u00bb<\/p>\n<p>En su informe, el Servicio de Investigaci\u00f3n del Bundestag aclara que no hay margen legal para ignorar una orden de detenci\u00f3n internacional: \u00abAl contrario, el Ministerio de Justicia tendr\u00eda que remitir una solicitud de traslado a la fiscal\u00eda competente para que se proceda a la detenci\u00f3n\u00bb. <\/p>\n<h2>Responsabilidad hist\u00f3rica de Alemania hacia Israel<\/h2>\n<p>El informe tambi\u00e9n aborda la especial responsabilidad pol\u00edtica y moral de Alemania hacia Israel. Durante la \u00e9poca nacionalsocialista, unos seis millones de personas de confesi\u00f3n jud\u00eda fueron asesinadas sistem\u00e1ticamente en Europa hasta el final de la Segunda Guerra Mundial, en 1945. Debido a esta culpa y responsabilidad hist\u00f3ricas, se considera que garantizar el derecho de Israel a existir y su seguridad son raz\u00f3n de Estado para Alemania.<\/p>\n<figure class=\"placeholder-image master_landscape big\"><img data-format=\"MASTER_LANDSCAPE\" data-id=\"71915381\" data-url=\"https:\/\/static.dw.com\/image\/71915381_${formatId}.jpg\" data-aspect-ratio=\"16\/9\" alt=\"Primer plano de Putin haciendo un gesto levantando el \u00edndice de su mano derecha. \" style=\"padding-bottom: 56.25%; height: 0; max-height: 0;\"\/><figcaption class=\"img-caption\">Tambi\u00e9n sobre Putin pende una orden internacional de detenci\u00f3n de la CPI. <small class=\"copyright\">Imagen: Maxim Shemetov\/AFP<\/small><\/figcaption><\/figure>\n<p>Sin embargo, subraya el Servicio de Investigaci\u00f3n, esta es una m\u00e1xima puramente pol\u00edtica, no un principio jur\u00eddicamente vinculante de la autoridad estatal y la pol\u00edtica exterior alemanas. El debate sobre una posible detenci\u00f3n de Netanyahu por las autoridades alemanas es, por tanto, un dilema pol\u00edtico, pero no jur\u00eddico.<\/p>\n<h2>Tambi\u00e9n existe orden de arresto contra Vladimir Putin<\/h2>\n<p>Hay otro punto delicado en el debate pol\u00edtico y medi\u00e1tico sobre la relaci\u00f3n de Alemania con el primer ministro de Israel, Netanyahu, y tiene que ver con Vladimir Putin: desde marzo de 2023, tambi\u00e9n hay una orden de arresto de la Corte Penal Internacional contra el presidente ruso por presuntos cr\u00edmenes de guerra y cr\u00edmenes contra la humanidad.<\/p>\n<p>En aquel momento, el canciller Olaf Scholz y su entonces ministro de Justicia, Marco Buschmann, no dejaron ninguna duda al respecto: habr\u00eda que extraditar a Putin si este pisara suelo alem\u00e1n. Alemania estar\u00eda obligada a detenerlo y entregarlo a la Corte Penal Internacional.<\/p>\n<p>Por su parte, el Gobierno ha dado a la prensa respuestas evasivas ante el informe del Servicio Cient\u00edfico del Bundestag. En la conferencia de prensa ofrecida tras su publicaci\u00f3n, la contestaci\u00f3n fue: \u00abPor supuesto, tomamos nota de esto, pero todav\u00eda no puedo proporcionar un nuevo estatus\u00bb, dijo una portavoz del Gobierno.<\/p>\n<p>(MS\/CP)<\/p>\n<\/p>\n<\/div>\n\n","protected":false},"excerpt":{"rendered":"<p>En teor\u00eda, Benjam\u00edn Netanyahu podr\u00eda haber sido detenido durante su visita a Hungr\u00eda, el jueves (3.4.2025). Esto se debe a que la Corte Penal Internacional\u00a0(CPI) de La Haya emiti\u00f3 una orden de detenci\u00f3n contra el primer ministro israel\u00ed en noviembre de 2024, por presuntos cr\u00edmenes de guerra en la Franja de Gaza y cr\u00edmenes contra &hellip;<\/p>\n","protected":false},"author":1,"featured_media":21593,"comment_status":"open","ping_status":"open","sticky":false,"template":"","format":"standard","meta":{"fifu_image_url":"https:\/\/static.dw.com\/image\/71973824_6.jpg","fifu_image_alt":"","footnotes":""},"categories":[13],"tags":[],"class_list":["post-21592","post","type-post","status-publish","format-standard","has-post-thumbnail","","category-mundo"],"_links":{"self":[{"href":"https:\/\/noticiasveraces.com\/index.php?rest_route=\/wp\/v2\/posts\/21592","targetHints":{"allow":["GET"]}}],"collection":[{"href":"https:\/\/noticiasveraces.com\/index.php?rest_route=\/wp\/v2\/posts"}],"about":[{"href":"https:\/\/noticiasveraces.com\/index.php?rest_route=\/wp\/v2\/types\/post"}],"author":[{"embeddable":true,"href":"https:\/\/noticiasveraces.com\/index.php?rest_route=\/wp\/v2\/users\/1"}],"replies":[{"embeddable":true,"href":"https:\/\/noticiasveraces.com\/index.php?rest_route=%2Fwp%2Fv2%2Fcomments&post=21592"}],"version-history":[{"count":0,"href":"https:\/\/noticiasveraces.com\/index.php?rest_route=\/wp\/v2\/posts\/21592\/revisions"}],"wp:featuredmedia":[{"embeddable":true,"href":"https:\/\/noticiasveraces.com\/index.php?rest_route=\/wp\/v2\/media\/21593"}],"wp:attachment":[{"href":"https:\/\/noticiasveraces.com\/index.php?rest_route=%2Fwp%2Fv2%2Fmedia&parent=21592"}],"wp:term":[{"taxonomy":"category","embeddable":true,"href":"https:\/\/noticiasveraces.com\/index.php?rest_route=%2Fwp%2Fv2%2Fcategories&post=21592"},{"taxonomy":"post_tag","embeddable":true,"href":"https:\/\/noticiasveraces.com\/index.php?rest_route=%2Fwp%2Fv2%2Ftags&post=21592"}],"curies":[{"name":"wp","href":"https:\/\/api.w.org\/{rel}","templated":true}]}}