{"id":21589,"date":"2025-04-04T20:31:20","date_gmt":"2025-04-05T00:31:20","guid":{"rendered":"https:\/\/noticiasveraces.com\/?p=21589"},"modified":"2025-04-04T20:31:20","modified_gmt":"2025-04-05T00:31:20","slug":"la-investigacion-muestra-el-vinculo-entre-la-vacuna-contra-la-tejas-y-el-menor-riesgo-de-demencia","status":"publish","type":"post","link":"https:\/\/noticiasveraces.com\/?p=21589","title":{"rendered":"La investigaci\u00f3n muestra el v\u00ednculo entre la vacuna contra la tejas y el menor riesgo de demencia"},"content":{"rendered":"<p> \n<\/p>\n<div>\n<p class=\"speakable\">El v\u00ednculo entre la vacuna Zoster y un riesgo de demencia m\u00e1s bajo se ha fortalecido en nuevas investigaciones.<\/p>\n<p class=\"speakable\">Un estudio realizado por Stanford Medicine, publicado en la revista Nature el 2 de abril, encontr\u00f3 que la vacuna, que se utiliza para prevenir el tejas, redujo la probabilidad de un nuevo diagn\u00f3stico de demencia en aproximadamente un 20% en los pr\u00f3ximos siete a\u00f1os.<\/p>\n<p>\u00abSi estos hallazgos son realmente causales, la vacuna Zoster ser\u00e1 mucho m\u00e1s efectiva y rentable para prevenir o retrasar la demencia que las intervenciones farmac\u00e9uticas existentes\u00bb, se\u00f1alaron los investigadores en el estudio.<\/p>\n<p><strong>El nuevo an\u00e1lisis de sangre diagnostica la enfermedad de Alzheimer y mide qu\u00e9 tan lejos est\u00e1 progresado<\/strong><\/p>\n<p>Estos hallazgos tambi\u00e9n respaldan una teor\u00eda emergente de que los virus que afectan el sistema nervioso pueden aumentar el riesgo de demencia.<\/p>\n<p>El autor de estudio senior Pascal Geldsetzer, MD, PhD, profesor asistente de medicina en Stanford, dijo que considera estos hallazgos \u00abenormemente importantes\u00bb para la medicina cl\u00ednica, la salud de la poblaci\u00f3n y la investigaci\u00f3n.<\/p>\n<div class=\"image-ct inline\">\n<div class=\"m\"><picture><source media=\"(max-width: 767px)\" srcset=\"https:\/\/a57.foxnews.com\/static.foxnews.com\/foxnews.com\/content\/uploads\/2025\/04\/343\/192\/gettyimages-1280027794.jpg?ve=1&amp;tl=1, https:\/\/a57.foxnews.com\/static.foxnews.com\/foxnews.com\/content\/uploads\/2025\/04\/686\/384\/gettyimages-1280027794.jpg?ve=1&amp;tl=1 2x\" height=\"192\" width=\"343\"><source media=\"(min-width: 768px) and (max-width: 1023px)\" srcset=\"https:\/\/a57.foxnews.com\/static.foxnews.com\/foxnews.com\/content\/uploads\/2025\/04\/672\/378\/gettyimages-1280027794.jpg?ve=1&amp;tl=1, https:\/\/a57.foxnews.com\/static.foxnews.com\/foxnews.com\/content\/uploads\/2025\/04\/1344\/756\/gettyimages-1280027794.jpg?ve=1&amp;tl=1 2x\" height=\"378\" width=\"672\"><source media=\"(min-width: 1024px) and (max-width: 1279px)\" srcset=\"https:\/\/a57.foxnews.com\/static.foxnews.com\/foxnews.com\/content\/uploads\/2025\/04\/931\/523\/gettyimages-1280027794.jpg?ve=1&amp;tl=1, https:\/\/a57.foxnews.com\/static.foxnews.com\/foxnews.com\/content\/uploads\/2025\/04\/1862\/1046\/gettyimages-1280027794.jpg?ve=1&amp;tl=1 2x\" height=\"523\" width=\"931\"><source media=\"(min-width: 1280px)\" srcset=\"https:\/\/a57.foxnews.com\/static.foxnews.com\/foxnews.com\/content\/uploads\/2025\/04\/720\/405\/gettyimages-1280027794.jpg?ve=1&amp;tl=1, https:\/\/a57.foxnews.com\/static.foxnews.com\/foxnews.com\/content\/uploads\/2025\/04\/1440\/810\/gettyimages-1280027794.jpg?ve=1&amp;tl=1 2x\" height=\"405\" width=\"720\"><img loading=\"lazy\" decoding=\"async\" src=\"https:\/\/a57.foxnews.com\/static.foxnews.com\/foxnews.com\/content\/uploads\/2025\/04\/1200\/675\/gettyimages-1280027794.jpg?ve=1&amp;tl=1\" alt=\"La mujer mayor recibe vacuna\" width=\"1200\" height=\"675\"\/><\/source><\/source><\/source><\/source><\/picture><\/div>\n<div class=\"info\">\n<div class=\"caption\">\n<p><span>Los investigadores han marcado un v\u00ednculo entre la vacuna Zoster y el menor riesgo de demencia en m\u00faltiples conjuntos de datos.<\/span> <span>(Istock)<\/span><\/p>\n<\/div>\n<\/div>\n<\/div>\n<p>\u00abPor primera vez, ahora tenemos evidencia que probablemente muestra una relaci\u00f3n de causa y efecto entre la vacunaci\u00f3n con tejas y la prevenci\u00f3n de la demencia\u00bb, dijo a Fox News Digital. <\/p>\n<p>\u00abEncontramos que estos efectos protectores son de gran tama\u00f1o, sustancialmente m\u00e1s grandes que los de las herramientas farmacol\u00f3gicas existentes para la demencia\u00bb.<\/p>\n<p>El ensayo aleatorizado aprovech\u00f3 la forma \u00fanica en que se implement\u00f3 la vacuna Zoster en Gales, Reino Unido, en 2013, se\u00f1al\u00f3 Geldsetzer.<\/p>\n<p><strong><u>Dos drogas de Alzheimer ayudan a los pacientes a vivir independientemente en el hogar durante per\u00edodos m\u00e1s largos<\/u><\/strong><\/p>\n<p>\u00abDijeron que si tuvieras tu 80 cumplea\u00f1os justo antes de la fecha de inicio del programa, no eres elegible y permanece inelegible de por vida\u00bb, dijo. \u00abSi tuvieras tu 80 cumplea\u00f1os justo despu\u00e9s, fuiste elegible durante al menos un a\u00f1o\u00bb.<\/p>\n<p>\u00abVemos en nuestros datos que solo una diferencia de una semana en este l\u00edmite de fecha de cumplea\u00f1os significa que esencialmente no se vacunan a nadie a aproximadamente la mitad de la poblaci\u00f3n vacunada\u00bb.<\/p>\n<div class=\"image-ct inline\">\n<div class=\"m\"><picture><source media=\"(max-width: 767px)\" srcset=\"https:\/\/a57.foxnews.com\/static.foxnews.com\/foxnews.com\/content\/uploads\/2024\/12\/343\/192\/istock-1160196463.jpg?ve=1&amp;tl=1, https:\/\/a57.foxnews.com\/static.foxnews.com\/foxnews.com\/content\/uploads\/2024\/12\/686\/384\/istock-1160196463.jpg?ve=1&amp;tl=1 2x\" height=\"192\" width=\"343\"><source media=\"(min-width: 768px) and (max-width: 1023px)\" srcset=\"https:\/\/a57.foxnews.com\/static.foxnews.com\/foxnews.com\/content\/uploads\/2024\/12\/672\/378\/istock-1160196463.jpg?ve=1&amp;tl=1, https:\/\/a57.foxnews.com\/static.foxnews.com\/foxnews.com\/content\/uploads\/2024\/12\/1344\/756\/istock-1160196463.jpg?ve=1&amp;tl=1 2x\" height=\"378\" width=\"672\"><source media=\"(min-width: 1024px) and (max-width: 1279px)\" srcset=\"https:\/\/a57.foxnews.com\/static.foxnews.com\/foxnews.com\/content\/uploads\/2024\/12\/931\/523\/istock-1160196463.jpg?ve=1&amp;tl=1, https:\/\/a57.foxnews.com\/static.foxnews.com\/foxnews.com\/content\/uploads\/2024\/12\/1862\/1046\/istock-1160196463.jpg?ve=1&amp;tl=1 2x\" height=\"523\" width=\"931\"><source media=\"(min-width: 1280px)\" srcset=\"https:\/\/a57.foxnews.com\/static.foxnews.com\/foxnews.com\/content\/uploads\/2024\/12\/720\/405\/istock-1160196463.jpg?ve=1&amp;tl=1, https:\/\/a57.foxnews.com\/static.foxnews.com\/foxnews.com\/content\/uploads\/2024\/12\/1440\/810\/istock-1160196463.jpg?ve=1&amp;tl=1 2x\" height=\"405\" width=\"720\"><img loading=\"lazy\" decoding=\"async\" src=\"https:\/\/a57.foxnews.com\/static.foxnews.com\/foxnews.com\/content\/uploads\/2024\/12\/1200\/675\/istock-1160196463.jpg?ve=1&amp;tl=1\" alt=\"enfermera tomado de la mano con un paciente mayor\" width=\"1200\" height=\"675\"\/><\/source><\/source><\/source><\/source><\/picture><\/div>\n<div class=\"info\">\n<div class=\"caption\">\n<p><span>El estudio encontr\u00f3 que las mujeres se beneficiaron de la vacuna m\u00e1s que los hombres en t\u00e9rminos de riesgo reducido de demencia.<\/span> <span>(Istock)<\/span><\/p>\n<\/div>\n<\/div>\n<\/div>\n<p>Seg\u00fan Geldsetzer, tanto los grupos elegibles por la vacuna como no elegibles son \u00abbuenos grupos de comparaci\u00f3n\u00bb, seg\u00fan Geldsetzer, ya que la \u00fanica diferencia es que nacieron unos d\u00edas antes o despu\u00e9s.<\/p>\n<p>El investigador revel\u00f3 el mismo efecto protector de la vacunaci\u00f3n con tejas para la demencia en diferentes poblaciones y pa\u00edses que implementaron la vacuna de manera similar.<\/p>\n<p><strong>El f\u00e1rmaco de c\u00e1ncer de mujer experimental aumenta las tasas de supervivencia en un estudio notable<\/strong><\/p>\n<p>Para reunir m\u00e1s evidencia y confirmar el enlace, Geldsetzer recomienda realizar un ensayo cl\u00ednico.<\/p>\n<p>\u00abActualmente estoy tratando de recaudar fondos para realizar un juicio de este tipo de fundaciones privadas y filantrop\u00eda\u00bb, dijo.<\/p>\n<p>\u00abQueremos probar la vacuna atenuada en vivo (la vacuna para la que hemos generado nuestro cuerpo de evidencia convincente), que ya no se fabrica en los Estados Unidos\u00bb<\/p>\n<div class=\"image-ct inline\">\n<div class=\"m\"><picture><source media=\"(max-width: 767px)\" srcset=\"https:\/\/a57.foxnews.com\/static.foxnews.com\/foxnews.com\/content\/uploads\/2025\/02\/343\/192\/gettyimages-1935660240.jpg?ve=1&amp;tl=1, https:\/\/a57.foxnews.com\/static.foxnews.com\/foxnews.com\/content\/uploads\/2025\/02\/686\/384\/gettyimages-1935660240.jpg?ve=1&amp;tl=1 2x\" height=\"192\" width=\"343\"><source media=\"(min-width: 768px) and (max-width: 1023px)\" srcset=\"https:\/\/a57.foxnews.com\/static.foxnews.com\/foxnews.com\/content\/uploads\/2025\/02\/672\/378\/gettyimages-1935660240.jpg?ve=1&amp;tl=1, https:\/\/a57.foxnews.com\/static.foxnews.com\/foxnews.com\/content\/uploads\/2025\/02\/1344\/756\/gettyimages-1935660240.jpg?ve=1&amp;tl=1 2x\" height=\"378\" width=\"672\"><source media=\"(min-width: 1024px) and (max-width: 1279px)\" srcset=\"https:\/\/a57.foxnews.com\/static.foxnews.com\/foxnews.com\/content\/uploads\/2025\/02\/931\/523\/gettyimages-1935660240.jpg?ve=1&amp;tl=1, https:\/\/a57.foxnews.com\/static.foxnews.com\/foxnews.com\/content\/uploads\/2025\/02\/1862\/1046\/gettyimages-1935660240.jpg?ve=1&amp;tl=1 2x\" height=\"523\" width=\"931\"><source media=\"(min-width: 1280px)\" srcset=\"https:\/\/a57.foxnews.com\/static.foxnews.com\/foxnews.com\/content\/uploads\/2025\/02\/720\/405\/gettyimages-1935660240.jpg?ve=1&amp;tl=1, https:\/\/a57.foxnews.com\/static.foxnews.com\/foxnews.com\/content\/uploads\/2025\/02\/1440\/810\/gettyimages-1935660240.jpg?ve=1&amp;tl=1 2x\" height=\"405\" width=\"720\"><img loading=\"lazy\" decoding=\"async\" src=\"https:\/\/a57.foxnews.com\/static.foxnews.com\/foxnews.com\/content\/uploads\/2025\/02\/1200\/675\/gettyimages-1935660240.jpg?ve=1&amp;tl=1\" alt=\"Vacuna en el brazo\" width=\"1200\" height=\"675\"\/><\/source><\/source><\/source><\/source><\/picture><\/div>\n<div class=\"info\">\n<div class=\"caption\">\n<p><span>Seg\u00fan los investigadores, el efecto protector de la vacunaci\u00f3n con tejas para la demencia se ha identificado en diferentes poblaciones y pa\u00edses.<\/span> <span>(Istock)<\/span><\/p>\n<\/div>\n<\/div>\n<\/div>\n<p>El m\u00e9dico de familia, el Dr. Mark Loafman, que no particip\u00f3 en el estudio, intervino en la asociaci\u00f3n entre la vacuna contra las tejas y el riesgo de demencia.<\/p>\n<p>\u00abCom\u00fanmente vemos titulares intrigantes de los estudios que muestran una asociaci\u00f3n entre un resultado de salud particular y la exposici\u00f3n a algo en el medio ambiente, nuestra dieta o medicamentos\u00bb, dijo el m\u00e9dico de Chicago en una entrevista con Fox News Digital. <\/p>\n<p>\u00abEl desaf\u00edo al interpretar este tipo de datos es que una asociaci\u00f3n no es una prueba de ninguna manera que la exposici\u00f3n sea lo que caus\u00f3 el hallazgo de salud\u00bb.<\/p>\n<p><strong><u>Haga clic aqu\u00ed para registrarse en nuestro bolet\u00edn de salud<\/u><\/strong><\/p>\n<p>Loafman dijo que este estudio de poblaci\u00f3n grande hace un \u00abmuy buen trabajo\u00bb al excluir la posibilidad de que los grupos vacunados y no vacunados compartan diferentes atributos que podr\u00edan sesgar el resultado.<\/p>\n<p>\u00abEntonces, realmente parece que la vacuna ofrece un nivel de protecci\u00f3n bastante significativo contra el desarrollo de la demencia\u00bb.<\/p>\n<div class=\"image-ct inline\">\n<div class=\"m\"><picture><source media=\"(max-width: 767px)\" srcset=\"https:\/\/a57.foxnews.com\/static.foxnews.com\/foxnews.com\/content\/uploads\/2025\/01\/343\/192\/dementia-brain-scan.jpg?ve=1&amp;tl=1, https:\/\/a57.foxnews.com\/static.foxnews.com\/foxnews.com\/content\/uploads\/2025\/01\/686\/384\/dementia-brain-scan.jpg?ve=1&amp;tl=1 2x\" height=\"192\" width=\"343\"><source media=\"(min-width: 768px) and (max-width: 1023px)\" srcset=\"https:\/\/a57.foxnews.com\/static.foxnews.com\/foxnews.com\/content\/uploads\/2025\/01\/672\/378\/dementia-brain-scan.jpg?ve=1&amp;tl=1, https:\/\/a57.foxnews.com\/static.foxnews.com\/foxnews.com\/content\/uploads\/2025\/01\/1344\/756\/dementia-brain-scan.jpg?ve=1&amp;tl=1 2x\" height=\"378\" width=\"672\"><source media=\"(min-width: 1024px) and (max-width: 1279px)\" srcset=\"https:\/\/a57.foxnews.com\/static.foxnews.com\/foxnews.com\/content\/uploads\/2025\/01\/931\/523\/dementia-brain-scan.jpg?ve=1&amp;tl=1, https:\/\/a57.foxnews.com\/static.foxnews.com\/foxnews.com\/content\/uploads\/2025\/01\/1862\/1046\/dementia-brain-scan.jpg?ve=1&amp;tl=1 2x\" height=\"523\" width=\"931\"><source media=\"(min-width: 1280px)\" srcset=\"https:\/\/a57.foxnews.com\/static.foxnews.com\/foxnews.com\/content\/uploads\/2025\/01\/720\/405\/dementia-brain-scan.jpg?ve=1&amp;tl=1, https:\/\/a57.foxnews.com\/static.foxnews.com\/foxnews.com\/content\/uploads\/2025\/01\/1440\/810\/dementia-brain-scan.jpg?ve=1&amp;tl=1 2x\" height=\"405\" width=\"720\"><img loading=\"lazy\" decoding=\"async\" src=\"https:\/\/a57.foxnews.com\/static.foxnews.com\/foxnews.com\/content\/uploads\/2025\/01\/1200\/675\/dementia-brain-scan.jpg?ve=1&amp;tl=1\" alt=\"Escaneo cerebral de demencia\" width=\"1200\" height=\"675\"\/><\/source><\/source><\/source><\/source><\/picture><\/div>\n<div class=\"info\">\n<div class=\"caption\">\n<p><span>Estos hallazgos respaldan una \u00abteor\u00eda emergente\u00bb que los virus que afectan el sistema nervioso pueden aumentar el riesgo de demencia, seg\u00fan Stanford Medicine.<\/span> <span>(Istock)<\/span><\/p>\n<\/div>\n<\/div>\n<\/div>\n<p>\u00abEl estudio tambi\u00e9n incluye evidencia convincente para apoyar dos mecanismos altamente plausibles &#8230; en los que la vacuna disminuye la incidencia de demencia\u00bb, agreg\u00f3.<\/p>\n<p>Esto incluye el hecho de que el virus del herpes, que causa varicela y tejas, se asienta en el sistema nervioso y se encuentra latente, lo que puede encender las tejas m\u00e1s tarde. <\/p>\n<p><i><strong><u>Para m\u00e1s art\u00edculos de salud, visite <\/u><\/strong><\/i><i><strong><u>www.foxnews.com\/Health<\/u><\/strong><\/i><\/p>\n<p>\u00abEn segundo lugar, las vacunas atenuadas en vivo, como la vacuna de tejas, est\u00e1n asociadas con propiedades neuroprotectoras\u00bb, continu\u00f3 Loafman. \u00abLa asociaci\u00f3n no es en s\u00ed misma causal, pero este estudio agrega mucha m\u00e1s credibilidad a esta asociaci\u00f3n\u00bb. <\/p>\n<p><strong><u>Haga clic aqu\u00ed para obtener la aplicaci\u00f3n Fox News<\/u><\/strong><\/p>\n<p>Loafman, quien ya recibi\u00f3 la vacuna de tejas, dijo que la recomendar\u00e1 a los pacientes a la luz de esta investigaci\u00f3n.<\/p>\n<p>\u00abEstos hallazgos me traen a\u00fan m\u00e1s aliento para recomendarlo a mis pacientes elegibles, amigos y familiares\u00bb, dijo.<\/p>\n<p> <!----> <\/p>\n<div class=\"article-meta\">\n<div class=\"author-bio\">\n<p>Angelica Stabile es una reportera de estilo de vida para Fox News Digital.<\/p>\n<\/div>\n<\/div>\n<\/div>\n\n","protected":false},"excerpt":{"rendered":"<p>El v\u00ednculo entre la vacuna Zoster y un riesgo de demencia m\u00e1s bajo se ha fortalecido en nuevas investigaciones. Un estudio realizado por Stanford Medicine, publicado en la revista Nature el 2 de abril, encontr\u00f3 que la vacuna, que se utiliza para prevenir el tejas, redujo la probabilidad de un nuevo diagn\u00f3stico de demencia en &hellip;<\/p>\n","protected":false},"author":1,"featured_media":21591,"comment_status":"open","ping_status":"open","sticky":false,"template":"","format":"standard","meta":{"fifu_image_url":"https:\/\/a57.foxnews.com\/static.foxnews.com\/foxnews.com\/content\/uploads\/2025\/04\/1200\/675\/gettyimages-1280027794.jpg?ve=1&tl=1","fifu_image_alt":"","footnotes":""},"categories":[8],"tags":[],"class_list":["post-21589","post","type-post","status-publish","format-standard","has-post-thumbnail","","category-salud"],"_links":{"self":[{"href":"https:\/\/noticiasveraces.com\/index.php?rest_route=\/wp\/v2\/posts\/21589","targetHints":{"allow":["GET"]}}],"collection":[{"href":"https:\/\/noticiasveraces.com\/index.php?rest_route=\/wp\/v2\/posts"}],"about":[{"href":"https:\/\/noticiasveraces.com\/index.php?rest_route=\/wp\/v2\/types\/post"}],"author":[{"embeddable":true,"href":"https:\/\/noticiasveraces.com\/index.php?rest_route=\/wp\/v2\/users\/1"}],"replies":[{"embeddable":true,"href":"https:\/\/noticiasveraces.com\/index.php?rest_route=%2Fwp%2Fv2%2Fcomments&post=21589"}],"version-history":[{"count":0,"href":"https:\/\/noticiasveraces.com\/index.php?rest_route=\/wp\/v2\/posts\/21589\/revisions"}],"wp:featuredmedia":[{"embeddable":true,"href":"https:\/\/noticiasveraces.com\/index.php?rest_route=\/wp\/v2\/media\/21591"}],"wp:attachment":[{"href":"https:\/\/noticiasveraces.com\/index.php?rest_route=%2Fwp%2Fv2%2Fmedia&parent=21589"}],"wp:term":[{"taxonomy":"category","embeddable":true,"href":"https:\/\/noticiasveraces.com\/index.php?rest_route=%2Fwp%2Fv2%2Fcategories&post=21589"},{"taxonomy":"post_tag","embeddable":true,"href":"https:\/\/noticiasveraces.com\/index.php?rest_route=%2Fwp%2Fv2%2Ftags&post=21589"}],"curies":[{"name":"wp","href":"https:\/\/api.w.org\/{rel}","templated":true}]}}