{"id":21565,"date":"2025-04-04T13:51:44","date_gmt":"2025-04-04T17:51:44","guid":{"rendered":"https:\/\/noticiasveraces.com\/?p=21565"},"modified":"2025-04-04T13:51:44","modified_gmt":"2025-04-04T17:51:44","slug":"quien-es-jorge-bava-este-es-su-palmares-completo-curiosidades-de-futbol","status":"publish","type":"post","link":"https:\/\/noticiasveraces.com\/?p=21565","title":{"rendered":"\u00bfQui\u00e9n es Jorge Bava? Este es su palmar\u00e9s completo | Curiosidades de f\u00fatbol"},"content":{"rendered":"<p> \n<\/p>\n<div id=\"cuerpoArticulo\">\n<p class=\"texto intro\" id=\"p241037-m764-763-765\">Este viernes 4 de abril, <b>Jorge Bava tendr\u00e1 su estreno como entrenador de Independiente Santa Fe<\/b> cuando el cuadro bogotano se enfrente, a las 7 p. m., a Deportivo Pasto en el Estadio El Camp\u00edn. El entrenador uruguayo se encuentra hace varios d\u00edas en Colombia y, hasta el d\u00eda de hoy, no ha podido dirigir por temas de visado. Muchos no conocen su trayectoria y por ello, en esta ocasi\u00f3n, le contaremos <b>c\u00f3mo fue su carrera y qu\u00e9 t\u00edtulos gan\u00f3<\/b>.<\/p>\n<p class=\"texto contenido-parrafo-articulo\" id=\"p241037-m782-2-783\"><b>Bava tuvo su debut como entrenador en el a\u00f1o 2021<\/b>donde tom\u00f3 las riendas del Liverpool de Uruguay. Sin lugar a dudas, su estreno en tierras uruguayas fue muy bueno. En 2022, fue campe\u00f3n del Torneo Apertura y en 2023 fue campe\u00f3n en 4 ocasiones. Primero levant\u00f3 la <b>Supercopa Uruguaya<\/b>venciendo a Nacional y luego fue victorioso en el <b>Torneo Intermedio<\/b> Y <b>Torneo Clausura<\/b>. Para cerrar su incre\u00edble a\u00f1o, Bava fue campe\u00f3n anual con Liverpool habiendo ganado el <b>Campeonato Uruguayo<\/b>.<\/p>\n<div class=\"fotografia caja-articulo\" id=\"p241037-m788-3-789\">\n<div class=\"imagen-cuerpo-bk\">\n<figure itemscope=\"\" itemtype=\"https:\/\/schema.org\/ImageObject\" itemprop=\"image\" id=\"m793-792-794\" class=\"foto-galeria-articulo imagen-articulo foto-texto-articulo-galeria\"><img decoding=\"async\" alt=\"Jorge Bava,\" src=\"data:image\/png;base64,iVBORw0KGgoAAAANSUhEUgAAAAEAAAABCAQAAAC1HAwCAAAAC0lEQVR42mP8\/x0AAvsB+DlKarAAAAAASUVORK5CYII=\" style=\" display: inline;\" data-original=\"\/files\/article_content\/uploads\/2025\/03\/27\/67e57fa6b0b10.jpeg\"\/><meta itemprop=\"width\" content=\"600\"\/><meta itemprop=\"height\" content=\"450\"\/> <meta itemprop=\"url\" content=\"https:\/\/www.futbolred.com\/files\/article_content\/uploads\/2025\/03\/27\/67e57fa6b0b10.jpeg\"\/><\/figure>\n<\/div>\n<div class=\"figcaption-cuerpo-bk credito-image-bk\"><figcaption class=\"foto-info\">\n<div class=\"titulo-foto-bk\">\n<p id=\"m800-1-801\" class=\"titulo pie-de-foto\">Bava fue campe\u00f3n en Uruguay con Liverpool.<\/p>\n<\/div>\n<p class=\"credito\">\n                            <span class=\"linea pre_credito\">Foto:<\/span><\/p>\n<p>                        <span id=\"m806-2-807\" class=\"autor\">Ulises Ru\u00edz \/ AFP<\/span><\/p>\n<\/figcaption><\/div>\n<\/p><\/div>\n<p class=\"texto contenido-parrafo-articulo\" id=\"p241037-m814-4-815\">Hay que recalcar que para definir al campe\u00f3n del f\u00fatbol uruguayo, los campeones del Torneo Apertura y Torneo Clausura deben jugar una especie de \u2018semifinal\u2019 y el ganador debe jugar la gran final ante el <b>l\u00edder de la Tabla Anual<\/b>. En total, <b>Jorge levant\u00f3 5 t\u00edtulos<\/b> y hasta el d\u00eda de la fecha, son los \u00fanicos que ha conseguido en su corta carrera. Si bien su gran nivel hizo que <b>Le\u00f3n de M\u00e9xico<\/b> lo fichara a principios de 2024, los malos resultados hicieron que su estancia en territorio azteca solo durara 9 meses.<\/p>\n<p>                                                            <span class=\"articulo-subtitulo subtitulo2 espacio-contenido\" id=\"p241037-m865-6-866\">\u00bfCu\u00e1ntos t\u00edtulos gan\u00f3 Jorge Bava como entrenador? Detallado<br \/><\/span><\/p>\n<div class=\"lista-no-ordenada-cuerpo-bk\" id=\"p241037-m871-7-872\">\n<ul class=\"lista-no-ordenada ul\">\n<li id=\"m876-875-877\" data-collection=\"p241037-m871-7-872\">\n<p>        <span id=\"m881-880-882\">Torneo Apertura de Uruguay: 1<br \/><\/span><\/li>\n<li id=\"m888-1-889\" data-collection=\"p241037-m871-7-872\">\n<p>        <span id=\"m893-892-894\">Supercopa Uruguaya: 1<br \/><\/span><\/li>\n<li id=\"m900-2-901\" data-collection=\"p241037-m871-7-872\">\n<p>        <span id=\"m905-904-906\">Torneo Intermedio de Uruguay: 1<br \/><\/span><\/li>\n<li id=\"m912-3-913\" data-collection=\"p241037-m871-7-872\">\n<p>        <span id=\"m917-916-918\">Torneo Clausura de Uruguay: 1<br \/><\/span><\/li>\n<li id=\"m924-4-925\" data-collection=\"p241037-m871-7-872\">\n<p>        <span id=\"m929-928-930\">Campeonato Uruguayo: 1<br \/><\/span><\/li>\n<li id=\"m936-5-937\" data-collection=\"p241037-m871-7-872\">\n<p>        <span id=\"m941-940-942\">Total de t\u00edtulos: 5<br \/><\/span><\/li>\n<\/ul>\n<\/div>\n<p>                                                    <span class=\"articulo-subtitulo subtitulo2 espacio-contenido\" id=\"p241037-m949-8-950\">\u00bfQu\u00e9 dijo Bava sobre Santa Fe a horas de su debut en Colombia?<br \/><\/span><\/p>\n<p class=\"texto contenido-parrafo-articulo\" id=\"p241037-m955-9-956\">En conferencia de prensa, el DT uruguayo Brava hizo un an\u00e1lisis de su plantel: \u201c<b>Me gust\u00f3 la versatilidad del equipo<\/b>. Cuando domin\u00f3, arras\u00f3, y cuando tuvo que sufrir, supo sufrir y gan\u00f3. El a\u00f1o pasado jug\u00f3 con l\u00ednea de cinco, con varios esquemas y en todos se ha adaptado. <b>El promedio de edad tambi\u00e9n es muy bueno<\/b> y con las semanas de trabajo vamos a dar nuestra idea para que el equipo sea m\u00e1s s\u00f3lido en todo sentido\u201d.<\/p>\n<\/p><\/div>\n\n","protected":false},"excerpt":{"rendered":"<p>Este viernes 4 de abril, Jorge Bava tendr\u00e1 su estreno como entrenador de Independiente Santa Fe cuando el cuadro bogotano se enfrente, a las 7 p. m., a Deportivo Pasto en el Estadio El Camp\u00edn. El entrenador uruguayo se encuentra hace varios d\u00edas en Colombia y, hasta el d\u00eda de hoy, no ha podido dirigir &hellip;<\/p>\n","protected":false},"author":1,"featured_media":21566,"comment_status":"open","ping_status":"open","sticky":false,"template":"","format":"standard","meta":{"fifu_image_url":"https:\/\/www.futbolred.com\/files\/og_thumbnail\/uploads\/2025\/04\/04\/67eff19931bb9.jpeg","fifu_image_alt":"","footnotes":""},"categories":[6],"tags":[],"class_list":["post-21565","post","type-post","status-publish","format-standard","has-post-thumbnail","","category-deportes"],"_links":{"self":[{"href":"https:\/\/noticiasveraces.com\/index.php?rest_route=\/wp\/v2\/posts\/21565","targetHints":{"allow":["GET"]}}],"collection":[{"href":"https:\/\/noticiasveraces.com\/index.php?rest_route=\/wp\/v2\/posts"}],"about":[{"href":"https:\/\/noticiasveraces.com\/index.php?rest_route=\/wp\/v2\/types\/post"}],"author":[{"embeddable":true,"href":"https:\/\/noticiasveraces.com\/index.php?rest_route=\/wp\/v2\/users\/1"}],"replies":[{"embeddable":true,"href":"https:\/\/noticiasveraces.com\/index.php?rest_route=%2Fwp%2Fv2%2Fcomments&post=21565"}],"version-history":[{"count":0,"href":"https:\/\/noticiasveraces.com\/index.php?rest_route=\/wp\/v2\/posts\/21565\/revisions"}],"wp:featuredmedia":[{"embeddable":true,"href":"https:\/\/noticiasveraces.com\/index.php?rest_route=\/wp\/v2\/media\/21566"}],"wp:attachment":[{"href":"https:\/\/noticiasveraces.com\/index.php?rest_route=%2Fwp%2Fv2%2Fmedia&parent=21565"}],"wp:term":[{"taxonomy":"category","embeddable":true,"href":"https:\/\/noticiasveraces.com\/index.php?rest_route=%2Fwp%2Fv2%2Fcategories&post=21565"},{"taxonomy":"post_tag","embeddable":true,"href":"https:\/\/noticiasveraces.com\/index.php?rest_route=%2Fwp%2Fv2%2Ftags&post=21565"}],"curies":[{"name":"wp","href":"https:\/\/api.w.org\/{rel}","templated":true}]}}