{"id":21528,"date":"2025-04-04T10:37:23","date_gmt":"2025-04-04T14:37:23","guid":{"rendered":"https:\/\/noticiasveraces.com\/?p=21528"},"modified":"2025-04-04T10:37:23","modified_gmt":"2025-04-04T14:37:23","slug":"los-ataques-de-israel-en-siria-significaban-advertencia-a-turquia-a-medida-que-se-intensifican-las-tensiones","status":"publish","type":"post","link":"https:\/\/noticiasveraces.com\/?p=21528","title":{"rendered":"Los ataques de Israel en Siria significaban advertencia a Turqu\u00eda a medida que se intensifican las tensiones"},"content":{"rendered":"<p> \n<\/p>\n<div>\n<p class=\"speakable\">Israel lanz\u00f3 una ola de ataques a\u00e9reos en los aer\u00f3dromos militares sirios esta semana, en lo que los funcionarios confirmaron a Fox News Digital ten\u00edan la intenci\u00f3n de enviar un mensaje claro a Turqu\u00eda para no interferir con las operaciones a\u00e9reas israel\u00edes en el espacio a\u00e9reo sirio \u00ab. <\/p>\n<p class=\"speakable\">La escalada marca un punto de inflexi\u00f3n en la postura de Jerusal\u00e9n hacia Ankara, mientras Turqu\u00eda intenta expandir su presencia militar en Siria en medio de la inestabilidad regional.<\/p>\n<p>Las Fuerzas de Defensa Israel\u00ed alcanzaron activos estrat\u00e9gicos tanto en el aeropuerto militar de Hama como en la base a\u00e9rea T-4, incluidas las pistas, los sitios de almacenamiento de combustible, los sistemas de radar y los cach\u00e9s de armas. Los ataques siguen semanas de recopilaci\u00f3n de inteligencia por la Fuerza A\u00e9rea Israel\u00ed, que rastre\u00f3 los activos militares en las bases objetivo. <\/p>\n<p>Seg\u00fan los informes, las bases a\u00e9reas, que hab\u00edan estado bajo el control del r\u00e9gimen del presidente sirio Bashar al-Assad, est\u00e1n siendo observados por Turqu\u00eda para su uso ampliado y el despliegue de sistemas de defensa a\u00e9rea.<\/p>\n<p><strong>Hamas que se hace eco, Erdogan pide la destrucci\u00f3n de Israel en medio de impulso para reavivar los lazos con Trump<\/strong><strong> <\/strong><\/p>\n<div class=\"image-ct inline\">\n<div class=\"m\"><picture><source media=\"(max-width: 767px)\" srcset=\"https:\/\/a57.foxnews.com\/static.foxnews.com\/foxnews.com\/content\/uploads\/2025\/03\/343\/192\/eyal-zamir-idf-.jpg?ve=1&amp;tl=1, https:\/\/a57.foxnews.com\/static.foxnews.com\/foxnews.com\/content\/uploads\/2025\/03\/686\/384\/eyal-zamir-idf-.jpg?ve=1&amp;tl=1 2x\" height=\"192\" width=\"343\"><source media=\"(min-width: 768px) and (max-width: 1023px)\" srcset=\"https:\/\/a57.foxnews.com\/static.foxnews.com\/foxnews.com\/content\/uploads\/2025\/03\/672\/378\/eyal-zamir-idf-.jpg?ve=1&amp;tl=1, https:\/\/a57.foxnews.com\/static.foxnews.com\/foxnews.com\/content\/uploads\/2025\/03\/1344\/756\/eyal-zamir-idf-.jpg?ve=1&amp;tl=1 2x\" height=\"378\" width=\"672\"><source media=\"(min-width: 1024px) and (max-width: 1279px)\" srcset=\"https:\/\/a57.foxnews.com\/static.foxnews.com\/foxnews.com\/content\/uploads\/2025\/03\/931\/523\/eyal-zamir-idf-.jpg?ve=1&amp;tl=1, https:\/\/a57.foxnews.com\/static.foxnews.com\/foxnews.com\/content\/uploads\/2025\/03\/1862\/1046\/eyal-zamir-idf-.jpg?ve=1&amp;tl=1 2x\" height=\"523\" width=\"931\"><source media=\"(min-width: 1280px)\" srcset=\"https:\/\/a57.foxnews.com\/static.foxnews.com\/foxnews.com\/content\/uploads\/2025\/03\/720\/405\/eyal-zamir-idf-.jpg?ve=1&amp;tl=1, https:\/\/a57.foxnews.com\/static.foxnews.com\/foxnews.com\/content\/uploads\/2025\/03\/1440\/810\/eyal-zamir-idf-.jpg?ve=1&amp;tl=1 2x\" height=\"405\" width=\"720\"><img loading=\"lazy\" decoding=\"async\" src=\"https:\/\/a57.foxnews.com\/static.foxnews.com\/foxnews.com\/content\/uploads\/2025\/03\/1200\/675\/eyal-zamir-idf-.jpg?ve=1&amp;tl=1\" alt=\"Pronombre de pellet\" width=\"1200\" height=\"675\"\/><\/source><\/source><\/source><\/source><\/picture><\/div>\n<div class=\"info\">\n<div class=\"caption\">\n<p><span>El Jefe del Estado Mayor General LTG Eyal Zamir visit\u00f3 y realiz\u00f3 una evaluaci\u00f3n situacional en el \u00e1rea de separaci\u00f3n en Siria.<\/span> <span>(IDF)<\/span><\/p>\n<\/div>\n<\/div>\n<\/div>\n<p>Turqu\u00eda ha se\u00f1alado ambiciones crecientes en Siria. Los informes de Medio Oriente Ojo indican que las fuerzas turcas han comenzado los movimientos para tomar el control de la base T-4 y planean instalar sistemas de defensa a\u00e9rea all\u00ed. Desde la ca\u00edda de Assad en diciembre, Ankara ha acelerado las negociaciones con el gobierno interino de Siria sobre un posible pacto de defensa.<\/p>\n<p>El Ministerio de Relaciones Exteriores de Turqu\u00eda reaccion\u00f3 bruscamente a las huelgas israel\u00edes, etiquetando al gobierno de Israel como \u00abracista y fundamentalista\u00bb, acus\u00e1ndolo de ambiciones expansionistas. \u00abLos ataques de Israel en Siria, sin ninguna provocaci\u00f3n, son inconcebibles e indican una pol\u00edtica que prospera en el conflicto\u00bb, dijo un portavoz del ministerio. La declaraci\u00f3n conden\u00f3 a\u00fan m\u00e1s las operaciones militares de Israel como una amenaza para la seguridad regional. <\/p>\n<p>Las solicitudes digitales de Fox News de comentarios al portavoz de la Embajada Turca en Washington, DC, no fueron devueltas.<\/p>\n<p>El Dr. Sinan Ciddi, un experto en Turqu\u00eda en la Fundaci\u00f3n para la Defensa de las Democracias, dijo a Fox News Digital que el presidente turco, Recep Tayyip Erdogan, est\u00e1 intentando capitalizar el vac\u00edo regional dejado por Rusia e Ir\u00e1n.<\/p>\n<p><strong>Erdogan de Turqu\u00eda contin\u00faa con ofensiones contra los manifestantes despu\u00e9s del arresto del principal rival por cargos de corrupci\u00f3n<\/strong><strong> <\/strong><\/p>\n<div class=\"image-ct inline\">\n<div class=\"m\"><picture><source media=\"(max-width: 767px)\" srcset=\"https:\/\/a57.foxnews.com\/static.foxnews.com\/foxnews.com\/content\/uploads\/2022\/08\/343\/192\/GettyImages-1241210937.jpg-erdogan-war-games.jpg?ve=1&amp;tl=1, https:\/\/a57.foxnews.com\/static.foxnews.com\/foxnews.com\/content\/uploads\/2022\/08\/686\/384\/GettyImages-1241210937.jpg-erdogan-war-games.jpg?ve=1&amp;tl=1 2x\" height=\"192\" width=\"343\"><source media=\"(min-width: 768px) and (max-width: 1023px)\" srcset=\"https:\/\/a57.foxnews.com\/static.foxnews.com\/foxnews.com\/content\/uploads\/2022\/08\/672\/378\/GettyImages-1241210937.jpg-erdogan-war-games.jpg?ve=1&amp;tl=1, https:\/\/a57.foxnews.com\/static.foxnews.com\/foxnews.com\/content\/uploads\/2022\/08\/1344\/756\/GettyImages-1241210937.jpg-erdogan-war-games.jpg?ve=1&amp;tl=1 2x\" height=\"378\" width=\"672\"><source media=\"(min-width: 1024px) and (max-width: 1279px)\" srcset=\"https:\/\/a57.foxnews.com\/static.foxnews.com\/foxnews.com\/content\/uploads\/2022\/08\/931\/523\/GettyImages-1241210937.jpg-erdogan-war-games.jpg?ve=1&amp;tl=1, https:\/\/a57.foxnews.com\/static.foxnews.com\/foxnews.com\/content\/uploads\/2022\/08\/1862\/1046\/GettyImages-1241210937.jpg-erdogan-war-games.jpg?ve=1&amp;tl=1 2x\" height=\"523\" width=\"931\"><source media=\"(min-width: 1280px)\" srcset=\"https:\/\/a57.foxnews.com\/static.foxnews.com\/foxnews.com\/content\/uploads\/2022\/08\/720\/405\/GettyImages-1241210937.jpg-erdogan-war-games.jpg?ve=1&amp;tl=1, https:\/\/a57.foxnews.com\/static.foxnews.com\/foxnews.com\/content\/uploads\/2022\/08\/1440\/810\/GettyImages-1241210937.jpg-erdogan-war-games.jpg?ve=1&amp;tl=1 2x\" height=\"405\" width=\"720\"><img loading=\"lazy\" decoding=\"async\" src=\"https:\/\/a57.foxnews.com\/static.foxnews.com\/foxnews.com\/content\/uploads\/2022\/08\/1200\/675\/GettyImages-1241210937.jpg-erdogan-war-games.jpg?ve=1&amp;tl=1\" alt=\"Erdogan\" width=\"1200\" height=\"675\"\/><\/source><\/source><\/source><\/source><\/picture><\/div>\n<div class=\"info\">\n<div class=\"caption\">\n<p><span>El presidente turco, Recep Tayyip Erdogan, observa un ejercicio militar en Izmir, Turqu\u00eda, el 9 de junio de 2022.<\/span> <span>(Foto de Xinhua a trav\u00e9s de Getty Images)<\/span><\/p>\n<\/div>\n<\/div>\n<\/div>\n<p>\u00abErdogan est\u00e1 tratando de reavivar la influencia de Turqu\u00eda en la regi\u00f3n como una especie de poder neo-otomano\u00bb, dijo Ciddi. \u00abVe a los representantes de Ir\u00e1n debilitados, Rusia se estir\u00f3 demasiado y est\u00e1 posicionando a Turqu\u00eda para dominar la regi\u00f3n, particularmente a trav\u00e9s de puntos de apoyo militar como las bases a\u00e9reas\u00bb.<\/p>\n<p>Ciddi dijo que el largo juego de Erdogan incluye proyectar el poder en Siria, currying favor con el nuevo gobierno en Damasco y convencer a los Estados Unidos de otorgarles acceso a Turqu\u00eda a los aviones de combate F-35 a cambio de \u00abadministrar\u00bb Siria.<\/p>\n<p>\u00abErdogan quiere ir a Trump y decir: &#8216;Soy el tipo grande aqu\u00ed. D\u00e9jame a Siria a m\u00ed, solo dame el F-35S'\u00bb, dijo Ciddi. \u00abPero Israel ve esto como una amenaza directa. Bombardear la pista T-4 fue un mensaje claro: no eres bienvenido aqu\u00ed\u00bb.<\/p>\n<p>La reciente ret\u00f3rica inflamatoria del l\u00edder turco, incluidas las oraciones por la destrucci\u00f3n de Israel durante un servicio de Ramad\u00e1n, ha alarmado a\u00fan m\u00e1s a los observadores israel\u00edes y estadounidenses.<\/p>\n<p>Durante un seminario web reciente organizado por el Instituto Jud\u00edo de Seguridad Nacional de Am\u00e9rica (Jinsa), el ex embajador de los Estados Unidos en Turqu\u00eda, Eric Edelman, pidi\u00f3 una intervenci\u00f3n diplom\u00e1tica urgente.<\/p>\n<div class=\"image-ct inline\">\n<div class=\"m\"><picture><source media=\"(max-width: 767px)\" srcset=\"https:\/\/a57.foxnews.com\/static.foxnews.com\/foxnews.com\/content\/uploads\/2025\/03\/343\/192\/gettyimages-2203611020-scaled.jpg?ve=1&amp;tl=1, https:\/\/a57.foxnews.com\/static.foxnews.com\/foxnews.com\/content\/uploads\/2025\/03\/686\/384\/gettyimages-2203611020-scaled.jpg?ve=1&amp;tl=1 2x\" height=\"192\" width=\"343\"><source media=\"(min-width: 768px) and (max-width: 1023px)\" srcset=\"https:\/\/a57.foxnews.com\/static.foxnews.com\/foxnews.com\/content\/uploads\/2025\/03\/672\/378\/gettyimages-2203611020-scaled.jpg?ve=1&amp;tl=1, https:\/\/a57.foxnews.com\/static.foxnews.com\/foxnews.com\/content\/uploads\/2025\/03\/1344\/756\/gettyimages-2203611020-scaled.jpg?ve=1&amp;tl=1 2x\" height=\"378\" width=\"672\"><source media=\"(min-width: 1024px) and (max-width: 1279px)\" srcset=\"https:\/\/a57.foxnews.com\/static.foxnews.com\/foxnews.com\/content\/uploads\/2025\/03\/931\/523\/gettyimages-2203611020-scaled.jpg?ve=1&amp;tl=1, https:\/\/a57.foxnews.com\/static.foxnews.com\/foxnews.com\/content\/uploads\/2025\/03\/1862\/1046\/gettyimages-2203611020-scaled.jpg?ve=1&amp;tl=1 2x\" height=\"523\" width=\"931\"><source media=\"(min-width: 1280px)\" srcset=\"https:\/\/a57.foxnews.com\/static.foxnews.com\/foxnews.com\/content\/uploads\/2025\/03\/720\/405\/gettyimages-2203611020-scaled.jpg?ve=1&amp;tl=1, https:\/\/a57.foxnews.com\/static.foxnews.com\/foxnews.com\/content\/uploads\/2025\/03\/1440\/810\/gettyimages-2203611020-scaled.jpg?ve=1&amp;tl=1 2x\" height=\"405\" width=\"720\"><img loading=\"lazy\" decoding=\"async\" src=\"https:\/\/a57.foxnews.com\/static.foxnews.com\/foxnews.com\/content\/uploads\/2025\/03\/1200\/675\/gettyimages-2203611020-scaled.jpg?ve=1&amp;tl=1\" alt=\"Siria enfrentamientos\" width=\"1200\" height=\"675\"\/><\/source><\/source><\/source><\/source><\/picture><\/div>\n<div class=\"info\">\n<div class=\"caption\">\n<p><span>Las fuerzas de seguridad leales al gobierno sirio interino viajan en la parte trasera de un veh\u00edculo que se mueve a lo largo de una carretera en la ciudad occidental de Latakia de Siria el 9 de marzo de 2025.<\/span> <span>(Omar Haj Kadour\/AFP a trav\u00e9s de Getty Images)<\/span><\/p>\n<\/div>\n<\/div>\n<\/div>\n<p>\u00abDeber\u00eda haber algunas discusiones tranquilas con Turqu\u00eda sobre atenuar la ret\u00f3rica sobre Israel, amenazas de destruirlo, ya sea proveniente del presidente o su hijo en las manifestaciones\u00bb, dijo Edelman. \u00abDebe haber alg\u00fan tipo de esfuerzo para desconfutar sobre el espacio a\u00e9reo sirio\u00bb.<\/p>\n<p>Edelman tambi\u00e9n advirti\u00f3 que las ventas renovadas del F-35 a Turqu\u00eda deben venir con condiciones: \u00abSi Turqu\u00eda realmente posee el F-35, tiene que haber algunas entendimientos muy claros sobre d\u00f3nde pueden usarlo\u00bb.<\/p>\n<p><strong>Trump Eyes levantando sanciones, venta potencial de un preciado avi\u00f3n de combate a Turqu\u00eda<\/strong><\/p>\n<p>Alan Makovsky, miembro del Proyecto de Pol\u00edtica del Mediterr\u00e1neo Oriental de Jinsa, dijo: \u00abNunca podemos asumir que las declaraciones como esta son simplemente ret\u00f3ricas,\u00bb agregando: \u00abErdogan ha aludido en el pasado a poder\u00bb venir de repente una noche \u00ab, tenemos que tomar eso en serio\u00bb.<\/p>\n<p>Dentro de Israel, los funcionarios est\u00e1n observando de cerca los movimientos de Turqu\u00eda en Siria. Avner Golov, vicepresidente de mente de Israel, enfatiz\u00f3 que la crisis actual refleja una amenaza ideol\u00f3gica m\u00e1s profunda.<\/p>\n<p>\u00abIr\u00e1n es claramente el jefe del campamento radical, pero Erdogan est\u00e1 tratando de posicionarse como el segundo jefe, y no es menos peligroso en t\u00e9rminos de potencial\u00bb, dijo. \u00abNo usa proxies de la misma manera que lo hace Ir\u00e1n. Intervene directamente, incluso dentro de Israel a trav\u00e9s de ciudadanos palestinos y activismo pol\u00edtico\u00bb.<\/p>\n<div class=\"image-ct inline\">\n<div class=\"m\"><picture><source media=\"(max-width: 767px)\" srcset=\"https:\/\/a57.foxnews.com\/static.foxnews.com\/foxnews.com\/content\/uploads\/2024\/12\/343\/192\/f-35.jpg?ve=1&amp;tl=1, https:\/\/a57.foxnews.com\/static.foxnews.com\/foxnews.com\/content\/uploads\/2024\/12\/686\/384\/f-35.jpg?ve=1&amp;tl=1 2x\" height=\"192\" width=\"343\"><source media=\"(min-width: 768px) and (max-width: 1023px)\" srcset=\"https:\/\/a57.foxnews.com\/static.foxnews.com\/foxnews.com\/content\/uploads\/2024\/12\/672\/378\/f-35.jpg?ve=1&amp;tl=1, https:\/\/a57.foxnews.com\/static.foxnews.com\/foxnews.com\/content\/uploads\/2024\/12\/1344\/756\/f-35.jpg?ve=1&amp;tl=1 2x\" height=\"378\" width=\"672\"><source media=\"(min-width: 1024px) and (max-width: 1279px)\" srcset=\"https:\/\/a57.foxnews.com\/static.foxnews.com\/foxnews.com\/content\/uploads\/2024\/12\/931\/523\/f-35.jpg?ve=1&amp;tl=1, https:\/\/a57.foxnews.com\/static.foxnews.com\/foxnews.com\/content\/uploads\/2024\/12\/1862\/1046\/f-35.jpg?ve=1&amp;tl=1 2x\" height=\"523\" width=\"931\"><source media=\"(min-width: 1280px)\" srcset=\"https:\/\/a57.foxnews.com\/static.foxnews.com\/foxnews.com\/content\/uploads\/2024\/12\/720\/405\/f-35.jpg?ve=1&amp;tl=1, https:\/\/a57.foxnews.com\/static.foxnews.com\/foxnews.com\/content\/uploads\/2024\/12\/1440\/810\/f-35.jpg?ve=1&amp;tl=1 2x\" height=\"405\" width=\"720\"><img loading=\"lazy\" decoding=\"async\" src=\"https:\/\/a57.foxnews.com\/static.foxnews.com\/foxnews.com\/content\/uploads\/2024\/12\/1200\/675\/f-35.jpg?ve=1&amp;tl=1\" alt=\"Jet de combate de Lightning II de la Fuerza A\u00e9rea Israel\u00ed\" width=\"1200\" height=\"675\"\/><\/source><\/source><\/source><\/source><\/picture><\/div>\n<div class=\"info\">\n<div class=\"caption\">\n<p><span>Un avi\u00f3n de combate Lightning II de la Fuerza A\u00e9rea Israel\u00ed durante un espect\u00e1culo a\u00e9reo en Tel Aviv el 26 de abril de 2023.<\/span> <span>(Jack Guez\/AFP a trav\u00e9s de Getty Images)<\/span><\/p>\n<\/div>\n<\/div>\n<\/div>\n<p>\u00abIsrael tiene lazos diplom\u00e1ticos con Turqu\u00eda, pero Erdogan sigue bloqueando una cooperaci\u00f3n de seguridad significativa en la OTAN\u00bb, agreg\u00f3 Golov. \u00abAhora que Turqu\u00eda se est\u00e1 moviendo hacia el sur hacia Siria, nosotros [Israel] Necesita intensificar las reglas de compromiso. No podemos permitir que Turqu\u00eda cree un paraguas de defensa a\u00e9rea de largo alcance en nuestra frontera \u00ab.<\/p>\n<p>Golov dijo que la administraci\u00f3n actual debe comprender que las ambiciones de Erdogan van m\u00e1s all\u00e1 de Siria. \u00abQuiere convertirse en un estado patr\u00f3n, controlar los cielos y evitar las operaciones israel\u00ed afirmando que estamos violando la soberan\u00eda siria. Pero no se trata de soberan\u00eda, se trata de poder y dar forma al nuevo Medio Oriente en los colores de la Hermandad Musulmana\u00bb.<\/p>\n<p><strong>Haga clic aqu\u00ed para obtener la aplicaci\u00f3n Fox News<\/strong><\/p>\n<p>Sobre las recientes protestas contra el encarcelamiento del alcalde de Estambul, Ciddi dijo: \u00abHemos visto un gran desaf\u00edo para Erdogan con estas protestas p\u00fablicas crecientes, probablemente la m\u00e1s grande desde las protestas de Gezi de 2013 &#8230; encarcelar a un candidato de la oposici\u00f3n antes de que se ejecute una clara se\u00f1al de debilidad. Erdogan no le importa las cr\u00edticas internacionales o las ca\u00eddas econ\u00f3micas, todo lo que est\u00e1 reglamentando, todo lo que tiene Regime, es lo que es un signo. desesperaci\u00f3n \u00ab.<\/p>\n<p> <!----> <\/p>\n<div class=\"article-meta\">\n<div class=\"author-bio\">\n<p>Efrat Lachter es un reportero de investigaci\u00f3n y corresponsal de guerra. Su trabajo la ha llevado a 40 pa\u00edses, incluidos Ucrania, Rusia, Irak, Siria, Sud\u00e1n y Afganist\u00e1n. Recibi\u00f3 la Comunidad para el Periodismo 2024 Knight-Wallace para periodismo. Lachter se puede seguir en x @efratlachter.<\/p>\n<\/div>\n<\/div>\n<\/div>\n\n","protected":false},"excerpt":{"rendered":"<p>Israel lanz\u00f3 una ola de ataques a\u00e9reos en los aer\u00f3dromos militares sirios esta semana, en lo que los funcionarios confirmaron a Fox News Digital ten\u00edan la intenci\u00f3n de enviar un mensaje claro a Turqu\u00eda para no interferir con las operaciones a\u00e9reas israel\u00edes en el espacio a\u00e9reo sirio \u00ab. La escalada marca un punto de inflexi\u00f3n &hellip;<\/p>\n","protected":false},"author":1,"featured_media":21530,"comment_status":"open","ping_status":"open","sticky":false,"template":"","format":"standard","meta":{"fifu_image_url":"https:\/\/static.foxnews.com\/foxnews.com\/content\/uploads\/2024\/05\/netanyahu-erdogan.jpg","fifu_image_alt":"","footnotes":""},"categories":[13],"tags":[],"class_list":["post-21528","post","type-post","status-publish","format-standard","has-post-thumbnail","","category-mundo"],"_links":{"self":[{"href":"https:\/\/noticiasveraces.com\/index.php?rest_route=\/wp\/v2\/posts\/21528","targetHints":{"allow":["GET"]}}],"collection":[{"href":"https:\/\/noticiasveraces.com\/index.php?rest_route=\/wp\/v2\/posts"}],"about":[{"href":"https:\/\/noticiasveraces.com\/index.php?rest_route=\/wp\/v2\/types\/post"}],"author":[{"embeddable":true,"href":"https:\/\/noticiasveraces.com\/index.php?rest_route=\/wp\/v2\/users\/1"}],"replies":[{"embeddable":true,"href":"https:\/\/noticiasveraces.com\/index.php?rest_route=%2Fwp%2Fv2%2Fcomments&post=21528"}],"version-history":[{"count":0,"href":"https:\/\/noticiasveraces.com\/index.php?rest_route=\/wp\/v2\/posts\/21528\/revisions"}],"wp:featuredmedia":[{"embeddable":true,"href":"https:\/\/noticiasveraces.com\/index.php?rest_route=\/wp\/v2\/media\/21530"}],"wp:attachment":[{"href":"https:\/\/noticiasveraces.com\/index.php?rest_route=%2Fwp%2Fv2%2Fmedia&parent=21528"}],"wp:term":[{"taxonomy":"category","embeddable":true,"href":"https:\/\/noticiasveraces.com\/index.php?rest_route=%2Fwp%2Fv2%2Fcategories&post=21528"},{"taxonomy":"post_tag","embeddable":true,"href":"https:\/\/noticiasveraces.com\/index.php?rest_route=%2Fwp%2Fv2%2Ftags&post=21528"}],"curies":[{"name":"wp","href":"https:\/\/api.w.org\/{rel}","templated":true}]}}