{"id":21522,"date":"2025-04-04T07:50:13","date_gmt":"2025-04-04T11:50:13","guid":{"rendered":"https:\/\/noticiasveraces.com\/?p=21522"},"modified":"2025-04-04T07:50:13","modified_gmt":"2025-04-04T11:50:13","slug":"james-rodriguez-mal-momento-en-leon-de-mexico-y-seleccion-colombia-va-por-revancha-curiosidades-de-futbol","status":"publish","type":"post","link":"https:\/\/noticiasveraces.com\/?p=21522","title":{"rendered":"James Rodr\u00edguez: mal momento en le\u00f3n de M\u00e9xico y Selecci\u00f3n Colombia, va por revancha | Curiosidades de f\u00fatbol"},"content":{"rendered":"<p> \n<\/p>\n<div id=\"cuerpoArticulo\">\n<p class=\"texto intro\" id=\"p240977-m396-395-397\">James Rodr\u00edguez no se olvid\u00f3 de jugar f\u00fatbol, no se borr\u00f3 ni se escondi\u00f3. Ah\u00ed est\u00e1 para todo el que quiera juzgarlo. Hace unas dos d\u00e9cadas que ese es su d\u00eda a d\u00eda. <\/p>\n<p class=\"texto contenido-parrafo-articulo\" id=\"p240977-m414-2-415\">Y este momento es especialmente oportuno para sus cr\u00edticos pues despu\u00e9s de ser el faro de un Le\u00f3n l\u00edder de la Liga MX y una Selecci\u00f3n Colombia invicta y finalista de Copa Am\u00e9rica, de repente ha empezado a sentir el declive. <\/p>\n<p class=\"texto contenido-parrafo-articulo\" id=\"p240977-m478-4-479\">El capit\u00e1n en su club y su equipo nacional vio c\u00f3mo se perd\u00eda el liderato de la Liga Mx y la posibilidad de estar en la parte alta de la tabla de las Eliminatorias al Mundial 2026 y por supuesto que las miradas apuntan directamente a \u00e9l. \u00bfQu\u00e9 est\u00e1 ocurriendo?<\/p>\n<p><b>La crisis en Le\u00f3n de M\u00e9xico<br \/><\/b><br \/>La dicha para los hinchas de Le\u00f3n dur\u00f3 hasta la fecha 11, cuando el equipo empez\u00f3 a sumar derrotas y a dar ventajas. <\/p>\n<p>Aunque el creativo dio\u00a04 asistencias y marc\u00f3 2 goles en ese proceso, y para muchos puede sonar a poco, la realidad es que su sola presencia siempre contagi\u00f3 de confianza a sus compa\u00f1eros y el t\u00e9cnico Eduardo Berizzo, un poco siguiendo los pasos de N\u00e9stor Lorenzo, empez\u00f3 a construir un andamiaje a su alrededor. <\/p>\n<p>Victorias contra Am\u00e9rica, Atlas o Chivas de Guadalajara generaban ilusi\u00f3n al inicio de la campa\u00f1a, pero vinieron dos derrotas seguidas, contra Santos (colero de Liga), Necaxa y Pumas y en la rodada ya es tercero de la clasificaci\u00f3n, a un punto de Toluca y a 4 de Am\u00e9rica, que recuper\u00f3 el liderato. <\/p>\n<p>Ah\u00ed est\u00e1 el punto: James dio asistencia contra Necaxa pero su equipos e qued\u00f3 con 10 y no pudo al menos igualar, luego lleg\u00f3 vino desde el banquillo, pues acumul\u00f3 cansancio con su selecci\u00f3n nacional, y tampoco pudo evitar la ca\u00edda contra Pumas. Y empezaron a escucharse las voces de inconformidad. <\/p>\n<p>\u00bfEst\u00e1 cansando James de jugar siempre y no manejar cargas? La duda de los expertos en M\u00e9xico aplica tambi\u00e9n en Colombia. Su f\u00edsico no siempre le ayud\u00f3 y puede necesitar un descanso. <\/p>\n<p>En todo caso, no es la \u00fanica explicaci\u00f3n pues, seg\u00fan su compa\u00f1ero Jhonder C\u00e1diz, hay un tema mental de fondo y es el Mundial de Clubes: \u00abest\u00e1bamos muy contentos por participar, esperamos todav\u00eda participar, por ah\u00ed queda un poco de duda entre los jugadores, aunque nadie lo acepte o lo diga, eso nos est\u00e1 matando la cabeza (\u2026) Como ser humano sabemos que nos afecta much\u00edsimo que no dependa de ti\u00bb, asegur\u00f3. <\/p>\n<p>Algo de eso pesa pues el propio capit\u00e1n sali\u00f3 a protestar por la decisi\u00f3n de la FFIFA de excluir al club y ahora se espera un fallo del TAS para saber si ir\u00e1n o no a la competencia. Por ahora queda concentrarse en el partido de este viernes contra Quer\u00e9taro, que es lo que est\u00e1 en manos de Le\u00f3n. Lo dem\u00e1s no lo est\u00e1 y solo queda confiar y esperar.<\/p>\n<div class=\"fotografia caja-articulo\" id=\"p240977-m484-5-485\">\n<div class=\"imagen-cuerpo-bk\">\n<figure itemscope=\"\" itemtype=\"https:\/\/schema.org\/ImageObject\" itemprop=\"image\" id=\"m489-488-490\" class=\"foto-galeria-articulo imagen-articulo foto-texto-articulo-galeria\"><img decoding=\"async\" alt=\"Stven Mendoza y James Rodr\u00edguez\" src=\"data:image\/png;base64,iVBORw0KGgoAAAANSUhEUgAAAAEAAAABCAQAAAC1HAwCAAAAC0lEQVR42mP8\/x0AAvsB+DlKarAAAAAASUVORK5CYII=\" style=\" display: inline;\" data-original=\"\/files\/article_content\/uploads\/2025\/02\/21\/67b9354f3bf81.jpeg\"\/><meta itemprop=\"width\" content=\"600\"\/><meta itemprop=\"height\" content=\"450\"\/> <meta itemprop=\"url\" content=\"https:\/\/www.futbolred.com\/files\/article_content\/uploads\/2025\/02\/21\/67b9354f3bf81.jpeg\"\/><\/figure>\n<\/div>\n<div class=\"figcaption-cuerpo-bk credito-image-bk\"><figcaption class=\"foto-info\">\n<div class=\"titulo-foto-bk\">\n<p id=\"m496-1-497\" class=\"titulo pie-de-foto\">Stven Mendoza y James Rodr\u00edguez<\/p>\n<\/div>\n<p class=\"credito\">\n                            <span class=\"linea pre_credito\">Foto:<\/span><\/p>\n<p>                        <span id=\"m502-2-503\" class=\"autor\">Tomado de X \/ @clubleonfc<\/span><\/p>\n<\/figcaption><\/div>\n<\/p><\/div>\n<p class=\"texto contenido-parrafo-articulo\" id=\"p240977-m510-6-511\"><b>\u00bfY en la Selecci\u00f3n Colombia, qu\u00e9 pasa?<br \/><\/b><br \/>El efecto cansancio tambi\u00e9n podr\u00eda extenderse a la Selecci\u00f3n Colombia, en la que ha tenido unas de cal y otras de arena. <\/p>\n<p>James fue titular y jug\u00f3 casi 100 minutos contra Bolivia en El Alto, repiti\u00f3 en partidos demandantes contra Uruguay y Ecuador y fue inicialista contra Brasil y Paraguay. No pudo celebrar sino contra Chile, un rival al que casi todos le ganaron en las Eliminatorias. <\/p>\n<p>\u00bfAcaso ahora que juega regularmente est\u00e1 cansando y eso afecta su rendimiento con la amarilla? Antes, cuando lleg\u00f3 a la Copa Am\u00e9rica en la que fue MVP, ven\u00eda de no contar en Sao Paulo de Brasil y los d\u00edas de intenso trabajo, que fueron casi 50 con el equipo nacional, rindieron su fruto porque jug\u00f3 pocos partidos y explot\u00f3 en la competencia. Pero en los clubes es distinto y necesita dosificar para no reventarse en los compromisos de la selecci\u00f3n nacional.<\/p>\n<p>Aunque nadie discute su titularidad o su importancia, s\u00ed parece claro que necesita un relevo. Lo malo es que para el t\u00e9cnico N\u00e9stor Lorenzo no ser\u00eda Juan Fernando Quintero, el sustituto natural, pues en las \u00faltimas dos fechas no le dio ni un minuto. <br \/>\u200b<\/p>\n<\/p><\/div>\n\n","protected":false},"excerpt":{"rendered":"<p>James Rodr\u00edguez no se olvid\u00f3 de jugar f\u00fatbol, no se borr\u00f3 ni se escondi\u00f3. Ah\u00ed est\u00e1 para todo el que quiera juzgarlo. Hace unas dos d\u00e9cadas que ese es su d\u00eda a d\u00eda. Y este momento es especialmente oportuno para sus cr\u00edticos pues despu\u00e9s de ser el faro de un Le\u00f3n l\u00edder de la Liga &hellip;<\/p>\n","protected":false},"author":1,"featured_media":21523,"comment_status":"open","ping_status":"open","sticky":false,"template":"","format":"standard","meta":{"fifu_image_url":"https:\/\/www.futbolred.com\/files\/og_thumbnail\/uploads\/2025\/03\/31\/67ea27e195e3b.jpeg","fifu_image_alt":"","footnotes":""},"categories":[6],"tags":[],"class_list":["post-21522","post","type-post","status-publish","format-standard","has-post-thumbnail","","category-deportes"],"_links":{"self":[{"href":"https:\/\/noticiasveraces.com\/index.php?rest_route=\/wp\/v2\/posts\/21522","targetHints":{"allow":["GET"]}}],"collection":[{"href":"https:\/\/noticiasveraces.com\/index.php?rest_route=\/wp\/v2\/posts"}],"about":[{"href":"https:\/\/noticiasveraces.com\/index.php?rest_route=\/wp\/v2\/types\/post"}],"author":[{"embeddable":true,"href":"https:\/\/noticiasveraces.com\/index.php?rest_route=\/wp\/v2\/users\/1"}],"replies":[{"embeddable":true,"href":"https:\/\/noticiasveraces.com\/index.php?rest_route=%2Fwp%2Fv2%2Fcomments&post=21522"}],"version-history":[{"count":0,"href":"https:\/\/noticiasveraces.com\/index.php?rest_route=\/wp\/v2\/posts\/21522\/revisions"}],"wp:featuredmedia":[{"embeddable":true,"href":"https:\/\/noticiasveraces.com\/index.php?rest_route=\/wp\/v2\/media\/21523"}],"wp:attachment":[{"href":"https:\/\/noticiasveraces.com\/index.php?rest_route=%2Fwp%2Fv2%2Fmedia&parent=21522"}],"wp:term":[{"taxonomy":"category","embeddable":true,"href":"https:\/\/noticiasveraces.com\/index.php?rest_route=%2Fwp%2Fv2%2Fcategories&post=21522"},{"taxonomy":"post_tag","embeddable":true,"href":"https:\/\/noticiasveraces.com\/index.php?rest_route=%2Fwp%2Fv2%2Ftags&post=21522"}],"curies":[{"name":"wp","href":"https:\/\/api.w.org\/{rel}","templated":true}]}}