{"id":21518,"date":"2025-04-04T07:35:16","date_gmt":"2025-04-04T11:35:16","guid":{"rendered":"https:\/\/noticiasveraces.com\/?p=21518"},"modified":"2025-04-04T07:35:16","modified_gmt":"2025-04-04T11:35:16","slug":"tienen-los-consumidores-la-respuesta-dw-04-04-2025","status":"publish","type":"post","link":"https:\/\/noticiasveraces.com\/?p=21518","title":{"rendered":"\u00bftienen los consumidores la respuesta? \u2013 DW \u2013 04\/04\/2025"},"content":{"rendered":"<p> \n<\/p>\n<div>\n<p>Mientras los expertos econ\u00f3micos advierten que los aranceles del presidente estadounidense Donald Trump ponen en peligro la econom\u00eda en todos los rincones del mundo, los primeros consumidores de ese pa\u00eds reaccionan con peque\u00f1as protestas. En algunos supermercados es posible ver latas de patatas fritas de la marca estadounidense Pringles o botellas de Coca-Cola invertidas. En la plataforma online Reddit, hay un grupo con m\u00e1s de 200.000 miembros de diferentes pa\u00edses<svg xmlns=\"http:\/\/www.w3.org\/2000\/svg\" width=\"20\" height=\"20\" viewbox=\"0 0 20 20\"><path d=\"M11.5 3.5 11.5 4.233C14.342 4.233 15.167 4.245 15.167 4.258L8.984 10.467 10.033 11.516C14.826 6.725 16.228 5.333 16.242 5.333L16.267 9 17.733 9 17.733 2.767 11.5 2.767 11.5 3.5M2.267 11 2.267 17.233 16.733 17.233 16.733 12 15.267 12 15.25 15.75 9.5 15.75 3.75 15.75 3.75 6.25 9.5 6.233 9.5 4.767 2.267 4.767 2.267 11 \"\/><\/svg>  llamado \u00abBuyFromEU\u00bb: los usuarios intercambian ideas sobre c\u00f3mo reemplazar los productos estadounidenses por los europeos. Algunos publican fotos de sus compras y escriben: \u00abPor primera vez: s\u00f3lo alimentos de la UE\u00bb.<\/p>\n<p>\u00abEs posible que esto se convierta en una tendencia\u00bb, dijo el viernes la economista conductual Dorothea K\u00fcbler de la Universidad T\u00e9cnica (TU) de Berl\u00edn a la agencia alemana de noticias KNA. Eso depende de hasta qu\u00e9 punto el \u00e1nimo en la guerra comercial se vuelve contra Estados Unidos, agrega. Sin embargo, es demasiado pronto para hacer un pron\u00f3stico, recalca la especialista.<\/p>\n<h2>El poder del consumidor es colectivo<\/h2>\n<p>Sin embargo, seg\u00fan K\u00fcbler, estas acciones de boicot solo tienen un impacto perceptible en la econom\u00eda si son concertadas: \u00abSolo entonces se presiona a las empresas\u00bb. La marca de autom\u00f3viles Tesla est\u00e1 mostrando actualmente c\u00f3mo el abandono de la marca por parte de muchos consumidores podr\u00eda afectar las cifras de ventas.<\/p>\n<figure class=\"placeholder-image master_landscape big\"><img data-format=\"MASTER_LANDSCAPE\" data-id=\"72116687\" data-url=\"https:\/\/static.dw.com\/image\/72116687_${formatId}.jpg\" data-aspect-ratio=\"16\/9\" alt=\"La en\u00e9rgica reacci\u00f3n de consumidores europeos contra Tesla ha repercutido porque ha sido colectiva, opinan especialistas.\" style=\"padding-bottom: 56.25%; height: 0; max-height: 0;\"\/><figcaption class=\"img-caption\">La en\u00e9rgica reacci\u00f3n de consumidores europeos contra Tesla ha repercutido porque ha sido colectiva, opinan especialistas.<small class=\"copyright\">Imagen: Alberto Pezzali\/AP Photo\/Picture Alliance<\/small><\/figcaption><\/figure>\n<p>En cualquier caso, el boicot a productos estadounidenses en los supermercados es una forma sencilla de expresar la propia \u00abdesaprobaci\u00f3n\u00bb de las pol\u00edticas de Trump. \u00abEn principio es una medida emotiva, y el consumidor puede sentirse bien al respecto\u00bb, explic\u00f3 K\u00fcbler.<\/p>\n<p>Sin embargo, los productos procedentes de EE.UU. no siempre son f\u00e1ciles de reconocer, explica Jutta Roosen, jefa de la c\u00e1tedra de Marketing e Investigaci\u00f3n del Consumidor de la Universidad T\u00e9cnica de M\u00fanich. \u00abHoy en d\u00eda contamos con enormes corporaciones multimarca, por lo que no siempre est\u00e1 claro si un producto viene de Suiza o de Estados Unidos\u00bb, explic\u00f3 el profesor de la KNA.<\/p>\n<p><span data-slot-id=\"Article_InContent-1\" class=\"rich-text-ad\"\/><\/p>\n<h2>Poca reacci\u00f3n hasta el momento<\/h2>\n<p>Cuando se le pregunt\u00f3, el minorista de alimentaci\u00f3n Rewe afirm\u00f3 que hasta ahora no ha habido \u00abninguna gran cantidad de consultas\u00bb de clientes sobre este tema. Adem\u00e1s, el departamento de comunicaciones no ha recibido informes de acciones de protesta de mercados individuales. Cuando se le pregunt\u00f3, la cadena de descuentos Lidl tambi\u00e9n afirm\u00f3 que actualmente no est\u00e1n notando ning\u00fan cambio en el comportamiento de compra. \u00abNuestros clientes siguen demandando todos los productos de toda la gama\u00bb, afirm\u00f3 una portavoz.<\/p>\n<figure class=\"placeholder-image master_landscape big\"><img data-format=\"MASTER_LANDSCAPE\" data-id=\"72131351\" data-url=\"https:\/\/static.dw.com\/image\/72131351_${formatId}.jpg\" data-aspect-ratio=\"16\/9\" alt=\"No todos los productos est\u00e1n tan bien etiquetados en cuanto a su origen como estos botes de crema de cacahuate estadounidense.\" style=\"padding-bottom: 56.25%; height: 0; max-height: 0;\"\/><figcaption class=\"img-caption\">No todos los productos est\u00e1n tan bien etiquetados en cuanto a su origen como estos botes de crema de cacahuate estadounidense.<small class=\"copyright\">Imagen: Christian Charisius\/DPA\/Picture Alliance<\/small><\/figcaption><\/figure>\n<p>Seg\u00fan Roosen, los consumidores normalmente tienen su propio \u00abecosistema de marca\u00bb. \u00abEliminar una sola marca, como Apple, es una decisi\u00f3n de gran alcance\u201d. Por lo tanto, los consumidores se enfrentan a la pregunta de qu\u00e9 productos alternativos hay disponibles y a qu\u00e9 tendr\u00edan que renunciar en t\u00e9rminos de precio y conveniencia, es decir, comodidad y practicidad. \u00abPero me imagino que en el futuro los fabricantes que producen en Europa lo promocionar\u00e1n con m\u00e1s fuerza\u00bb, afirma Roosen.<\/p>\n<p>El presidente de Estados Unidos, Trump, anunci\u00f3 recientemente un amplio paquete arancelario que afectar\u00e1 a numerosos pa\u00edses de todo el mundo con aranceles particularmente altos. En el futuro se impondr\u00e1n aranceles del 20 por ciento a las importaciones procedentes de Alemania y de toda la Uni\u00f3n Europea. Olaf Scholz (SPD), canciller alem\u00e1n en funciones, describi\u00f3 la pol\u00edtica arancelaria de la administraci\u00f3n Trump como un \u00abataque a un orden comercial que ha creado prosperidad en todo el mundo\u00bb y como \u00abfundamentalmente err\u00f3nea\u00bb.<\/p>\n<p>Electric (desnudo)<\/p>\n<\/div>\n\n","protected":false},"excerpt":{"rendered":"<p>Mientras los expertos econ\u00f3micos advierten que los aranceles del presidente estadounidense Donald Trump ponen en peligro la econom\u00eda en todos los rincones del mundo, los primeros consumidores de ese pa\u00eds reaccionan con peque\u00f1as protestas. En algunos supermercados es posible ver latas de patatas fritas de la marca estadounidense Pringles o botellas de Coca-Cola invertidas. En &hellip;<\/p>\n","protected":false},"author":1,"featured_media":21519,"comment_status":"open","ping_status":"open","sticky":false,"template":"","format":"standard","meta":{"fifu_image_url":"https:\/\/static.dw.com\/image\/71920772_6.jpg","fifu_image_alt":"","footnotes":""},"categories":[13],"tags":[],"class_list":["post-21518","post","type-post","status-publish","format-standard","has-post-thumbnail","","category-mundo"],"_links":{"self":[{"href":"https:\/\/noticiasveraces.com\/index.php?rest_route=\/wp\/v2\/posts\/21518","targetHints":{"allow":["GET"]}}],"collection":[{"href":"https:\/\/noticiasveraces.com\/index.php?rest_route=\/wp\/v2\/posts"}],"about":[{"href":"https:\/\/noticiasveraces.com\/index.php?rest_route=\/wp\/v2\/types\/post"}],"author":[{"embeddable":true,"href":"https:\/\/noticiasveraces.com\/index.php?rest_route=\/wp\/v2\/users\/1"}],"replies":[{"embeddable":true,"href":"https:\/\/noticiasveraces.com\/index.php?rest_route=%2Fwp%2Fv2%2Fcomments&post=21518"}],"version-history":[{"count":0,"href":"https:\/\/noticiasveraces.com\/index.php?rest_route=\/wp\/v2\/posts\/21518\/revisions"}],"wp:featuredmedia":[{"embeddable":true,"href":"https:\/\/noticiasveraces.com\/index.php?rest_route=\/wp\/v2\/media\/21519"}],"wp:attachment":[{"href":"https:\/\/noticiasveraces.com\/index.php?rest_route=%2Fwp%2Fv2%2Fmedia&parent=21518"}],"wp:term":[{"taxonomy":"category","embeddable":true,"href":"https:\/\/noticiasveraces.com\/index.php?rest_route=%2Fwp%2Fv2%2Fcategories&post=21518"},{"taxonomy":"post_tag","embeddable":true,"href":"https:\/\/noticiasveraces.com\/index.php?rest_route=%2Fwp%2Fv2%2Ftags&post=21518"}],"curies":[{"name":"wp","href":"https:\/\/api.w.org\/{rel}","templated":true}]}}