{"id":21501,"date":"2025-04-04T05:16:53","date_gmt":"2025-04-04T09:16:53","guid":{"rendered":"https:\/\/noticiasveraces.com\/?p=21501"},"modified":"2025-04-04T05:16:53","modified_gmt":"2025-04-04T09:16:53","slug":"expertos-de-la-onu-publican-un-informe-que-identifica-a-54-funcionarios-responsables-de-la-represion-sistematica-en-nicaragua","status":"publish","type":"post","link":"https:\/\/noticiasveraces.com\/?p=21501","title":{"rendered":"Expertos de la ONU publican un informe que identifica a 54 funcionarios responsables de la represi\u00f3n sistem\u00e1tica en Nicaragua"},"content":{"rendered":"<p> \n<br \/><img decoding=\"async\" src=\"https:\/\/global.unitednations.entermediadb.net\/assets\/mediadb\/services\/module\/asset\/downloads\/preset\/Libraries\/Production%20Library\/02-06-2023_Unsplash_Nicaragua.jpg\/image560x340cropped.jpg\" \/><\/p>\n<div>\n<p>El Grupo de expertos en Derechos Humanos sobre Nicaragua* public\u00f3 este jueves un\u00a0informe que identifica por primera vez a decenas de funcionarios del Gobierno, del Ej\u00e9rcito y del partido gobernante que, seg\u00fan afirma, son responsables de graves violaciones de derechos humanos, abusos y cr\u00edmenes que\u00a0est\u00e1n alimentando una\u00a0campa\u00f1a de represi\u00f3n sistem\u00e1tica y generalizada en el pa\u00eds.<\/p>\n<p>Las 54 personas nombradas en el informe, que detalla estructuras institucionales, cadenas de mando y responsabilidades individuales, han desempe\u00f1ado funciones clave en relaci\u00f3n con <strong>detenciones arbitrarias, torturas, ejecuciones extrajudiciales, persecuci\u00f3n de la sociedad civil y medios de comunicaci\u00f3n, campa\u00f1as de desnacionalizaci\u00f3n y confiscaci\u00f3n de propiedad privada<\/strong>indic\u00f3 el Grupo de expertos**.<\/p>\n<p>\u00abPor primera vez, revelamos c\u00f3mo decenas de personas est\u00e1n vinculadas a las violaciones de derechos humanos y cr\u00edmenes documentados en nuestros informes anteriores\u00bb, dijo el presidente del Grupo.<\/p>\n<p>Seg\u00fan Jan-Michael Simon, el informe\u00a0pone al descubierto la anatom\u00eda de un sistema de gobierno que \u201cha convertido cada brazo del Estado en un arma contra su propio pueblo\u201d.<\/p>\n<h2>Coordinaci\u00f3n desde la Presidencia hasta los funcionarios locales<\/h2>\n<p>El informe de 234 p\u00e1ginas, basado en extensas entrevistas, documentaci\u00f3n verificada y fuentes confidenciales, incluye <strong>diagramas detallados que identifican las relaciones entre actores estatales y no estatales<\/strong> dentro del aparato gobernante de Nicaragua.<\/p>\n<p>El informe subraya c\u00f3mo Daniel Ortega y su esposa Rosario Murillo, quienes han asumido los t\u00edtulos de \u00abcopresidentes\u00bb tras una reforma constitucional en febrero de 2025, han construido un r\u00e9gimen centralizado y represivo que ha cooptado todas las ramas del Gobierno y que ha difuminado los l\u00edmites entre partido y Estado, destaca el Grupo.<\/p>\n<p>\u00abLo que descubrimos es un sistema de represi\u00f3n estrechamente coordinado, que se extiende desde la Presidencia hasta los funcionarios locales\u00bb, dijo una experta del Grupo.<\/p>\n<p>Ariela Peralta enfatiz\u00f3 que no se trata de incidentes aleatorios o aislados, sino que son parte de una pol\u00edtica de Estado \u201cdeliberada y bien orquestada\u201d, que es llevada a cabo por actores identificables a trav\u00e9s de cadenas de mando definidas.<\/p>\n<h2>Llamamiento a la comunidad internacional<\/h2>\n<p>Los expertos reiteraron su llamado a que la comunidad internacional tome medidas urgentes y concretas, incluyendo <strong>acciones legales, sanciones y mayor apoyo a las v\u00edctimas y la sociedad civil<\/strong>.<\/p>\n<p>\u00abEste informe es una hoja de ruta para la justicia\u00bb, dijo Reed Brody, experto del Grupo. \u00abLos Estados, fiscales e instituciones internacionales ahora tienen los nombres, las estructuras y las evidencias necesarias para avanzar en la rendici\u00f3n de cuentas\u00bb.<\/p>\n<p>La lista de individuos nombrados fue compartida previamente de manera confidencial con el Gobierno de Nicaragua, que contin\u00faa rechazando toda cooperaci\u00f3n con el Grupo.<\/p>\n<p>El 27 de febrero de 2025, un d\u00eda antes de que el\u00a0informe principal\u00a0del Grupo fuera presentado ante el Consejo de Derechos Humanos, el Gobierno anunci\u00f3 su <strong>retiro del Consejo y de todos sus mecanismos subsidiarios<\/strong>.<\/p>\n<p><em><strong>*<\/strong><\/em> <em>El <\/em><em>Grupo de Expertos en Derechos Humanos sobre Nicaragua<\/em><em> es un organismo independiente mandatado por el Consejo de Derechos Humanos de la ONU. Creado en marzo de 2022, su tarea es llevar a cabo investigaciones exhaustivas e independientes sobre todas las violaciones y abusos de derechos humanos cometidos en Nicaragua desde abril de 2018. Los miembros del Grupo de Expertos son Jan-Michael Simon (presidente), Ariela Peralta Dist\u00e9fano y Reed Brody.<\/em><\/p>\n<p><em><strong>** Los miembros expertos<\/strong> del Grupo de Expertos en Derechos Humanos sobre Nicaragua fueron nombrados por el presidente del Consejo de Derechos Humanos de la ONU para recopilar datos sobre presuntas violaciones de derechos humanos, recoger informaci\u00f3n imparcial y proporcionar an\u00e1lisis independiente. Los expertos trabajan de forma voluntaria; no son personal de la ONU y no reciben un salario por su trabajo.<\/em><\/p>\n<p><em>Si bien la Oficina de Derechos Humanos de la ONU proporciona apoyo administrativo, t\u00e9cnico y log\u00edstico al Grupo, los expertos act\u00faan a t\u00edtulo individual y son independientes de cualquier gobierno u organizaci\u00f3n, incluida la ONU. Los puntos de vista u opiniones presentadas en este documento pertenecen \u00fanicamente al \u00f3rgano con mandato y a sus expertos, y no representa necesariamente los puntos de vista u opiniones de la ONU.<\/em><\/p>\n<\/div>\n\n","protected":false},"excerpt":{"rendered":"<p>El Grupo de expertos en Derechos Humanos sobre Nicaragua* public\u00f3 este jueves un\u00a0informe que identifica por primera vez a decenas de funcionarios del Gobierno, del Ej\u00e9rcito y del partido gobernante que, seg\u00fan afirma, son responsables de graves violaciones de derechos humanos, abusos y cr\u00edmenes que\u00a0est\u00e1n alimentando una\u00a0campa\u00f1a de represi\u00f3n sistem\u00e1tica y generalizada en el pa\u00eds. &hellip;<\/p>\n","protected":false},"author":1,"featured_media":21503,"comment_status":"open","ping_status":"open","sticky":false,"template":"","format":"standard","meta":{"fifu_image_url":"https:\/\/global.unitednations.entermediadb.net\/assets\/mediadb\/services\/module\/asset\/downloads\/preset\/Libraries\/Production%20Library\/02-06-2023_Unsplash_Nicaragua.jpg\/image770x420cropped.jpg","fifu_image_alt":"","footnotes":""},"categories":[3],"tags":[],"class_list":["post-21501","post","type-post","status-publish","format-standard","has-post-thumbnail","","category-negocio"],"_links":{"self":[{"href":"https:\/\/noticiasveraces.com\/index.php?rest_route=\/wp\/v2\/posts\/21501","targetHints":{"allow":["GET"]}}],"collection":[{"href":"https:\/\/noticiasveraces.com\/index.php?rest_route=\/wp\/v2\/posts"}],"about":[{"href":"https:\/\/noticiasveraces.com\/index.php?rest_route=\/wp\/v2\/types\/post"}],"author":[{"embeddable":true,"href":"https:\/\/noticiasveraces.com\/index.php?rest_route=\/wp\/v2\/users\/1"}],"replies":[{"embeddable":true,"href":"https:\/\/noticiasveraces.com\/index.php?rest_route=%2Fwp%2Fv2%2Fcomments&post=21501"}],"version-history":[{"count":0,"href":"https:\/\/noticiasveraces.com\/index.php?rest_route=\/wp\/v2\/posts\/21501\/revisions"}],"wp:featuredmedia":[{"embeddable":true,"href":"https:\/\/noticiasveraces.com\/index.php?rest_route=\/wp\/v2\/media\/21503"}],"wp:attachment":[{"href":"https:\/\/noticiasveraces.com\/index.php?rest_route=%2Fwp%2Fv2%2Fmedia&parent=21501"}],"wp:term":[{"taxonomy":"category","embeddable":true,"href":"https:\/\/noticiasveraces.com\/index.php?rest_route=%2Fwp%2Fv2%2Fcategories&post=21501"},{"taxonomy":"post_tag","embeddable":true,"href":"https:\/\/noticiasveraces.com\/index.php?rest_route=%2Fwp%2Fv2%2Ftags&post=21501"}],"curies":[{"name":"wp","href":"https:\/\/api.w.org\/{rel}","templated":true}]}}