{"id":21499,"date":"2025-04-04T04:58:28","date_gmt":"2025-04-04T08:58:28","guid":{"rendered":"https:\/\/noticiasveraces.com\/?p=21499"},"modified":"2025-04-04T04:58:28","modified_gmt":"2025-04-04T08:58:28","slug":"la-pelicula-biografica-de-la-pelicula-de-michael-jackson-se-enfrenta-a-una-mayor-sacudida-para-4-horas-de-pelicula-musica-entretenimiento","status":"publish","type":"post","link":"https:\/\/noticiasveraces.com\/?p=21499","title":{"rendered":"La pel\u00edcula biogr\u00e1fica de la pel\u00edcula de Michael Jackson se enfrenta a una mayor sacudida para &#8216;4 horas de pel\u00edcula&#8217; | M\u00fasica | Entretenimiento"},"content":{"rendered":"<p> \n<\/p>\n<div>\n<p>La pel\u00edcula biogr\u00e1fica oficial de la pel\u00edcula Michael Jackson llegar\u00e1 a los cines este octubre y contar\u00e1 la historia de la vida y la carrera del Rey del Pop.<\/p>\n<p>Producido por Graham King de Bohemian Rhapsody, la pr\u00f3xima pel\u00edcula est\u00e1 protagonizada por el sobrino Jaafar Jackson de MJ en el papel principal y coprotagonistas Colman Domingo como su padre. Al mismo tiempo, Miles Teller interpreta al gerente John Branca (quien tambi\u00e9n produce).<\/p>\n<p>Sin embargo, ahora la fecha de lanzamiento del 3 de octubre est\u00e1 en flujo, seg\u00fan un nuevo informe sobre Michael de 2025.<\/p>\n<p>El Insneider informa que la pel\u00edcula definitivamente ser\u00e1 retrocedida a 2026, pero eso queda por ver.<\/p>\n<p>Mientras tanto, el rumoreado corte de cuatro horas se est\u00e1 dividiendo en dos pel\u00edculas como Wicked. Los fan\u00e1ticos de Jackson sin duda dar\u00edan la bienvenida a las noticias de una Parte 1 y Parte 2.<\/p>\n<\/div>\n<div>\n<p>Mientras tanto, la fecha l\u00edmite informa que otro factor de retraso son los problemas legales que rodean las acusaciones de abuso sexual de 1993 por Jackson por Jordan Chandler, de 13 a\u00f1os. La difunta estrella del pop le pag\u00f3 a su familia $ 20 millones un a\u00f1o despu\u00e9s sin la admisi\u00f3n de culpa. El patrimonio de Jackson afirma que no quer\u00edan nada sobre Chandler en la pel\u00edcula, y las acusaciones, como se muestra en la pel\u00edcula, \u00abha llevado a una feroz disputa interna y extensiones extensas\u00bb.<\/p>\n<\/div>\n\n","protected":false},"excerpt":{"rendered":"<p>La pel\u00edcula biogr\u00e1fica oficial de la pel\u00edcula Michael Jackson llegar\u00e1 a los cines este octubre y contar\u00e1 la historia de la vida y la carrera del Rey del Pop. Producido por Graham King de Bohemian Rhapsody, la pr\u00f3xima pel\u00edcula est\u00e1 protagonizada por el sobrino Jaafar Jackson de MJ en el papel principal y coprotagonistas Colman &hellip;<\/p>\n","protected":false},"author":1,"featured_media":21500,"comment_status":"open","ping_status":"open","sticky":false,"template":"","format":"standard","meta":{"fifu_image_url":"https:\/\/cdn.images.express.co.uk\/img\/dynamic\/35\/1200x630\/6069161.jpg","fifu_image_alt":"","footnotes":""},"categories":[766],"tags":[],"class_list":["post-21499","post","type-post","status-publish","format-standard","has-post-thumbnail","","category-musica"],"_links":{"self":[{"href":"https:\/\/noticiasveraces.com\/index.php?rest_route=\/wp\/v2\/posts\/21499","targetHints":{"allow":["GET"]}}],"collection":[{"href":"https:\/\/noticiasveraces.com\/index.php?rest_route=\/wp\/v2\/posts"}],"about":[{"href":"https:\/\/noticiasveraces.com\/index.php?rest_route=\/wp\/v2\/types\/post"}],"author":[{"embeddable":true,"href":"https:\/\/noticiasveraces.com\/index.php?rest_route=\/wp\/v2\/users\/1"}],"replies":[{"embeddable":true,"href":"https:\/\/noticiasveraces.com\/index.php?rest_route=%2Fwp%2Fv2%2Fcomments&post=21499"}],"version-history":[{"count":0,"href":"https:\/\/noticiasveraces.com\/index.php?rest_route=\/wp\/v2\/posts\/21499\/revisions"}],"wp:featuredmedia":[{"embeddable":true,"href":"https:\/\/noticiasveraces.com\/index.php?rest_route=\/wp\/v2\/media\/21500"}],"wp:attachment":[{"href":"https:\/\/noticiasveraces.com\/index.php?rest_route=%2Fwp%2Fv2%2Fmedia&parent=21499"}],"wp:term":[{"taxonomy":"category","embeddable":true,"href":"https:\/\/noticiasveraces.com\/index.php?rest_route=%2Fwp%2Fv2%2Fcategories&post=21499"},{"taxonomy":"post_tag","embeddable":true,"href":"https:\/\/noticiasveraces.com\/index.php?rest_route=%2Fwp%2Fv2%2Ftags&post=21499"}],"curies":[{"name":"wp","href":"https:\/\/api.w.org\/{rel}","templated":true}]}}