{"id":21488,"date":"2025-04-04T02:25:15","date_gmt":"2025-04-04T06:25:15","guid":{"rendered":"https:\/\/noticiasveraces.com\/?p=21488"},"modified":"2025-04-04T02:25:15","modified_gmt":"2025-04-04T06:25:15","slug":"en-la-feria-de-hannover-no-hay-miedo-a-los-aranceles-dw-03-04-2025","status":"publish","type":"post","link":"https:\/\/noticiasveraces.com\/?p=21488","title":{"rendered":"En la Feria de Hannover no hay miedo a los aranceles \u2013 DW \u2013 03\/04\/2025"},"content":{"rendered":"<p> \n<\/p>\n<div>\n<p>Mientras el mundo esperaba los planes arancelarios del presidente Donald Trump, en la Feria de Hannover parec\u00eda reinar la calma. Hombres y mujeres trajeados caminan\u00a0a paso ligero de un pabell\u00f3n de exposiciones a otro, mientras el sol calienta un aire primaveral todav\u00eda fr\u00edo. Entre los gigantescos pabellones blancos, florecen ya los primeros cerezos.  <\/p>\n<p>Peque\u00f1os grupos se re\u00fanen alrededor de los carritos de caf\u00e9 y bebidas, charlan y r\u00eden, discuten en las salas. 4.000 expositores de 60 pa\u00edses se re\u00fanen para presentar sus innovaciones en los campos de la rob\u00f3tica, la ingenier\u00eda mec\u00e1nica, la tecnolog\u00eda de accionamiento y la producci\u00f3n de energ\u00eda.<\/p>\n<h2>Trump, omnipresente<\/h2>\n<p>Aunque no est\u00e9 en Hannover, parece omnipresente: este a\u00f1o, el presidente de Estados Unidos, Donald Trump, es el tema de conversaci\u00f3n n\u00famero uno, y con \u00e9l, por supuesto, sus planes arancelarios y su significado para el futuro del comercio mundial.<\/p>\n<p>Su administraci\u00f3n impondr\u00e1 nuevos aranceles fijos del diez por ciento sobre la mayor\u00eda de las importaciones a Estados Unidos, as\u00ed como aranceles punitivos m\u00e1s altos para aquellos pa\u00edses con los que Estados Unidos tiene un d\u00e9ficit comercial. En el futuro, se aplicar\u00e1n aranceles del 20 por ciento a las importaciones procedentes de la UE. Adem\u00e1s est\u00e1n los aranceles rec\u00edprocos, es decir, que EE. UU. aumentar\u00e1 los aranceles de importaci\u00f3n sobre la cantidad que imponen sus socios comerciales a los productos estadounidenses correspondientes.  <\/p>\n<h2>La feria como oportunidad<\/h2>\n<p>Todo esto ha sido un \u00abverdadero <em>choque<\/em>\u00ab, dice el director general de la organizaci\u00f3n Next Generation Manufacturing Canada, Jayson Myers. Canad\u00e1 compra m\u00e1s bienes de Estados Unidos que China, Jap\u00f3n, Francia y el Reino Unido juntos.<\/p>\n<figure class=\"placeholder-image master_landscape big\"><img data-format=\"MASTER_LANDSCAPE\" data-id=\"72123821\" data-url=\"https:\/\/static.dw.com\/image\/72123821_${formatId}.jpg\" data-aspect-ratio=\"16\/9\" alt=\"Jayson Myers, de traje y corbata en el entorno de una feria de exposiciones.\" style=\"padding-bottom: 56.25%; height: 0; max-height: 0;\"\/><figcaption class=\"img-caption\">Jayson Myers, de la organizaci\u00f3n Next Generation Manufacturing Canada, asegura que, b\u00e1sicamente, no le preocupan los aranceles de Trump.<small class=\"copyright\">Imagen: Nadine Michollek\/DW<\/small><\/figcaption><\/figure>\n<p>Por eso, la Feria de Hannover representa una oportunidad para muchas empresas, explica Myers a DW. Tras el anuncio de los aranceles estadounidenses, s\u00f3lo en los \u00faltimos dos meses se han registrado 80 empresas canadienses m\u00e1s para acudir a esa feria, en la que hay representados 260 expositores de Canad\u00e1, pa\u00eds socio del evento en 2025. \u00abEs una buena se\u00f1al que las empresas tecnol\u00f3gicas y los fabricantes canadienses est\u00e9n aqu\u00ed en la feria, mirando, conociendo otras empresas y buscando nuevas oportunidades de negocio\u00bb, comenta Myers a DW.<\/p>\n<h2>Canad\u00e1 y la UE<\/h2>\n<p>Alemania tambi\u00e9n aprovecha la Feria de Hannover como oportunidad para establecer nuevas relaciones comerciales. En 2024, Estados Unidos era el socio comercial m\u00e1s importante de Alemania.<\/p>\n<p>En la inauguraci\u00f3n del evento, el canciller en funciones, Olaf Scholz, se pronunci\u00f3 a favor de ampliar el comercio con pa\u00edses como Canad\u00e1. Ese pa\u00eds es el socio casi\u00a0ideal para Alemania y Europa, dijo Scholz, porque el pa\u00eds tiene todas las materias primas de Rusia, \u00abpero es una democracia\u00bb.   <\/p>\n<p>Seg\u00fan Wolfgang Weber, director general de la Asociaci\u00f3n de la Industria El\u00e9ctrica y Digital de Alemania (ZVEI, por sus siglas en alem\u00e1n), las buenas relaciones con Canad\u00e1 han sido palpables en muchas conversaciones y debates en la Feria de Hannover. Canad\u00e1, dice, \u00abest\u00e1 demostrando en todos los niveles que es un socio confiable y atractivo para Europa\u00bb.<\/p>\n<p>\u00abLa industria el\u00e9ctrica y digital alemana y europea ofrece productos de los que la econom\u00eda estadounidense no puede prescindir. Deber\u00edamos recordarlo\u00bb, agrega. Si el presidente estadounidense quisiera llegar a un acuerdo, lo har\u00edan, pero \u00aben pie de igualdad\u00bb, subraya Weber.<\/p>\n<p>Bertram Kawlath, presidente de la Federaci\u00f3n Alemana de Ingenier\u00eda (VDMA), tiene una opini\u00f3n similar: \u00abLa mayor\u00eda de nuestras empresas afiliadas fabrican m\u00e1quinas y equipos que no pueden comprarse en Estados Unidos\u00bb. Los aranceles son una amenaza para las empresas alemanas, pero no existencial, explica Kawlath a DW en la Hannover Messe. Seg\u00fan una simulaci\u00f3n del Instituto de Investigaci\u00f3n Econ\u00f3mica de M\u00fanich (Instituto ifo), los nuevos aranceles rec\u00edprocos del presidente Trump probablemente reducir\u00e1n las exportaciones alemanas a EE. UU. en menos del tres por ciento.<\/p>\n<p><span data-slot-id=\"Article_InContent-1\" class=\"rich-text-ad\"\/><\/p>\n<h2>Nuevas relaciones comerciales<\/h2>\n<p>\u00bfEst\u00e1n preocupadas las empresas por los aranceles? Myers, de la organizaci\u00f3n Next Generation Manufacturing Canada, lo niega: \u00abCreo que las empresas presentes en la feria est\u00e1n deseando hacer nuevos negocios y quieren ser proactivas\u00bb.<\/p>\n<p>Expandirse internacionalmente es siempre una buena forma de mitigar riesgos, afirma Myers, quien asegura que su objetivo es generar unos 300 millones de d\u00f3lares en un a\u00f1o a partir de las nuevas relaciones comerciales entabladas en la Feria de Hannover.<\/p>\n<p>(MS\/CP)<\/p>\n<\/p>\n<\/div>\n\n","protected":false},"excerpt":{"rendered":"<p>Mientras el mundo esperaba los planes arancelarios del presidente Donald Trump, en la Feria de Hannover parec\u00eda reinar la calma. Hombres y mujeres trajeados caminan\u00a0a paso ligero de un pabell\u00f3n de exposiciones a otro, mientras el sol calienta un aire primaveral todav\u00eda fr\u00edo. Entre los gigantescos pabellones blancos, florecen ya los primeros cerezos. Peque\u00f1os grupos &hellip;<\/p>\n","protected":false},"author":1,"featured_media":21489,"comment_status":"open","ping_status":"open","sticky":false,"template":"","format":"standard","meta":{"fifu_image_url":"https:\/\/static.dw.com\/image\/72123799_6.jpg","fifu_image_alt":"","footnotes":""},"categories":[13],"tags":[],"class_list":["post-21488","post","type-post","status-publish","format-standard","has-post-thumbnail","","category-mundo"],"_links":{"self":[{"href":"https:\/\/noticiasveraces.com\/index.php?rest_route=\/wp\/v2\/posts\/21488","targetHints":{"allow":["GET"]}}],"collection":[{"href":"https:\/\/noticiasveraces.com\/index.php?rest_route=\/wp\/v2\/posts"}],"about":[{"href":"https:\/\/noticiasveraces.com\/index.php?rest_route=\/wp\/v2\/types\/post"}],"author":[{"embeddable":true,"href":"https:\/\/noticiasveraces.com\/index.php?rest_route=\/wp\/v2\/users\/1"}],"replies":[{"embeddable":true,"href":"https:\/\/noticiasveraces.com\/index.php?rest_route=%2Fwp%2Fv2%2Fcomments&post=21488"}],"version-history":[{"count":0,"href":"https:\/\/noticiasveraces.com\/index.php?rest_route=\/wp\/v2\/posts\/21488\/revisions"}],"wp:featuredmedia":[{"embeddable":true,"href":"https:\/\/noticiasveraces.com\/index.php?rest_route=\/wp\/v2\/media\/21489"}],"wp:attachment":[{"href":"https:\/\/noticiasveraces.com\/index.php?rest_route=%2Fwp%2Fv2%2Fmedia&parent=21488"}],"wp:term":[{"taxonomy":"category","embeddable":true,"href":"https:\/\/noticiasveraces.com\/index.php?rest_route=%2Fwp%2Fv2%2Fcategories&post=21488"},{"taxonomy":"post_tag","embeddable":true,"href":"https:\/\/noticiasveraces.com\/index.php?rest_route=%2Fwp%2Fv2%2Ftags&post=21488"}],"curies":[{"name":"wp","href":"https:\/\/api.w.org\/{rel}","templated":true}]}}