{"id":21482,"date":"2025-04-04T01:42:25","date_gmt":"2025-04-04T05:42:25","guid":{"rendered":"https:\/\/noticiasveraces.com\/?p=21482"},"modified":"2025-04-04T01:42:25","modified_gmt":"2025-04-04T05:42:25","slug":"los-aranceles-de-trump-afectaran-las-cadenas-de-suministro-que-no-son-china-de-apple","status":"publish","type":"post","link":"https:\/\/noticiasveraces.com\/?p=21482","title":{"rendered":"Los aranceles de Trump afectar\u00e1n las cadenas de suministro que no son china de Apple"},"content":{"rendered":"<p> \n<\/p>\n<div id=\"RegularArticle-ArticleBody-5\" data-module=\"ArticleBody\" data-test=\"articleBody-2\" data-analytics=\"RegularArticle-articleBody-5-2\"><span class=\"HighlightShare-hidden\" style=\"top:0;left:0\"\/><\/p>\n<div class=\"InlineImage-imageEmbed\" id=\"ArticleBody-InlineImage-108089211\" data-test=\"InlineImage\">\n<div class=\"InlineImage-wrapper\">\n<div>\n<p>El CEO de Apple, Tim Cook, centro, observa durante las ceremonias de inauguraci\u00f3n para el presidente Donald Trump, a la derecha, y al vicepresidente JD Vance, a la izquierda, en la Rotonda del Capitolio de los Estados Unidos en Washington, el 20 de enero de 2025.<\/p>\n<p>Shawn thew | AFP | Getty Images<\/p>\n<\/div>\n<\/div>\n<\/div>\n<div class=\"group\">\n<p>En los \u00faltimos a\u00f1os <span class=\"QuoteInBody-quoteNameContainer\" data-test=\"QuoteInBody\" id=\"RegularArticle-QuoteInBody-1\">Manzana<span class=\"QuoteInBody-inlineButton\"><span class=\"AddToWatchlistButton-watchlistContainer\" id=\"-WatchlistDropdown\" data-analytics-id=\"-WatchlistDropdown\"><button class=\"AddToWatchlistButton-watchlistButton\" aria-label=\"Add To Watchlist\" data-testid=\"dropdown-btn\"><span class=\"AddToWatchlistButton-addWatchListFromTag\"\/><\/button><\/span><\/span><\/span>  ha vendido iPhones estadounidenses fabricados en India, AirPods de Vietnam y Mac Desktops reunidos en Malasia. Era parte de una estrategia de Apple para diversificar su fabricaci\u00f3n desde China. <\/p>\n<p>Apple emple\u00f3 la estrategia como cobertura para su cadena de suministro despu\u00e9s de que la compa\u00f1\u00eda se ocup\u00f3 de los aranceles de la primera administraci\u00f3n Trump, problemas de la cadena de suministro vinculada a la escasez de Covid y Chip que revelaron el riesgo en el que la compa\u00f1\u00eda estaba produciendo principalmente fuera de China. <\/p>\n<p>Parec\u00eda una estrategia s\u00f3lida. Hasta que los \u00abaranceles rec\u00edprocos\u00bb del presidente Donald Trump tambi\u00e9n llegaron esta semana a esos pa\u00edses.<\/p>\n<p>Ahora, Apple lidera la disminuci\u00f3n entre las acciones de tecnolog\u00eda el jueves despu\u00e9s de que las ubicaciones de producci\u00f3n secundaria de la compa\u00f1\u00eda se incluyeron en la ronda de tarifas anunciadas por Trump el mi\u00e9rcoles. <\/p>\n<p>Las acciones de la compa\u00f1\u00eda cayeron m\u00e1s del 9% el jueves frente a una disminuci\u00f3n del 6% para el NASDAQ. Eso elimin\u00f3 m\u00e1s de $ 300 mil millones en capitalizaci\u00f3n de mercado para el fabricante de iPhone y fue el peor rendimiento de un d\u00eda para las acciones desde marzo de 2020. <\/p>\n<p>\u00abCuando miras el arancel rec\u00edproco a pa\u00edses como mercados como Vietnam, India y Tailandia, donde Apple diversific\u00f3 su cadena de suministro, no hay ning\u00fan lugar por escapar\u00bb, dijo el analista de Morgan Stanley, Erik Woodring, \u00abCelling Bell\u00bb de CNBC.<\/p>\n<p>Para compensar el precio de las tarifas, Apple puede tener que aumentar los precios en sus l\u00edneas de productos en un 17% a 18% en los EE. UU., Estima la madera. Pero todav\u00eda hay mucha incertidumbre sobre lo que har\u00e1 Apple y c\u00f3mo China podr\u00eda tomar represalias contra Estados Unidos, dijo Woodring.<\/p>\n<p>\u00abEn este tipo de entorno, debes pensar en el peor de los casos\u00bb, dijo. \u00abParece que cada lado en este escenario geopol\u00edtico est\u00e1 cavando\u00bb.<\/p>\n<p>Apple no respondi\u00f3 a una solicitud de comentarios el jueves sobre su reacci\u00f3n a los aranceles de Trump o si podr\u00eda aumentar los precios en los EE. UU. Tampoco ha comentado en las reuniones reportadas del CEO Tim Cook con Trump este a\u00f1o o lo que han discutido. <\/p>\n<p>\u00abEstamos monitoreando la situaci\u00f3n y no tenemos nada m\u00e1s que agregar que eso\u00bb, dijo Cook a los analistas sobre una llamada de ganancias en enero.<\/p>\n<p>Apple a\u00fan podr\u00eda obtener exenciones de productos sobre las tarifas de EE. UU., Similar a la forma en que naveg\u00f3 los aranceles en China durante la primera administraci\u00f3n de Trump. Pero si no es as\u00ed, los aranceles amenazar\u00e1n su negocio.<\/p>\n<\/div>\n<div class=\"InlineImage-imageEmbed\" id=\"ArticleBody-InlineImage-107150254\" data-test=\"InlineImage\">\n<div class=\"InlineImage-wrapper\">\n<div>\n<p>Un empleado trabaja en Factory of Rising Stars Mobile India Pvt., Una unidad de Foxconn Technology Co., en Sri City, India, el 11 de julio de 2019. Foxconn, tambi\u00e9n conocida como Hon Hai Precision Industry Co., abri\u00f3 su primera f\u00e1brica de India hace cuatro a\u00f1os.<\/p>\n<p>Karen Dias | Bloomberg | Getty Images<\/p>\n<\/div>\n<\/div>\n<\/div>\n<div class=\"group\">\n<p>\u00abSustancialmente todos\u00bb de la fabricaci\u00f3n de Apple se realizan en China, India, Jap\u00f3n, Corea del Sur, Taiw\u00e1n y Vietnam, seg\u00fan una presentaci\u00f3n financiera en noviembre. Apple advirti\u00f3 a los inversores que los aranceles podr\u00edan da\u00f1ar su negocio, impulsarlo a aumentar sus precios e incluso obligarlo a dejar de ofrecer ciertos productos por completo.<\/p>\n<p>La lista oficial de proveedores de Apple, que representa el 98% de sus gastos en materiales, fabricaci\u00f3n y ensamblaje, est\u00e1 muy ponderada a los pa\u00edses afectados desproporcionadamente por los aranceles de Trump.<\/p>\n<p>India tiene una tarifa del 26%, Jap\u00f3n obtuvo un servicio del 24%, Corea del Sur es del 25%, Taiw\u00e1n es del 32%, Vietnam obtuvo el 46% de las tarifas y Malasia recibi\u00f3 una tarifa del 24%. Mientras tanto, China ahora tiene una tasa de tarifas del 54% despu\u00e9s del aumento del 34% del mi\u00e9rcoles con sus tarifas existentes del 20%. <\/p>\n<p>\u00abEl impacto puede ser particularmente significativo si estas medidas restrictivas se aplican a los pa\u00edses y regiones donde la Compa\u00f1\u00eda obtiene una porci\u00f3n significativa de sus ingresos y\/o tiene operaciones significativas de la cadena de suministro\u00bb, escribi\u00f3 Apple en la presentaci\u00f3n.<\/p>\n<p>Los aranceles est\u00e1n destinados a devolver la fabricaci\u00f3n a los Estados Unidos, dijo Trump. \u00c9l cit\u00f3 espec\u00edficamente a Apple durante su anuncio, diciendo \u00abVan a construir sus plantas aqu\u00ed\u00bb. Apple ha fabricado una computadora de escritorio de alta gama llamada Mac Pro en Texas, pero la gran mayor\u00eda de su ensamblaje final tiene lugar en el extranjero.<\/p>\n<p>La inversi\u00f3n estadounidense de $ 500 mil millones de Apple, promocionada por Trump el mi\u00e9rcoles, incluye compras planificadas de piezas y chips de proveedores estadounidenses, pero la compa\u00f1\u00eda no se ha comprometido a fabricar sus productos de alto volumen en las costas estadounidenses.<\/p>\n<p>La resistencia de la compa\u00f1\u00eda a hacer la fabricaci\u00f3n final en los EE. UU. Es una postura de larga data para la compa\u00f1\u00eda. En 2011, el fallecido fundador de Apple, Steve Jobs, le dijo al ex presidente Barack Obama que \u00abesos trabajos no regresan\u00bb cuando se le pregunt\u00f3 sobre los iPhones hechos en Estados Unidos.<\/p>\n<p>Los analistas est\u00e1n de acuerdo en que es poco probable, ya que ser\u00eda costoso para Apple llevar su cadena de suministro a los EE. UU.<\/p>\n<p>\u00abLa realidad es que tomar\u00eda 3 a\u00f1os y $ 30 mil millones de d\u00f3lares en nuestra estimaci\u00f3n para mover incluso el 10% de su cadena de suministro de Asia a los Estados Unidos con una interrupci\u00f3n importante en el proceso\u00bb, escribi\u00f3 el analista de Wedbush, Dan Ives, en una nota del jueves.<\/p>\n<p>Los inversores de Apple querr\u00e1n saber cu\u00e1nto las tarifas de Trump perjudicar\u00e1n las ganancias de la compa\u00f1\u00eda. <\/p>\n<p>A principios de este a\u00f1o, varios analistas pronostican disminuciones relativamente peque\u00f1as en las ganancias por acci\u00f3n de la compa\u00f1\u00eda bajo un nuevo r\u00e9gimen comercial, parcialmente basado en el supuesto de que Apple podr\u00eda usar sus ubicaciones de producci\u00f3n secundaria para evitar aranceles sobre los bienes estadounidenses importados de China. <\/p>\n<p>Ahora, los analistas est\u00e1n tratando de modelar c\u00f3mo Apple podr\u00eda equilibrar los aumentos de precios a sus productos en lugar de comer los costos adicionales en s\u00ed. Apple a menudo no aumenta los precios fuera de una nueva introducci\u00f3n de productos, y se espera que lance nuevos tel\u00e9fonos en septiembre.<\/p>\n<p>\u00abSin duda, si los aranceles se adhieren, tendr\u00e1 un impacto negativo en los fundamentos de Apple, con la desventaja de las expectativas de margen y ganancias\u00bb, escribi\u00f3 el analista de investigaci\u00f3n de CFRA, Angelo Zino, en una nota del jueves.<\/p>\n<p><strong>MIRAR: <\/strong>\u00bfQu\u00e9 megacaps est\u00e1n mejor posicionados para resistir las tarifas de Trump?<\/p>\n<\/div>\n<div role=\"region\" aria-labelledby=\"Placeholder-ArticleBody-Video-108126088\">\n<div role=\"button\" tabindex=\"0\" id=\"Placeholder-ArticleBody-Video-108126088\" class=\"PlaceHolder-wrapper\" data-vilynx-id=\"7000371745\" data-test=\"VideoPlaceHolder\">\n<div class=\"InlineVideo-videoEmbed\" id=\"InlineVideo-0\" data-test=\"InlineVideo\">\n<div class=\"InlineVideo-wrapper\">\n<div class=\"InlineVideo-inlineThumbnailContainer\"><img decoding=\"async\" class=\"InlineVideo-videoThumbnail\" src=\"https:\/\/image.cnbcfm.com\/api\/v1\/image\/108126089-17437046711743704667-39197416950-1080pnbcnews.jpg?v=1743704670&amp;w=750&amp;h=422&amp;vtcrop=y\" alt=\"\u00bfQu\u00e9 megacaps est\u00e1n mejor posicionados para resistir las tarifas de Trump?\"\/><span class=\"InlineVideo-videoButton\"\/><span\/><\/div>\n<\/div>\n<\/div>\n<\/div>\n<\/div>\n<\/div>\n\n","protected":false},"excerpt":{"rendered":"<p>El CEO de Apple, Tim Cook, centro, observa durante las ceremonias de inauguraci\u00f3n para el presidente Donald Trump, a la derecha, y al vicepresidente JD Vance, a la izquierda, en la Rotonda del Capitolio de los Estados Unidos en Washington, el 20 de enero de 2025. Shawn thew | AFP | Getty Images En los &hellip;<\/p>\n","protected":false},"author":1,"featured_media":21484,"comment_status":"open","ping_status":"open","sticky":false,"template":"","format":"standard","meta":{"fifu_image_url":"https:\/\/image.cnbcfm.com\/api\/v1\/image\/108089211-1737394695749-gettyimages-2194374813-AFP_36UV4WB.jpeg?v=1743704945&w=1920&h=1080","fifu_image_alt":"","footnotes":""},"categories":[2],"tags":[],"class_list":["post-21482","post","type-post","status-publish","format-standard","has-post-thumbnail","","category-tecnologia"],"_links":{"self":[{"href":"https:\/\/noticiasveraces.com\/index.php?rest_route=\/wp\/v2\/posts\/21482","targetHints":{"allow":["GET"]}}],"collection":[{"href":"https:\/\/noticiasveraces.com\/index.php?rest_route=\/wp\/v2\/posts"}],"about":[{"href":"https:\/\/noticiasveraces.com\/index.php?rest_route=\/wp\/v2\/types\/post"}],"author":[{"embeddable":true,"href":"https:\/\/noticiasveraces.com\/index.php?rest_route=\/wp\/v2\/users\/1"}],"replies":[{"embeddable":true,"href":"https:\/\/noticiasveraces.com\/index.php?rest_route=%2Fwp%2Fv2%2Fcomments&post=21482"}],"version-history":[{"count":0,"href":"https:\/\/noticiasveraces.com\/index.php?rest_route=\/wp\/v2\/posts\/21482\/revisions"}],"wp:featuredmedia":[{"embeddable":true,"href":"https:\/\/noticiasveraces.com\/index.php?rest_route=\/wp\/v2\/media\/21484"}],"wp:attachment":[{"href":"https:\/\/noticiasveraces.com\/index.php?rest_route=%2Fwp%2Fv2%2Fmedia&parent=21482"}],"wp:term":[{"taxonomy":"category","embeddable":true,"href":"https:\/\/noticiasveraces.com\/index.php?rest_route=%2Fwp%2Fv2%2Fcategories&post=21482"},{"taxonomy":"post_tag","embeddable":true,"href":"https:\/\/noticiasveraces.com\/index.php?rest_route=%2Fwp%2Fv2%2Ftags&post=21482"}],"curies":[{"name":"wp","href":"https:\/\/api.w.org\/{rel}","templated":true}]}}