{"id":21469,"date":"2025-04-03T23:20:17","date_gmt":"2025-04-04T03:20:17","guid":{"rendered":"https:\/\/noticiasveraces.com\/?p=21469"},"modified":"2025-04-03T23:20:17","modified_gmt":"2025-04-04T03:20:17","slug":"presidente-de-corea-del-sur-se-mudo-del-cargo-despues-de-declarar-la-ley-marcial","status":"publish","type":"post","link":"https:\/\/noticiasveraces.com\/?p=21469","title":{"rendered":"Presidente de Corea del Sur se mud\u00f3 del cargo despu\u00e9s de declarar la ley marcial"},"content":{"rendered":"<p> \n<\/p>\n<div>\n<p class=\"speakable\">El Tribunal Constitucional de Corea del Sur retir\u00f3 el viernes el viernes, el presidente Yoon Suk Yeol el viernes, cuatro meses despu\u00e9s de declarar la ley marcial, enviando al pa\u00eds de Asia Oriental a la agitaci\u00f3n. <\/p>\n<p class=\"speakable\">El tribunal emiti\u00f3 su veredicto m\u00e1s de tres meses despu\u00e9s de que la Asamblea Nacional controlada por la oposici\u00f3n votara para acusarlo. <\/p>\n<p><strong>El primer ministro de Corea del Sur, Han Duck-soo, se restableci\u00f3 como presidente interino despu\u00e9s de que se volc\u00f3 la acusaci\u00f3n<\/strong><\/p>\n<div class=\"image-ct inline\">\n<div class=\"m\"><picture><source media=\"(max-width: 767px)\" srcset=\"https:\/\/a57.foxnews.com\/static.foxnews.com\/foxnews.com\/content\/uploads\/2025\/01\/343\/192\/ap25023210014323.jpg?ve=1&amp;tl=1, https:\/\/a57.foxnews.com\/static.foxnews.com\/foxnews.com\/content\/uploads\/2025\/01\/686\/384\/ap25023210014323.jpg?ve=1&amp;tl=1 2x\" height=\"192\" width=\"343\"><source media=\"(min-width: 768px) and (max-width: 1023px)\" srcset=\"https:\/\/a57.foxnews.com\/static.foxnews.com\/foxnews.com\/content\/uploads\/2025\/01\/672\/378\/ap25023210014323.jpg?ve=1&amp;tl=1, https:\/\/a57.foxnews.com\/static.foxnews.com\/foxnews.com\/content\/uploads\/2025\/01\/1344\/756\/ap25023210014323.jpg?ve=1&amp;tl=1 2x\" height=\"378\" width=\"672\"><source media=\"(min-width: 1024px) and (max-width: 1279px)\" srcset=\"https:\/\/a57.foxnews.com\/static.foxnews.com\/foxnews.com\/content\/uploads\/2025\/01\/931\/523\/ap25023210014323.jpg?ve=1&amp;tl=1, https:\/\/a57.foxnews.com\/static.foxnews.com\/foxnews.com\/content\/uploads\/2025\/01\/1862\/1046\/ap25023210014323.jpg?ve=1&amp;tl=1 2x\" height=\"523\" width=\"931\"><source media=\"(min-width: 1280px)\" srcset=\"https:\/\/a57.foxnews.com\/static.foxnews.com\/foxnews.com\/content\/uploads\/2025\/01\/720\/405\/ap25023210014323.jpg?ve=1&amp;tl=1, https:\/\/a57.foxnews.com\/static.foxnews.com\/foxnews.com\/content\/uploads\/2025\/01\/1440\/810\/ap25023210014323.jpg?ve=1&amp;tl=1 2x\" height=\"405\" width=\"720\"><img loading=\"lazy\" decoding=\"async\" src=\"https:\/\/a57.foxnews.com\/static.foxnews.com\/foxnews.com\/content\/uploads\/2025\/01\/1200\/675\/ap25023210014323.jpg?ve=1&amp;tl=1\" alt=\"Yoon Suk Yeol en la corte\" width=\"1200\" height=\"675\"\/><\/source><\/source><\/source><\/source><\/picture><\/div>\n<div class=\"info\">\n<div class=\"caption\">\n<p><span>El acusado presidente de Corea del Sur, Yoon Suk Yeol, asiste a la cuarta audiencia de su juicio de juicio pol\u00edtico sobre su imposici\u00f3n de derecho marcial en el Tribunal Constitucional en Se\u00fal, Corea del Sur, 23 de enero de 2025. <\/span> <span>(Foto de Jeon Heon Kyun\/Pool a trav\u00e9s de AP)<\/span><\/p>\n<\/div>\n<\/div>\n<\/div>\n<p>Corea del Sur debe celebrar una elecci\u00f3n nacional en dos meses para encontrar un nuevo presidente. <\/p>\n<p>La declaraci\u00f3n de la ley marcial de corta duraci\u00f3n de Yoon el 3 de diciembre dur\u00f3 solo seis horas antes de que la legislatura liberal controlada por la oposici\u00f3n la votara r\u00e1pidamente. <\/p>\n<p><i>Esta es una historia en desarrollo. Vuelva a consultar las actualizaciones. <\/i><\/p>\n<p><strong>Haga clic aqu\u00ed para obtener la aplicaci\u00f3n Fox News<\/strong><\/p>\n<p> <!----> <\/p>\n<div class=\"article-meta\">\n<div class=\"author-bio\">\n<p>Bradford Betz es un reportero de Fox News Digital Breaking que cubre el crimen, los problemas pol\u00edticos y mucho m\u00e1s. <\/p>\n<\/div>\n<\/div>\n<\/div>\n\n","protected":false},"excerpt":{"rendered":"<p>El Tribunal Constitucional de Corea del Sur retir\u00f3 el viernes el viernes, el presidente Yoon Suk Yeol el viernes, cuatro meses despu\u00e9s de declarar la ley marcial, enviando al pa\u00eds de Asia Oriental a la agitaci\u00f3n. El tribunal emiti\u00f3 su veredicto m\u00e1s de tres meses despu\u00e9s de que la Asamblea Nacional controlada por la oposici\u00f3n &hellip;<\/p>\n","protected":false},"author":1,"featured_media":21471,"comment_status":"open","ping_status":"open","sticky":false,"template":"","format":"standard","meta":{"fifu_image_url":"https:\/\/static.foxnews.com\/foxnews.com\/content\/uploads\/2025\/01\/ap25023210014323.jpg","fifu_image_alt":"","footnotes":""},"categories":[13],"tags":[],"class_list":["post-21469","post","type-post","status-publish","format-standard","has-post-thumbnail","","category-mundo"],"_links":{"self":[{"href":"https:\/\/noticiasveraces.com\/index.php?rest_route=\/wp\/v2\/posts\/21469","targetHints":{"allow":["GET"]}}],"collection":[{"href":"https:\/\/noticiasveraces.com\/index.php?rest_route=\/wp\/v2\/posts"}],"about":[{"href":"https:\/\/noticiasveraces.com\/index.php?rest_route=\/wp\/v2\/types\/post"}],"author":[{"embeddable":true,"href":"https:\/\/noticiasveraces.com\/index.php?rest_route=\/wp\/v2\/users\/1"}],"replies":[{"embeddable":true,"href":"https:\/\/noticiasveraces.com\/index.php?rest_route=%2Fwp%2Fv2%2Fcomments&post=21469"}],"version-history":[{"count":0,"href":"https:\/\/noticiasveraces.com\/index.php?rest_route=\/wp\/v2\/posts\/21469\/revisions"}],"wp:featuredmedia":[{"embeddable":true,"href":"https:\/\/noticiasveraces.com\/index.php?rest_route=\/wp\/v2\/media\/21471"}],"wp:attachment":[{"href":"https:\/\/noticiasveraces.com\/index.php?rest_route=%2Fwp%2Fv2%2Fmedia&parent=21469"}],"wp:term":[{"taxonomy":"category","embeddable":true,"href":"https:\/\/noticiasveraces.com\/index.php?rest_route=%2Fwp%2Fv2%2Fcategories&post=21469"},{"taxonomy":"post_tag","embeddable":true,"href":"https:\/\/noticiasveraces.com\/index.php?rest_route=%2Fwp%2Fv2%2Ftags&post=21469"}],"curies":[{"name":"wp","href":"https:\/\/api.w.org\/{rel}","templated":true}]}}