{"id":21458,"date":"2025-04-03T21:16:17","date_gmt":"2025-04-04T01:16:17","guid":{"rendered":"https:\/\/noticiasveraces.com\/?p=21458"},"modified":"2025-04-03T21:16:17","modified_gmt":"2025-04-04T01:16:17","slug":"el-polemico-papel-de-joseph-beuys-durante-el-regimen-nazi-dw-03-04-2025","status":"publish","type":"post","link":"https:\/\/noticiasveraces.com\/?p=21458","title":{"rendered":"El pol\u00e9mico papel de Joseph Beuys durante el r\u00e9gimen nazi \u2013 DW \u2013 03\/04\/2025"},"content":{"rendered":"<p> \n<\/p>\n<div>\n<p>Las obras y acciones art\u00edsticas de Joseph Beuys fueron tan c\u00e9lebres como controvertidas en vida del autor.\u00a0A menudo utilizaba fieltro y grasa como materiales para sus obras y se interes\u00f3\u00a0por la naturopat\u00eda y los ritos de los chamanes. Sus espectaculares acciones e ideas caracterizaron la escena art\u00edstica entre las d\u00e9cadas de los\u00a0sesenta y hasta los\u00a0ochenta<strong>. <\/strong><\/p>\n<p>Durante alg\u00fan tiempo, fue pol\u00e9mica la actitud del artista hacia el nacionalsocialismo, as\u00ed como en otros temas, como el campo de concentraci\u00f3n y exterminio alem\u00e1n nazi de\u00a0Auschwitz. Y\u00a0tambi\u00e9n fue controvertida su \u00e9poca como piloto de caza de la fuerza a\u00e9rea alemana durante la Segunda Guerra Mundial. <\/p>\n<p>En 1941, cuando contaba 20 a\u00f1os, Beuys se alist\u00f3 como voluntario en el servicio militar. M\u00e1s tarde, los cr\u00edticos lo\u00a0acusaron de no distanciarse claramente del r\u00e9gimen nazi. Ese es el tema que aborda\u00a0el proyecto de investigaci\u00f3n \u00abJoseph Beuys y el nacionalsocialismo\u00bb, en el Museo Schloss Moyland (en Renania del Norte-Westfalia).<\/p>\n<h2>Beuys y el r\u00e9gimen nazi<\/h2>\n<p>Con cerca de 6.000 obras, la Fundaci\u00f3n Museum Schloss Moyland posee la mayor colecci\u00f3n del mundo de obras de Joseph Beuys, incluidos dibujos y dise\u00f1os para un monumento conmemorativo en el campo de exterminio alem\u00e1n de la dictadura nazi de Auschwitz-Birkenau. \u00abBeuys siempre trat\u00f3 muy intensamente los temas de la Segunda Guerra Mundial y Auschwitz, algo de lo que mucha gente no est\u00e1 consciente\u00bb, comenta el director art\u00edstico suplente del museo, Alexander Gr\u00f6nert. Aunque no todo el mundo comparte esta opini\u00f3n.<\/p>\n<p>En 2021, a\u00f1o del centenario del nacimiento de Beuys, Gr\u00f6nert fue testigo de c\u00f3mo las mesas redondas sobre el tema estuvieron a punto volverse violentas. Ron Manheim, historiador del arte y ex vicedirector del Museo Schloss Moyland, acusa a Beuys en su libro <em>\u00abEn la palabra\u00bb<\/em> (Al pie de la letra) de no haber analizado nunca cr\u00edticamente el r\u00e9gimen nazi.\u00a0Por su parte, el escritor y bi\u00f3grafo de Beuys, Peter Riegel, ve al artista como un \u00abeterno joven hitleriano\u00bb, que sigui\u00f3 movi\u00e9ndose en c\u00edrculos de antiguos nazis despu\u00e9s de la guerra.<\/p>\n<p>\u00abNos hemos dado cuenta de que el tema es muy controvertido\u00bb, comenta\u00a0Gr\u00f6nert, y pide al p\u00fablico\u00a0que\u00a0observe m\u00e1s de cerca el arte de Beuys antes de formarse una opini\u00f3n. En la exposici\u00f3n \u00abAuschwitz y la Segunda Guerra Mundial en la obra de Joseph Beuys\u00bb, Gr\u00f6nert quiere dejar que\u00a0el arte de Beuys hable por s\u00ed mismo.<\/p>\n<h2>Beuys y su arte en Auschwitz<\/h2>\n<p>La muestra expone 90 obras de la colecci\u00f3n permanente de la fundaci\u00f3n ubicada en\u00a0el Museo Schloss Moyland, entre ellas, pinturas de aviones de combate y barcos de guerra en pleno ataque, as\u00ed como dise\u00f1os para el monumento conmemorativo de Auschwitz. \u00abEl arte de Beuys no empez\u00f3 a distanciarse del nacionalsocialismo sino hasta despu\u00e9s de la guerra\u00bb, se\u00f1ala Gr\u00f6nert.<\/p>\n<p>Tras estudiar escultura en la Academia de Arte de D\u00fcsseldorf, Joseph Beuys (1921-1986) particip\u00f3 en numerosos concursos y licitaciones en la d\u00e9cada de 1950, en la posguerra. Entre otras cosas, se postul\u00f3 entonces para erigir\u00a0un monumento conmemorativo en el campo de exterminio nazi de Auschwitz-Birkenau.<\/p>\n<p>Los temas de Auschwitz y el nacionalsocialismo nunca abandonaron\u00a0a Beuys luego de ese concurso,\u00a0dice Gr\u00f6nert. En agosto de 1981, el artista viaj\u00f3 a Lodz, en Polonia, en una caravana, y don\u00f3 700 de sus propias obras a un museo. Todo fue una acci\u00f3n art\u00edstica, explica\u00a0Gr\u00f6nert. Beuys lo llam\u00f3\u00a0\u201cTransporte de Polonia 1981\u201d. Gr\u00f6nert ve esta acci\u00f3n como la confrontaci\u00f3n de Beuys con las deportaciones de jud\u00edos europeos a los campos de exterminio nazis, como Auschwitz y su elaboraci\u00f3n del tema.<\/p>\n<h2>Segunda Guerra Mundial: homenaje a Lidice<\/h2>\n<p>En sus acciones art\u00edsticas, Joseph Beuys tambi\u00e9n expres\u00f3 su toma de consciencia sobre la furia destructiva nazi. En 1942, el ej\u00e9rcito de Hitler arras\u00f3 la ciudad de L\u00eddice, a 20 kil\u00f3metros al oeste de Praga (hoy Rep\u00fablica Checa), y mat\u00f3 a casi todos sus habitantes. Para los nazis, se trataba de una represalia por el asesinato del protector adjunto del Reich para Bohemia y Moravia.<\/p>\n<figure class=\"placeholder-image master_landscape big\"><img data-format=\"MASTER_LANDSCAPE\" data-id=\"72113409\" data-url=\"https:\/\/static.dw.com\/image\/72113409_${formatId}.jpg\" data-aspect-ratio=\"16\/9\" alt=\"Boceto de un edificio.\" style=\"padding-bottom: 56.25%; height: 0; max-height: 0;\"\/><figcaption class=\"img-caption\">Boceto de Joseph Beuys para un monumento conmemorativo en Auschwitz. <small class=\"copyright\">Imagen: Maurice Dorren\/Foundation Museum Schloss Moyland<\/small><\/figcaption><\/figure>\n<p>En 1967 -cuando Beuys ya era conocido como profesor- respondi\u00f3 a una convocatoria para la reconstrucci\u00f3n de L\u00eddice, iniciada\u00a0por un m\u00e9dico ingl\u00e9s. Este m\u00e9dico pidi\u00f3 a la gente, 25 a\u00f1os despu\u00e9s de su destrucci\u00f3n,\u00a0que apoyara la creaci\u00f3n de un museo en L\u00eddice donando una obra de arte. Con su participaci\u00f3n en la convocatoria y en el dise\u00f1o del museo, Beuys \u00abreconoci\u00f3 la culpabilidad alemana por las atrocidades cometidas por los nacionalsocialistas, la Wehrmacht y las SS\u00bb, afirma Gr\u00f6nert. Para \u00e9l, las acciones de Beuys en la Rep\u00fablica Checa y Polonia son ejemplos de c\u00f3mo el artista se distanci\u00f3 del nacionalsocialismo a trav\u00e9s de su labor art\u00edstica.<\/p>\n<p><span data-slot-id=\"Article_InContent-1\" class=\"rich-text-ad\"\/><\/p>\n<h2>La controvertida postura de Beuys sobre la \u00e9poca nazi<\/h2>\n<p>Pero Beuys no puede interpretarse sin ambig\u00fcedades. Adem\u00e1s de acciones art\u00edsticas como las de la Rep\u00fablica Checa y Polonia, hay declaraciones verbales que irritan y escandalizan.<\/p>\n<p>\u00abBeuys habl\u00f3 m\u00e1s tarde a los alumnos de una escuela y dijo, sin motivo, que en su juventud lo pas\u00f3 bien en la escuela y que los libros de texto val\u00edan mucho entonces\u00bb. Para Gr\u00f6nert, se trata de una declaraci\u00f3n irreflexiva. \u00abTe deja at\u00f3nito y tienes que averiguar qu\u00e9 es lo que realmente mueve a Beuys\u00bb, subraya.<\/p>\n<p>En la llamada sala laboratorio del museo, los visitantes pueden comprobarlo por s\u00ed mismos. Una mesa con <em>tabletas<\/em>libros y documentos los invita a hacer su propia investigaci\u00f3n. La voluntaria de investigaci\u00f3n Angela Steffen ha entrevistado a cient\u00edficos y antiguos alumnos sobre Beuys para ilustrar las controvertidas opiniones. \u00abSus alumnos nos han dicho que eso ya lo sab\u00edan, pero que para ellos eso no es tema. Para ellos, Beuys fue un destacado y gran profesor en la Academia de Arte en las d\u00e9cadas de 1960 y 1970\u00bb, afirma Alexander Gr\u00f6nert.<\/p>\n<p>La\u201csala de laboratorio\u00a0permanecer\u00e1 en el museo tambi\u00e9n luego de que finalice\u00a0la exposici\u00f3n. \u00abSe encuentra en el centro de la exposici\u00f3n. Es como la espina clavada\u00a0que debe estimular el debate sobre el tema\u00bb, concluye.<\/p>\n<p>(MS\/CP) <\/p>\n<\/p>\n<\/div>\n\n","protected":false},"excerpt":{"rendered":"<p>Las obras y acciones art\u00edsticas de Joseph Beuys fueron tan c\u00e9lebres como controvertidas en vida del autor.\u00a0A menudo utilizaba fieltro y grasa como materiales para sus obras y se interes\u00f3\u00a0por la naturopat\u00eda y los ritos de los chamanes. Sus espectaculares acciones e ideas caracterizaron la escena art\u00edstica entre las d\u00e9cadas de los\u00a0sesenta y hasta los\u00a0ochenta. &hellip;<\/p>\n","protected":false},"author":1,"featured_media":21459,"comment_status":"open","ping_status":"open","sticky":false,"template":"","format":"standard","meta":{"fifu_image_url":"https:\/\/static.dw.com\/image\/72123024_6.jpg","fifu_image_alt":"","footnotes":""},"categories":[13],"tags":[],"class_list":["post-21458","post","type-post","status-publish","format-standard","has-post-thumbnail","","category-mundo"],"_links":{"self":[{"href":"https:\/\/noticiasveraces.com\/index.php?rest_route=\/wp\/v2\/posts\/21458","targetHints":{"allow":["GET"]}}],"collection":[{"href":"https:\/\/noticiasveraces.com\/index.php?rest_route=\/wp\/v2\/posts"}],"about":[{"href":"https:\/\/noticiasveraces.com\/index.php?rest_route=\/wp\/v2\/types\/post"}],"author":[{"embeddable":true,"href":"https:\/\/noticiasveraces.com\/index.php?rest_route=\/wp\/v2\/users\/1"}],"replies":[{"embeddable":true,"href":"https:\/\/noticiasveraces.com\/index.php?rest_route=%2Fwp%2Fv2%2Fcomments&post=21458"}],"version-history":[{"count":0,"href":"https:\/\/noticiasveraces.com\/index.php?rest_route=\/wp\/v2\/posts\/21458\/revisions"}],"wp:featuredmedia":[{"embeddable":true,"href":"https:\/\/noticiasveraces.com\/index.php?rest_route=\/wp\/v2\/media\/21459"}],"wp:attachment":[{"href":"https:\/\/noticiasveraces.com\/index.php?rest_route=%2Fwp%2Fv2%2Fmedia&parent=21458"}],"wp:term":[{"taxonomy":"category","embeddable":true,"href":"https:\/\/noticiasveraces.com\/index.php?rest_route=%2Fwp%2Fv2%2Fcategories&post=21458"},{"taxonomy":"post_tag","embeddable":true,"href":"https:\/\/noticiasveraces.com\/index.php?rest_route=%2Fwp%2Fv2%2Ftags&post=21458"}],"curies":[{"name":"wp","href":"https:\/\/api.w.org\/{rel}","templated":true}]}}