{"id":21424,"date":"2025-04-03T14:08:55","date_gmt":"2025-04-03T18:08:55","guid":{"rendered":"https:\/\/noticiasveraces.com\/?p=21424"},"modified":"2025-04-03T14:08:55","modified_gmt":"2025-04-03T18:08:55","slug":"el-veredicto-contra-marie-le-pen-pone-a-francia-bajo-tension-dw-03-04-2025","status":"publish","type":"post","link":"https:\/\/noticiasveraces.com\/?p=21424","title":{"rendered":"El veredicto contra Marie Le Pen pone a Francia bajo tensi\u00f3n \u2013 DW \u2013 03\/04\/2025"},"content":{"rendered":"<p> \n<\/p>\n<div>\n<p>El veredicto del Tribunal Penal de Par\u00eds del lunes (31 de marzo) ha desencadenado un debate pol\u00edtico en Francia, que va mucho m\u00e1s all\u00e1 de este caso espec\u00edfico.<\/p>\n<p>Y aunque Marine Le Pen, del partido nacionalista de ultraderecha Asamblea Nacional (RN, por sus siglas en franc\u00e9s), fue condenada a cuatro a\u00f1os de prisi\u00f3n por malversaci\u00f3n de fondos p\u00fablicos del Parlamento Europeo, -dos de ellos con tobillera electr\u00f3nica y otros dos en libertad condicional-\u00a0el debate se centra en otra medida: la retirada inmediata de su derecho a presentarse como candidata durante cinco a\u00f1os. De ser as\u00ed, la diputada y abogada, que actualmente lidera claramente todas las encuestas, no podr\u00eda participar en las elecciones presidenciales previstas para la primavera de 2027.<\/p>\n<h2>Decisi\u00f3n consciente de los jueces<\/h2>\n<p>En su sentencia, el Tribunal Penal de Par\u00eds decidi\u00f3 aplicar la prohibici\u00f3n de cinco a\u00f1os de participar en elecciones de inmediato, es decir, antes de que concluya el proceso de apelaci\u00f3n.<\/p>\n<p>Aunque la Ley anticorrupci\u00f3n Loi Sapin 2 prev\u00e9 la inelegibilidad autom\u00e1tica por malversaci\u00f3n de fondos p\u00fablicos, el tribunal no hizo referencia a esta ley en su sentencia. Los delitos\u00a0de Le Pen finalizaron, a m\u00e1s tardar, el 15 de febrero de 2016, pero la ley no entr\u00f3 en vigor hasta diciembre de 2016. Por lo tanto, la retirada de la elegibilidad no fue una \u00absanci\u00f3n obligatoria\u00bb.<\/p>\n<p>Es una decisi\u00f3n consciente de los jueces que, a pesar de todo, se haya impuesto y aplicado provisionalmente dicha pena. El presidente del tribunal hizo referencia a la gravedad del delito (m\u00e1s de cuatro millones de euros en da\u00f1os), su car\u00e1cter organizado, el riesgo de repetici\u00f3n y el inter\u00e9s p\u00fablico en la protecci\u00f3n del orden. Otro tribunal podr\u00eda haber decidido de manera diferente en las mismas circunstancias.<\/p>\n<p>La malversaci\u00f3n de fondos p\u00fablicos es un problema recurrente en la pol\u00edtica francesa: numerosos pol\u00edticos importantes ya han sido condenados por ello.<\/p>\n<p><span data-slot-id=\"Article_InContent-1\" class=\"rich-text-ad\"\/><\/p>\n<h2>\u00bfC\u00f3mo reaccionan los pol\u00edticos ante la sentencia?<\/h2>\n<p>El ministro de Justicia, G\u00e9rald Darmanin, hab\u00eda advertido contra un poder judicial con motivaciones pol\u00edticas: \u00abNo se puede derrotar a Le Pen en los tribunales; hay que luchar contra ella en las elecciones\u00bb.<\/p>\n<p>Jean-Luc M\u00e9lenchon, fundador del partido radical de izquierda Francia Insumisa y antiguo opositor de Le Pen, tambi\u00e9n critica el veredicto. \u00c9l est\u00e1 siendo investigado actualmente por malversaci\u00f3n de fondos de la UE.<\/p>\n<p>El primer ministro Fran\u00e7ois Bayrou tambi\u00e9n expres\u00f3 su preocupaci\u00f3n tras el veredicto, quien tambi\u00e9n fue juzgado por presunta malversaci\u00f3n de fondos de la UE, pero fue absuelto en primera instancia en febrero de 2024.<\/p>\n<h2>\u00bfQu\u00e9 reformas son concebibles?<\/h2>\n<p>El endurecimiento de la legislaci\u00f3n bajo el mandato del presidente Hollande impuls\u00f3\u00a0el n\u00famero de condenas por malversaci\u00f3n de fondos en Francia. \u00abEn 2018, se retir\u00f3 el derecho al voto en 440 casos; en 2022, la cifra ya ascend\u00eda a 8.857\u201d, declar\u00f3 el presidente del Senado, G\u00e9rald Larcher, al peri\u00f3dico <em>Le Figaro.<\/em><\/p>\n<p>Sin embargo, el foco del debate sobre la reforma es probablemente la \u00abejecuci\u00f3n provisoria\u00bb (<em>ejecuci\u00f3n provisional<\/em>), que excluye a los pol\u00edticos de las elecciones antes de que se llegue a un veredicto final. Se limitar\u00eda la inelegibilidad inmediata a los casos en que existe una amenaza al orden p\u00fablico (por ejemplo, en el caso de corrupci\u00f3n activa en el cargo). <\/p>\n<p>Otra propuesta es exigir una prueba de proporcionalidad expl\u00edcita por ley. Al hacerlo, los jueces tendr\u00edan que considerar en qu\u00e9 medida la \u00abejecuci\u00f3n provisoria\u00bb es compatible con el derecho a voto garantizado en el art\u00edculo 3 de la Constituci\u00f3n francesa. El abogado constitucionalista Benjamin Morel subraya que, hasta ahora, se han tenido en cuenta a menudo consideraciones de este tipo, y que eran urgentemente necesarias, sobre todo, en el caso Le Pen.<\/p>\n<figure class=\"placeholder-image master_landscape big\"><img data-format=\"MASTER_LANDSCAPE\" data-id=\"72105939\" data-url=\"https:\/\/static.dw.com\/image\/72105939_${formatId}.jpg\" data-aspect-ratio=\"16\/9\" alt=\"Marine Le Pen junto a Jordan Bardella.\" style=\"padding-bottom: 56.25%; height: 0; max-height: 0;\"\/><figcaption class=\"img-caption\">Jordan Bardella podr\u00eda convertirse en candidato presidencial en 2027.<small class=\"copyright\">Imagen: Thomas Padilla\/AP\/picture alliance\/dpa<\/small><\/figcaption><\/figure>\n<h2>\u00bfCu\u00e1les son las posibilidades de que se revoque el veredicto?<\/h2>\n<p>Seg\u00fan Aurore Gaillet, profesora de Derecho p\u00fablico en la Universidad de Toulouse Capitole, parece poco probable una anulaci\u00f3n total de la sentencia, pero es perfectamente concebible una reducci\u00f3n del proceso de apelaci\u00f3n.<\/p>\n<p>Al mismo tiempo, seg\u00fan Gaillet, el proceso sirve para recordar \u00abla importancia del Estado de derecho\u00bb, especialmente en un clima pol\u00edtico en el que los partidos individuales est\u00e1n utilizando el fallo como una oportunidad para cuestionar la independencia del Poder Judicial.<\/p>\n<p>En una decisi\u00f3n inusual, el Tribunal de Apelaci\u00f3n de Par\u00eds anunci\u00f3, un d\u00eda despu\u00e9s de la sentencia, que ten\u00eda la intenci\u00f3n de concluir el procedimiento en el verano de 2026. \u00abEn mi opini\u00f3n, este anuncio es una decisi\u00f3n estrat\u00e9gicamente acertada del tribunal: con una sentencia jur\u00eddicamente vinculante, el proceso electoral democr\u00e1tico podr\u00eda desarrollarse sobre una base m\u00e1s clara y jur\u00eddicamente segura\u00bb, analiza Charlotte Schmitt-Leonardy, profesora de Derecho Penal en la Universidad de Bielefeld, que ha seguido de cerca el juicio.<\/p>\n<p>Legalmente hablando, Le Pen a\u00fan podr\u00eda presentar\u00a0su candidatura unos d\u00edas antes de la primera vuelta de la votaci\u00f3n, siempre y cuando presente las firmas de apoyo necesarias al Consejo Constitucional. Si el fallo de tercera instancia se conoce a principios de 2027, la posible estrategia de Le Pen de retrasar su efecto legal\u00a0hasta despu\u00e9s de las elecciones presidenciales, estar\u00eda condenada al fracaso.<\/p>\n<p>El plan B del partido de Le Pen ser\u00eda Jordan Bardella, el hombre de 29 a\u00f1os que dirige el partido desde 2022 . Tras el veredicto contra Le Pen, Bardella habl\u00f3 de una \u00abtiran\u00eda de los jueces\u00bb y llam\u00f3 a protestas en todo el pa\u00eds. Se prev\u00e9n manifestaciones para el pr\u00f3ximo fin de semana en varias ciudades de Francia, incluida una gran manifestaci\u00f3n en Par\u00eds.<\/p>\n<p>(RMR\/CP)<\/p>\n<\/p>\n<\/div>\n\n","protected":false},"excerpt":{"rendered":"<p>El veredicto del Tribunal Penal de Par\u00eds del lunes (31 de marzo) ha desencadenado un debate pol\u00edtico en Francia, que va mucho m\u00e1s all\u00e1 de este caso espec\u00edfico. Y aunque Marine Le Pen, del partido nacionalista de ultraderecha Asamblea Nacional (RN, por sus siglas en franc\u00e9s), fue condenada a cuatro a\u00f1os de prisi\u00f3n por malversaci\u00f3n &hellip;<\/p>\n","protected":false},"author":1,"featured_media":21425,"comment_status":"open","ping_status":"open","sticky":false,"template":"","format":"standard","meta":{"fifu_image_url":"https:\/\/static.dw.com\/image\/72102723_6.jpg","fifu_image_alt":"","footnotes":""},"categories":[13],"tags":[],"class_list":["post-21424","post","type-post","status-publish","format-standard","has-post-thumbnail","","category-mundo"],"_links":{"self":[{"href":"https:\/\/noticiasveraces.com\/index.php?rest_route=\/wp\/v2\/posts\/21424","targetHints":{"allow":["GET"]}}],"collection":[{"href":"https:\/\/noticiasveraces.com\/index.php?rest_route=\/wp\/v2\/posts"}],"about":[{"href":"https:\/\/noticiasveraces.com\/index.php?rest_route=\/wp\/v2\/types\/post"}],"author":[{"embeddable":true,"href":"https:\/\/noticiasveraces.com\/index.php?rest_route=\/wp\/v2\/users\/1"}],"replies":[{"embeddable":true,"href":"https:\/\/noticiasveraces.com\/index.php?rest_route=%2Fwp%2Fv2%2Fcomments&post=21424"}],"version-history":[{"count":0,"href":"https:\/\/noticiasveraces.com\/index.php?rest_route=\/wp\/v2\/posts\/21424\/revisions"}],"wp:featuredmedia":[{"embeddable":true,"href":"https:\/\/noticiasveraces.com\/index.php?rest_route=\/wp\/v2\/media\/21425"}],"wp:attachment":[{"href":"https:\/\/noticiasveraces.com\/index.php?rest_route=%2Fwp%2Fv2%2Fmedia&parent=21424"}],"wp:term":[{"taxonomy":"category","embeddable":true,"href":"https:\/\/noticiasveraces.com\/index.php?rest_route=%2Fwp%2Fv2%2Fcategories&post=21424"},{"taxonomy":"post_tag","embeddable":true,"href":"https:\/\/noticiasveraces.com\/index.php?rest_route=%2Fwp%2Fv2%2Ftags&post=21424"}],"curies":[{"name":"wp","href":"https:\/\/api.w.org\/{rel}","templated":true}]}}