{"id":21395,"date":"2025-04-03T12:20:16","date_gmt":"2025-04-03T16:20:16","guid":{"rendered":"https:\/\/noticiasveraces.com\/?p=21395"},"modified":"2025-04-03T12:20:16","modified_gmt":"2025-04-03T16:20:16","slug":"perdida-del-cabello-mas-probable-con-ozempic-otras-drogas-semaglutidas-sugiere-el-estudio","status":"publish","type":"post","link":"https:\/\/noticiasveraces.com\/?p=21395","title":{"rendered":"P\u00e9rdida del cabello m\u00e1s probable con Ozempic, otras drogas semaglutidas, sugiere el estudio"},"content":{"rendered":"<p> \n<\/p>\n<div>\n<p class=\"speakable\">Los medicamentos semaglutidas como Ozempic y Wogovy han explotado en popularidad en los \u00faltimos a\u00f1os debido a su efectividad en el control de la diabetes y la p\u00e9rdida de peso. <\/p>\n<p class=\"speakable\">La investigaci\u00f3n ha revelado beneficios adicionales m\u00e1s all\u00e1 de esos usos primarios, pero tambi\u00e9n han surgido algunos efectos secundarios negativos.<\/p>\n<p>Si bien los problemas gastrointestinales son los efectos secundarios m\u00e1s comunes, un estudio reciente realizado por la Universidad de Columbia Brit\u00e1nica vincul\u00f3 a los agonistas GLP-1 (p\u00e9ptido-1 similar al glucag\u00f3n), la clase de drogas que incluye semaglutidos, con un mayor riesgo de p\u00e9rdida de cabello.<\/p>\n<p><strong><u>Los hombres que van calvos se vuelven a &#8216;New Botox&#8217; para el tratamiento de p\u00e9rdida de cabello<\/u><\/strong><\/p>\n<p>Los investigadores analizaron datos de 16 millones de pacientes de una base de datos de reclamos de salud, reduci\u00e9ndolo a 1.926 usuarios de semaglutidas y 1.348 usuarios de bupropion-naltrexona, otro tipo de medicamento para bajar de peso.<\/p>\n<div class=\"image-ct inline\">\n<div class=\"m\"><picture><source media=\"(max-width: 767px)\" srcset=\"https:\/\/a57.foxnews.com\/static.foxnews.com\/foxnews.com\/content\/uploads\/2025\/04\/343\/192\/hair-loss-split.jpg?ve=1&amp;tl=1, https:\/\/a57.foxnews.com\/static.foxnews.com\/foxnews.com\/content\/uploads\/2025\/04\/686\/384\/hair-loss-split.jpg?ve=1&amp;tl=1 2x\" height=\"192\" width=\"343\"><source media=\"(min-width: 768px) and (max-width: 1023px)\" srcset=\"https:\/\/a57.foxnews.com\/static.foxnews.com\/foxnews.com\/content\/uploads\/2025\/04\/672\/378\/hair-loss-split.jpg?ve=1&amp;tl=1, https:\/\/a57.foxnews.com\/static.foxnews.com\/foxnews.com\/content\/uploads\/2025\/04\/1344\/756\/hair-loss-split.jpg?ve=1&amp;tl=1 2x\" height=\"378\" width=\"672\"><source media=\"(min-width: 1024px) and (max-width: 1279px)\" srcset=\"https:\/\/a57.foxnews.com\/static.foxnews.com\/foxnews.com\/content\/uploads\/2025\/04\/931\/523\/hair-loss-split.jpg?ve=1&amp;tl=1, https:\/\/a57.foxnews.com\/static.foxnews.com\/foxnews.com\/content\/uploads\/2025\/04\/1862\/1046\/hair-loss-split.jpg?ve=1&amp;tl=1 2x\" height=\"523\" width=\"931\"><source media=\"(min-width: 1280px)\" srcset=\"https:\/\/a57.foxnews.com\/static.foxnews.com\/foxnews.com\/content\/uploads\/2025\/04\/720\/405\/hair-loss-split.jpg?ve=1&amp;tl=1, https:\/\/a57.foxnews.com\/static.foxnews.com\/foxnews.com\/content\/uploads\/2025\/04\/1440\/810\/hair-loss-split.jpg?ve=1&amp;tl=1 2x\" height=\"405\" width=\"720\"><img loading=\"lazy\" decoding=\"async\" src=\"https:\/\/a57.foxnews.com\/static.foxnews.com\/foxnews.com\/content\/uploads\/2025\/04\/1200\/675\/hair-loss-split.jpg?ve=1&amp;tl=1\" alt=\"Divisi\u00f3n de p\u00e9rdida de cabello\" width=\"1200\" height=\"675\"\/><\/source><\/source><\/source><\/source><\/picture><\/div>\n<div class=\"info\">\n<div class=\"caption\">\n<p><span>Un estudio reciente realizado por la Universidad de Columbia Brit\u00e1nica vincul\u00f3 a los agonistas GLP-1 (p\u00e9ptido-p\u00e9ptido-1 tipo glucag\u00f3n), la clase de drogas que incluye semaglutidos, con un mayor riesgo de p\u00e9rdida de cabello.<\/span> <span>(Istock)<\/span><\/p>\n<\/div>\n<\/div>\n<\/div>\n<p>Despu\u00e9s de ajustar por otros factores, descubrieron que los usuarios de semaglutidas ten\u00edan un 50% m\u00e1s de probabilidades de experimentar la p\u00e9rdida de cabello en comparaci\u00f3n con el otro grupo.<\/p>\n<p>Las mujeres ten\u00edan m\u00e1s probabilidades de tener este resultado, con el doble de riesgo de hombres.<\/p>\n<h2><strong>&#8216;No es sorprendente&#8217;<\/strong><\/h2>\n<p>Los investigadores no se sorprendieron por los resultados, seg\u00fan el autor del co-estudio, el Dr. Mahyar Etminan, epidemi\u00f3logo y CEO de Epilytics en Vancouver, Columbia Brit\u00e1nica, Canad\u00e1.<\/p>\n<p>\u00abHab\u00eda [previous] Informes anecd\u00f3ticos de p\u00e9rdida de cabello y tambi\u00e9n informes de p\u00e9rdida de cabello en ensayos cl\u00ednicos de las drogas \u00ab, dijo a Fox News Digital.<\/p>\n<p><strong><u>\u00bfP\u00e9rdida de cabello? Problemas de salud intestinal? DR. Nicole Saphier revela soluciones inteligentes<\/u><\/strong><\/p>\n<p>El Dr. Patrick Davis, un cirujano pl\u00e1stico de Beverly Hills y experto en restauraci\u00f3n del cabello, acord\u00f3 que los hallazgos no fueron sorprendentes.<\/p>\n<p>\u00abHemos escuchado esto anecd\u00f3ticamente cuando los pacientes nos consultan para la restauraci\u00f3n quir\u00fargica de su cara despu\u00e9s de una r\u00e1pida p\u00e9rdida de peso\u00bb, dijo en una entrevista con Fox News Digital.<\/p>\n<div class=\"image-ct inline\">\n<div class=\"m\"><picture><source media=\"(max-width: 767px)\" srcset=\"https:\/\/a57.foxnews.com\/static.foxnews.com\/foxnews.com\/content\/uploads\/2024\/10\/343\/192\/generic-semaglutide.jpg?ve=1&amp;tl=1, https:\/\/a57.foxnews.com\/static.foxnews.com\/foxnews.com\/content\/uploads\/2024\/10\/686\/384\/generic-semaglutide.jpg?ve=1&amp;tl=1 2x\" height=\"192\" width=\"343\"><source media=\"(min-width: 768px) and (max-width: 1023px)\" srcset=\"https:\/\/a57.foxnews.com\/static.foxnews.com\/foxnews.com\/content\/uploads\/2024\/10\/672\/378\/generic-semaglutide.jpg?ve=1&amp;tl=1, https:\/\/a57.foxnews.com\/static.foxnews.com\/foxnews.com\/content\/uploads\/2024\/10\/1344\/756\/generic-semaglutide.jpg?ve=1&amp;tl=1 2x\" height=\"378\" width=\"672\"><source media=\"(min-width: 1024px) and (max-width: 1279px)\" srcset=\"https:\/\/a57.foxnews.com\/static.foxnews.com\/foxnews.com\/content\/uploads\/2024\/10\/931\/523\/generic-semaglutide.jpg?ve=1&amp;tl=1, https:\/\/a57.foxnews.com\/static.foxnews.com\/foxnews.com\/content\/uploads\/2024\/10\/1862\/1046\/generic-semaglutide.jpg?ve=1&amp;tl=1 2x\" height=\"523\" width=\"931\"><source media=\"(min-width: 1280px)\" srcset=\"https:\/\/a57.foxnews.com\/static.foxnews.com\/foxnews.com\/content\/uploads\/2024\/10\/720\/405\/generic-semaglutide.jpg?ve=1&amp;tl=1, https:\/\/a57.foxnews.com\/static.foxnews.com\/foxnews.com\/content\/uploads\/2024\/10\/1440\/810\/generic-semaglutide.jpg?ve=1&amp;tl=1 2x\" height=\"405\" width=\"720\"><img loading=\"lazy\" decoding=\"async\" src=\"https:\/\/a57.foxnews.com\/static.foxnews.com\/foxnews.com\/content\/uploads\/2024\/10\/1200\/675\/generic-semaglutide.jpg?ve=1&amp;tl=1\" alt=\"Semaglutida gen\u00e9rica\" width=\"1200\" height=\"675\"\/><\/source><\/source><\/source><\/source><\/picture><\/div>\n<div class=\"info\">\n<div class=\"caption\">\n<p><span>Despu\u00e9s de ajustar por otros factores, los investigadores encontraron que los usuarios de semaglutidas ten\u00edan un 50% m\u00e1s de probabilidades de experimentar la p\u00e9rdida de cabello en comparaci\u00f3n con el otro grupo.<\/span> <span>(Istock)<\/span><\/p>\n<\/div>\n<\/div>\n<\/div>\n<p>\u00abEl crecimiento del cabello (y la p\u00e9rdida) dependen bastante de factores como la dieta, las vitaminas esenciales, el estr\u00e9s corporal y la gen\u00e9tica\u00bb.<\/p>\n<p>Los primeros tres factores entran en juego durante la p\u00e9rdida de peso, se\u00f1al\u00f3: \u00abY la p\u00e9rdida impulsada por semaglutidas probablemente no sea una excepci\u00f3n\u00bb.<\/p>\n<p>Estudios anteriores han demostrado que los cambios que inducen el estr\u00e9s o que afectan la ingesta nutricional de uno podr\u00edan representar un mayor riesgo de p\u00e9rdida de cabello, agreg\u00f3 el m\u00e9dico. <\/p>\n<blockquote class=\"pull-quote\">\n<p class=\"quote-text\">\u00abEl crecimiento del cabello (y la p\u00e9rdida) dependen bastante de factores como la dieta, las vitaminas esenciales, el estr\u00e9s corporal y la gen\u00e9tica\u00bb.<\/p>\n<p> <!----><\/p><\/blockquote>\n<p>\u00abEste estudio hace referencia a que aquellos que perdieron m\u00e1s del 20% de su peso corporal ten\u00edan tasas m\u00e1s altas de p\u00e9rdida de cabello que los que no lo hicieron\u00bb, se\u00f1al\u00f3 Davis. <\/p>\n<p>\u00abEste estudio teoriza que esto puede deberse al sospecha de estr\u00e9s fisiol\u00f3gico, que puede ser un s\u00edntoma de una p\u00e9rdida de peso tan r\u00e1pida\u00bb.<\/p>\n<p>La p\u00e9rdida de cabello a largo plazo parece ser m\u00e1s improbable, dijo el m\u00e9dico, ya que el \u00abevento incitante\u00bb (p\u00e9rdida de peso y estr\u00e9s) a menudo se normaliza a medida que las personas alcanzan su peso objetivo.<\/p>\n<h2><strong>Limitaciones potenciales<\/strong><\/h2>\n<p>El estudio tuvo algunas limitaciones, el destacado investigador Etminan.<\/p>\n<p>Esos inclu\u00edan el hecho de que no pod\u00eda verificar la p\u00e9rdida de cabello a trav\u00e9s de registros m\u00e9dicos, sino que solo identificaron c\u00f3digos m\u00e9dicos para la p\u00e9rdida de cabello.<\/p>\n<div class=\"image-ct inline\">\n<div class=\"m\"><picture><source media=\"(max-width: 767px)\" srcset=\"https:\/\/a57.foxnews.com\/static.foxnews.com\/foxnews.com\/content\/uploads\/2024\/09\/343\/192\/iStock-1054464860.jpg?ve=1&amp;tl=1, https:\/\/a57.foxnews.com\/static.foxnews.com\/foxnews.com\/content\/uploads\/2024\/09\/686\/384\/iStock-1054464860.jpg?ve=1&amp;tl=1 2x\" height=\"192\" width=\"343\"><source media=\"(min-width: 768px) and (max-width: 1023px)\" srcset=\"https:\/\/a57.foxnews.com\/static.foxnews.com\/foxnews.com\/content\/uploads\/2024\/09\/672\/378\/iStock-1054464860.jpg?ve=1&amp;tl=1, https:\/\/a57.foxnews.com\/static.foxnews.com\/foxnews.com\/content\/uploads\/2024\/09\/1344\/756\/iStock-1054464860.jpg?ve=1&amp;tl=1 2x\" height=\"378\" width=\"672\"><source media=\"(min-width: 1024px) and (max-width: 1279px)\" srcset=\"https:\/\/a57.foxnews.com\/static.foxnews.com\/foxnews.com\/content\/uploads\/2024\/09\/931\/523\/iStock-1054464860.jpg?ve=1&amp;tl=1, https:\/\/a57.foxnews.com\/static.foxnews.com\/foxnews.com\/content\/uploads\/2024\/09\/1862\/1046\/iStock-1054464860.jpg?ve=1&amp;tl=1 2x\" height=\"523\" width=\"931\"><source media=\"(min-width: 1280px)\" srcset=\"https:\/\/a57.foxnews.com\/static.foxnews.com\/foxnews.com\/content\/uploads\/2024\/09\/720\/405\/iStock-1054464860.jpg?ve=1&amp;tl=1, https:\/\/a57.foxnews.com\/static.foxnews.com\/foxnews.com\/content\/uploads\/2024\/09\/1440\/810\/iStock-1054464860.jpg?ve=1&amp;tl=1 2x\" height=\"405\" width=\"720\"><img loading=\"lazy\" decoding=\"async\" src=\"https:\/\/a57.foxnews.com\/static.foxnews.com\/foxnews.com\/content\/uploads\/2024\/09\/1200\/675\/iStock-1054464860.jpg?ve=1&amp;tl=1\" alt=\"Mujer perdiendo el cabello en el cabello en la mano\" width=\"1200\" height=\"675\"\/><\/source><\/source><\/source><\/source><\/picture><\/div>\n<div class=\"info\">\n<div class=\"caption\">\n<p><span>Las mujeres ten\u00edan m\u00e1s probabilidades de experimentar la p\u00e9rdida de cabello relacionada con la semaglutida, con el doble de riesgo de hombres.<\/span> <span>(Istock)<\/span><\/p>\n<\/div>\n<\/div>\n<\/div>\n<p>Davis, el cirujano pl\u00e1stico, tambi\u00e9n se\u00f1al\u00f3 que esta investigaci\u00f3n hace referencia a otro estudio en el que los usuarios llorones ten\u00edan un riesgo elevado de p\u00e9rdida de cabello (3.3%) en relaci\u00f3n con el grupo placebo (1.4%). <\/p>\n<p>\u00abSi bien esto muestra claramente un mayor riesgo, el 3.3% sigue siendo una tasa de incidencia muy baja\u00bb, dijo.<\/p>\n<p><strong><u>El crecimiento del cabello podr\u00eda disminuir con este popular plan de dieta, revela el estudio<\/u><\/strong><\/p>\n<p>Este estudio temprano, que se public\u00f3 en el servidor Preprint Medrxiv, a\u00fan no ha sido revisado por pares.<\/p>\n<p>\u00abSe requieren estudios futuros para determinar la asociaci\u00f3n entre la semaglutida y la p\u00e9rdida de cabello\u00bb, escribieron los investigadores.<\/p>\n<h2>Consejo de los m\u00e9dicos<\/h2>\n<p>Aquellos que experimentan la p\u00e9rdida de cabello mientras toman medicamentos semaglutidas deben consultar con un dermat\u00f3logo para determinar si se debe a un efecto adverso de estos medicamentos, aconsej\u00f3 Etminan.<\/p>\n<p>\u00abEste es un evento adverso relativamente nuevo y no se sabe mucho al respecto\u00bb, dijo. \u00abLas preguntas sobre qui\u00e9n es m\u00e1s en riesgo y si la p\u00e9rdida de cabello se revertir\u00e1 al detener el medicamento puede abordarse en futuros estudios\u00bb.<\/p>\n<div class=\"image-ct inline\">\n<div class=\"m\"><picture><source media=\"(max-width: 767px)\" srcset=\"https:\/\/a57.foxnews.com\/static.foxnews.com\/foxnews.com\/content\/uploads\/2023\/03\/343\/192\/ozempic.jpg?ve=1&amp;tl=1, https:\/\/a57.foxnews.com\/static.foxnews.com\/foxnews.com\/content\/uploads\/2023\/03\/686\/384\/ozempic.jpg?ve=1&amp;tl=1 2x\" height=\"192\" width=\"343\"><source media=\"(min-width: 768px) and (max-width: 1023px)\" srcset=\"https:\/\/a57.foxnews.com\/static.foxnews.com\/foxnews.com\/content\/uploads\/2023\/03\/672\/378\/ozempic.jpg?ve=1&amp;tl=1, https:\/\/a57.foxnews.com\/static.foxnews.com\/foxnews.com\/content\/uploads\/2023\/03\/1344\/756\/ozempic.jpg?ve=1&amp;tl=1 2x\" height=\"378\" width=\"672\"><source media=\"(min-width: 1024px) and (max-width: 1279px)\" srcset=\"https:\/\/a57.foxnews.com\/static.foxnews.com\/foxnews.com\/content\/uploads\/2023\/03\/931\/523\/ozempic.jpg?ve=1&amp;tl=1, https:\/\/a57.foxnews.com\/static.foxnews.com\/foxnews.com\/content\/uploads\/2023\/03\/1862\/1046\/ozempic.jpg?ve=1&amp;tl=1 2x\" height=\"523\" width=\"931\"><source media=\"(min-width: 1280px)\" srcset=\"https:\/\/a57.foxnews.com\/static.foxnews.com\/foxnews.com\/content\/uploads\/2023\/03\/720\/405\/ozempic.jpg?ve=1&amp;tl=1, https:\/\/a57.foxnews.com\/static.foxnews.com\/foxnews.com\/content\/uploads\/2023\/03\/1440\/810\/ozempic.jpg?ve=1&amp;tl=1 2x\" height=\"405\" width=\"720\"><img loading=\"lazy\" decoding=\"async\" src=\"https:\/\/a57.foxnews.com\/static.foxnews.com\/foxnews.com\/content\/uploads\/2023\/03\/1200\/675\/ozempic.jpg?ve=1&amp;tl=1\" alt=\"Medicamento ozempic\" width=\"1200\" height=\"675\"\/><\/source><\/source><\/source><\/source><\/picture><\/div>\n<div class=\"info\">\n<div class=\"caption\">\n<p><span>Cuando se contact\u00f3 con Fox News Digital, Novo Nordisk, fabricante de Ozempic y Wegovy, confirm\u00f3 que la p\u00e9rdida de cabello es un riesgo identificado de semaglutida, y se enumera como un efecto secundario en la informaci\u00f3n del producto.<\/span> <span>(Getty Images)<\/span><\/p>\n<\/div>\n<\/div>\n<\/div>\n<p>Davis estuvo de acuerdo, alentando a los pacientes a tener una conversaci\u00f3n abierta con su m\u00e9dico sobre c\u00f3mo pueden cuidarse mejor. <\/p>\n<p>\u00abCreo que un paciente debe tener en cuenta los posibles efectos secundarios antes de tomar cualquier medicamento\u00bb, dijo. <\/p>\n<p><strong><u>Haga clic aqu\u00ed para obtener la aplicaci\u00f3n Fox News<\/u><\/strong><strong>      <\/strong><\/p>\n<p>\u00abSi bien la tasa de incidencia de p\u00e9rdida de cabello a\u00fan es decididamente baja, es una compensaci\u00f3n potencial que un paciente debe considerar\u00bb. <\/p>\n<p>Davis tambi\u00e9n recomienda que sus pacientes adopten una \u00abdieta abundante\u00bb que consiste en fibra, prote\u00ednas y alimentos nutritivos para garantizar la alimentaci\u00f3n adecuada mientras toman un medicamento semaglutido.<\/p>\n<div class=\"image-ct inline\">\n<div class=\"m\"><picture><source media=\"(max-width: 767px)\" srcset=\"https:\/\/a57.foxnews.com\/static.foxnews.com\/foxnews.com\/content\/uploads\/2025\/03\/343\/192\/gettyimages-1488632606.jpg?ve=1&amp;tl=1, https:\/\/a57.foxnews.com\/static.foxnews.com\/foxnews.com\/content\/uploads\/2025\/03\/686\/384\/gettyimages-1488632606.jpg?ve=1&amp;tl=1 2x\" height=\"192\" width=\"343\"><source media=\"(min-width: 768px) and (max-width: 1023px)\" srcset=\"https:\/\/a57.foxnews.com\/static.foxnews.com\/foxnews.com\/content\/uploads\/2025\/03\/672\/378\/gettyimages-1488632606.jpg?ve=1&amp;tl=1, https:\/\/a57.foxnews.com\/static.foxnews.com\/foxnews.com\/content\/uploads\/2025\/03\/1344\/756\/gettyimages-1488632606.jpg?ve=1&amp;tl=1 2x\" height=\"378\" width=\"672\"><source media=\"(min-width: 1024px) and (max-width: 1279px)\" srcset=\"https:\/\/a57.foxnews.com\/static.foxnews.com\/foxnews.com\/content\/uploads\/2025\/03\/931\/523\/gettyimages-1488632606.jpg?ve=1&amp;tl=1, https:\/\/a57.foxnews.com\/static.foxnews.com\/foxnews.com\/content\/uploads\/2025\/03\/1862\/1046\/gettyimages-1488632606.jpg?ve=1&amp;tl=1 2x\" height=\"523\" width=\"931\"><source media=\"(min-width: 1280px)\" srcset=\"https:\/\/a57.foxnews.com\/static.foxnews.com\/foxnews.com\/content\/uploads\/2025\/03\/720\/405\/gettyimages-1488632606.jpg?ve=1&amp;tl=1, https:\/\/a57.foxnews.com\/static.foxnews.com\/foxnews.com\/content\/uploads\/2025\/03\/1440\/810\/gettyimages-1488632606.jpg?ve=1&amp;tl=1 2x\" height=\"405\" width=\"720\"><img loading=\"lazy\" decoding=\"async\" src=\"https:\/\/a57.foxnews.com\/static.foxnews.com\/foxnews.com\/content\/uploads\/2025\/03\/1200\/675\/gettyimages-1488632606.jpg?ve=1&amp;tl=1\" alt=\"dermat\u00f3logo examina el cuero cabelludo de la mujer\" width=\"1200\" height=\"675\"\/><\/source><\/source><\/source><\/source><\/picture><\/div>\n<div class=\"info\">\n<div class=\"caption\">\n<p><span>Aquellos que experimentan la p\u00e9rdida de cabello mientras toman medicamentos semaglutidas deben consultar con un dermat\u00f3logo para determinar si se debe a un efecto adverso de estos medicamentos, aconsej\u00f3 un experto.<\/span> <span>(Istock)<\/span><\/p>\n<\/div>\n<\/div>\n<\/div>\n<p>\u00abNo solo esto puede ayudar con la p\u00e9rdida de cabello, sino que, lo que es m\u00e1s importante, una dieta fuerte puede frenar la p\u00e9rdida no deseada de la masa muscular que a menudo ocurre\u00bb, dijo. \u00abUna dieta adecuada, un horario conservador para la p\u00e9rdida de peso y el plan para el ejercicio son esenciales al tomar este medicamento\u00bb.<\/p>\n<p><strong><u>Haga clic aqu\u00ed para registrarse en nuestro bolet\u00edn de salud<\/u><\/strong><\/p>\n<p>Cuando se contact\u00f3 con Fox News Digital, Novo Nordisk, fabricante de Ozempic y Wegovy, confirm\u00f3 que la p\u00e9rdida de cabello es un riesgo identificado de semaglutida, y se enumera como un efecto secundario en la informaci\u00f3n del producto.<\/p>\n<p>\u00abEn los ensayos cl\u00ednicos de WoGovy, la p\u00e9rdida de cabello se inform\u00f3 en el 2.5% de los pacientes adultos tratados con Wogovy versus el 1.0% de los pacientes adultos tratados con placebo\u00bb, dijo el portavoz de la compa\u00f1\u00eda. <\/p>\n<blockquote class=\"pull-quote\">\n<p class=\"quote-text\">\u00abSi bien la tasa de incidencia de p\u00e9rdida de cabello a\u00fan es decididamente baja, es una compensaci\u00f3n potencial que un paciente debe considerar\u00bb.<\/p>\n<p> <!----><\/p><\/blockquote>\n<p>\u00abLa p\u00e9rdida de cabello se inform\u00f3 con mayor frecuencia en pacientes con mayor p\u00e9rdida de peso (\u226520%), lo que sugiere que los eventos de p\u00e9rdida de cabello estaban potencialmente relacionados con la magnitud de la p\u00e9rdida de peso\u00bb.<\/p>\n<p>\u00abLa seguridad del paciente es de suma importancia para Novo Nordisk\u00bb, continu\u00f3 la declaraci\u00f3n. \u00abEstamos monitoreando continuamente el perfil de seguridad de nuestros productos y colaboramos estrechamente con las autoridades para garantizar la seguridad del paciente, incluida la informaci\u00f3n adecuada sobre la p\u00e9rdida de cabello\u00bb.<\/p>\n<p><i><strong><u>Para m\u00e1s art\u00edculos de salud, visite <\/u><\/strong><\/i><i><strong><u>www.foxnews.com\/Health<\/u><\/strong><\/i><\/p>\n<p>El estudio fue financiado por fondos de investigaci\u00f3n interna del Departamento de Oftalmolog\u00eda y Ciencias Visuales de la Universidad de Columbia Brit\u00e1nica, seg\u00fan el art\u00edculo de la revista.<\/p>\n<p> <!----> <\/p>\n<div class=\"article-meta\">\n<div class=\"author-bio\">\n<p>Melissa Rudy es editora de salud senior y miembro del equipo de estilo de vida en Fox News Digital. Los consejos de la historia se pueden enviar a melissa.rudy@fox.com.<\/p>\n<\/div>\n<\/div>\n<\/div>\n\n","protected":false},"excerpt":{"rendered":"<p>Los medicamentos semaglutidas como Ozempic y Wogovy han explotado en popularidad en los \u00faltimos a\u00f1os debido a su efectividad en el control de la diabetes y la p\u00e9rdida de peso. La investigaci\u00f3n ha revelado beneficios adicionales m\u00e1s all\u00e1 de esos usos primarios, pero tambi\u00e9n han surgido algunos efectos secundarios negativos. Si bien los problemas gastrointestinales &hellip;<\/p>\n","protected":false},"author":1,"featured_media":21397,"comment_status":"open","ping_status":"open","sticky":false,"template":"","format":"standard","meta":{"fifu_image_url":"https:\/\/a57.foxnews.com\/static.foxnews.com\/foxnews.com\/content\/uploads\/2025\/04\/1200\/675\/hair-loss-split.jpg?ve=1&tl=1","fifu_image_alt":"","footnotes":""},"categories":[8],"tags":[],"class_list":["post-21395","post","type-post","status-publish","format-standard","has-post-thumbnail","","category-salud"],"_links":{"self":[{"href":"https:\/\/noticiasveraces.com\/index.php?rest_route=\/wp\/v2\/posts\/21395","targetHints":{"allow":["GET"]}}],"collection":[{"href":"https:\/\/noticiasveraces.com\/index.php?rest_route=\/wp\/v2\/posts"}],"about":[{"href":"https:\/\/noticiasveraces.com\/index.php?rest_route=\/wp\/v2\/types\/post"}],"author":[{"embeddable":true,"href":"https:\/\/noticiasveraces.com\/index.php?rest_route=\/wp\/v2\/users\/1"}],"replies":[{"embeddable":true,"href":"https:\/\/noticiasveraces.com\/index.php?rest_route=%2Fwp%2Fv2%2Fcomments&post=21395"}],"version-history":[{"count":0,"href":"https:\/\/noticiasveraces.com\/index.php?rest_route=\/wp\/v2\/posts\/21395\/revisions"}],"wp:featuredmedia":[{"embeddable":true,"href":"https:\/\/noticiasveraces.com\/index.php?rest_route=\/wp\/v2\/media\/21397"}],"wp:attachment":[{"href":"https:\/\/noticiasveraces.com\/index.php?rest_route=%2Fwp%2Fv2%2Fmedia&parent=21395"}],"wp:term":[{"taxonomy":"category","embeddable":true,"href":"https:\/\/noticiasveraces.com\/index.php?rest_route=%2Fwp%2Fv2%2Fcategories&post=21395"},{"taxonomy":"post_tag","embeddable":true,"href":"https:\/\/noticiasveraces.com\/index.php?rest_route=%2Fwp%2Fv2%2Ftags&post=21395"}],"curies":[{"name":"wp","href":"https:\/\/api.w.org\/{rel}","templated":true}]}}