{"id":21388,"date":"2025-04-03T11:04:55","date_gmt":"2025-04-03T15:04:55","guid":{"rendered":"https:\/\/noticiasveraces.com\/?p=21388"},"modified":"2025-04-03T11:04:55","modified_gmt":"2025-04-03T15:04:55","slug":"policia-investiga-explosion-de-coche-en-plaza-de-amsterdam-dw-03-04-2025","status":"publish","type":"post","link":"https:\/\/noticiasveraces.com\/?p=21388","title":{"rendered":"Polic\u00eda investiga explosi\u00f3n de coche en plaza de \u00c1msterdam \u2013 DW \u2013 03\/04\/2025"},"content":{"rendered":"<p> \n<\/p>\n<div>\n<p>La Polic\u00eda holandesa inform\u00f3 este jueves (03.04.2025) de que las im\u00e1genes de una c\u00e1mara situada en la Plaza de Dam de \u00c1msterdam, capital de Pa\u00edses Bajos,\u00a0muestran que despu\u00e9s de una explosi\u00f3n en el autom\u00f3vil comenz\u00f3 un incendio y que, en ese momento, \u00abhab\u00eda bastante gente cerca del veh\u00edculo\u00bb. Los agentes cerraron el acceso a la plaza, debido a la presencia del peque\u00f1o utilitario de color rojo en llamas, por motivos de seguridad y para que los bomberos pudiesen controlar el incendio y los servicios m\u00e9dicos atender a su conductor, seg\u00fan informa la prensa local.<\/p>\n<p>\u00abSospechamos que el propio conductor provoc\u00f3 el incendio. En este caso, se tuvo en cuenta la intenci\u00f3n. El conductor result\u00f3 herido\u00bb, declar\u00f3 la polic\u00eda a los medios neerlandeses. En la prensa y en las redes circulan fotograf\u00edas y v\u00eddeos del incidente ocurrido junto al Monumento Nacional de la Plaza Dam de la capital holandesa.<\/p>\n<p>Las im\u00e1genes distribuidas por un reportero del diario De Telegraaf muestran un coche en llamas y al presunto conductor, que tambi\u00e9n est\u00e1 en llamas, y que fueron apagadas por los bomberos. Hasta el lugar de los hechos est\u00e1 previsto que se desplace una unidad del Servicio de Eliminaci\u00f3n de Artefactos Explosivos (EOD).<\/p>\n<figure class=\"placeholder-image master_landscape big\"><img data-format=\"MASTER_LANDSCAPE\" data-id=\"72130174\" data-url=\"https:\/\/static.dw.com\/image\/72130174_${formatId}.jpg\" data-aspect-ratio=\"16\/9\" alt=\"Niederdo | Fuego de coche en Amsterdam\" style=\"padding-bottom: 56.25%; height: 0; max-height: 0;\"\/><figcaption class=\"img-caption\"><small class=\"copyright\">Imagen: ANP\/IMAGO<\/small><\/figcaption><\/figure>\n<h2>Atengado la semana pasada en la misma zona<\/h2>\n<p>En una plaza aleda\u00f1a al mismo lugar, un hombre dej\u00f3 la semana pasada cinco personas heridas, dos de ellas de gravedad, y est\u00e1 siendo investigado por intento de asesinato u homicidio con motivos terroristas, seg\u00fan inform\u00f3 el martes pasado la Fiscal\u00eda. <\/p>\n<p>El hombre, un ucraniano de 30 a\u00f1os originario de la regi\u00f3n de Donetsk, ocupada en gran parte por Rusia, ha sido inculpado por cinco cargos de intento de asesinato u homicidio con motivos terroristas tras comparecer ante el juez de instrucci\u00f3n, que prolong\u00f3 su detenci\u00f3n al menos dos semanas m\u00e1s.<\/p>\n<p>Las v\u00edctimas proceden de Estados Unidos, B\u00e9lgica, Polonia y \u00c1msterdam, mientras que el sospechoso fue detenido gracias a la intervenci\u00f3n de un turista brit\u00e1nico que lo tir\u00f3 e inmoviliz\u00f3 en el suelo hasta que lleg\u00f3 la polic\u00eda y procedi\u00f3 a su arresto.<\/p>\n<p>RML\/LGC (Efe, Reuters, AFP)<\/p>\n<\/div>\n\n","protected":false},"excerpt":{"rendered":"<p>La Polic\u00eda holandesa inform\u00f3 este jueves (03.04.2025) de que las im\u00e1genes de una c\u00e1mara situada en la Plaza de Dam de \u00c1msterdam, capital de Pa\u00edses Bajos,\u00a0muestran que despu\u00e9s de una explosi\u00f3n en el autom\u00f3vil comenz\u00f3 un incendio y que, en ese momento, \u00abhab\u00eda bastante gente cerca del veh\u00edculo\u00bb. Los agentes cerraron el acceso a la &hellip;<\/p>\n","protected":false},"author":1,"featured_media":21389,"comment_status":"open","ping_status":"open","sticky":false,"template":"","format":"standard","meta":{"fifu_image_url":"https:\/\/static.dw.com\/image\/72130198_6.jpg","fifu_image_alt":"","footnotes":""},"categories":[13],"tags":[],"class_list":["post-21388","post","type-post","status-publish","format-standard","has-post-thumbnail","","category-mundo"],"_links":{"self":[{"href":"https:\/\/noticiasveraces.com\/index.php?rest_route=\/wp\/v2\/posts\/21388","targetHints":{"allow":["GET"]}}],"collection":[{"href":"https:\/\/noticiasveraces.com\/index.php?rest_route=\/wp\/v2\/posts"}],"about":[{"href":"https:\/\/noticiasveraces.com\/index.php?rest_route=\/wp\/v2\/types\/post"}],"author":[{"embeddable":true,"href":"https:\/\/noticiasveraces.com\/index.php?rest_route=\/wp\/v2\/users\/1"}],"replies":[{"embeddable":true,"href":"https:\/\/noticiasveraces.com\/index.php?rest_route=%2Fwp%2Fv2%2Fcomments&post=21388"}],"version-history":[{"count":0,"href":"https:\/\/noticiasveraces.com\/index.php?rest_route=\/wp\/v2\/posts\/21388\/revisions"}],"wp:featuredmedia":[{"embeddable":true,"href":"https:\/\/noticiasveraces.com\/index.php?rest_route=\/wp\/v2\/media\/21389"}],"wp:attachment":[{"href":"https:\/\/noticiasveraces.com\/index.php?rest_route=%2Fwp%2Fv2%2Fmedia&parent=21388"}],"wp:term":[{"taxonomy":"category","embeddable":true,"href":"https:\/\/noticiasveraces.com\/index.php?rest_route=%2Fwp%2Fv2%2Fcategories&post=21388"},{"taxonomy":"post_tag","embeddable":true,"href":"https:\/\/noticiasveraces.com\/index.php?rest_route=%2Fwp%2Fv2%2Ftags&post=21388"}],"curies":[{"name":"wp","href":"https:\/\/api.w.org\/{rel}","templated":true}]}}