{"id":21385,"date":"2025-04-03T10:00:12","date_gmt":"2025-04-03T14:00:12","guid":{"rendered":"https:\/\/noticiasveraces.com\/?p=21385"},"modified":"2025-04-03T10:00:12","modified_gmt":"2025-04-03T14:00:12","slug":"hungria-dice-que-se-retira-de-la-cpi-mientras-el-primer-ministro-israeli-netanyahu-visita-el-pais","status":"publish","type":"post","link":"https:\/\/noticiasveraces.com\/?p=21385","title":{"rendered":"Hungr\u00eda dice que se retira de la CPI mientras el primer ministro israel\u00ed Netanyahu visita el pa\u00eds"},"content":{"rendered":"<p> \n<\/p>\n<div>\n<p class=\"speakable\">Hungr\u00eda se retira del Tribunal Penal Internacional (ICC), una medida que se produce poco despu\u00e9s de que el primer ministro israel\u00ed Benjamin Netanyahu lleg\u00f3 al pa\u00eds el jueves para una visita al primer ministro h\u00fangaro Viktor Orban.<\/p>\n<p class=\"speakable\">Netatau, Gaza y yo fuimos reconocidos.<\/p>\n<p>Se espera que est\u00e9 en Hungr\u00eda durante cuatro d\u00edas.<\/p>\n<p>Hungr\u00eda, un miembro fundador de la CPI, est\u00e1 obligado a arrestar a cualquier persona buscada por el tribunal y entregarlo, pero Orban ha descrito la orden de Netanyahu como \u00abdescarada, c\u00ednica y completamente inaceptable\u00bb.<\/p>\n<p><strong>Mira: el primer ministro israel\u00ed Netanyahu retrocede los cargos de la CPI<\/strong> <\/p>\n<div class=\"image-ct inline\">\n<div class=\"m\"><picture><source media=\"(max-width: 767px)\" srcset=\"https:\/\/a57.foxnews.com\/static.foxnews.com\/foxnews.com\/content\/uploads\/2025\/04\/343\/192\/netanyahu-in-hungary.jpg?ve=1&amp;tl=1, https:\/\/a57.foxnews.com\/static.foxnews.com\/foxnews.com\/content\/uploads\/2025\/04\/686\/384\/netanyahu-in-hungary.jpg?ve=1&amp;tl=1 2x\" height=\"192\" width=\"343\"><source media=\"(min-width: 768px) and (max-width: 1023px)\" srcset=\"https:\/\/a57.foxnews.com\/static.foxnews.com\/foxnews.com\/content\/uploads\/2025\/04\/672\/378\/netanyahu-in-hungary.jpg?ve=1&amp;tl=1, https:\/\/a57.foxnews.com\/static.foxnews.com\/foxnews.com\/content\/uploads\/2025\/04\/1344\/756\/netanyahu-in-hungary.jpg?ve=1&amp;tl=1 2x\" height=\"378\" width=\"672\"><source media=\"(min-width: 1024px) and (max-width: 1279px)\" srcset=\"https:\/\/a57.foxnews.com\/static.foxnews.com\/foxnews.com\/content\/uploads\/2025\/04\/931\/523\/netanyahu-in-hungary.jpg?ve=1&amp;tl=1, https:\/\/a57.foxnews.com\/static.foxnews.com\/foxnews.com\/content\/uploads\/2025\/04\/1862\/1046\/netanyahu-in-hungary.jpg?ve=1&amp;tl=1 2x\" height=\"523\" width=\"931\"><source media=\"(min-width: 1280px)\" srcset=\"https:\/\/a57.foxnews.com\/static.foxnews.com\/foxnews.com\/content\/uploads\/2025\/04\/720\/405\/netanyahu-in-hungary.jpg?ve=1&amp;tl=1, https:\/\/a57.foxnews.com\/static.foxnews.com\/foxnews.com\/content\/uploads\/2025\/04\/1440\/810\/netanyahu-in-hungary.jpg?ve=1&amp;tl=1 2x\" height=\"405\" width=\"720\"><img loading=\"lazy\" decoding=\"async\" src=\"https:\/\/a57.foxnews.com\/static.foxnews.com\/foxnews.com\/content\/uploads\/2025\/04\/1200\/675\/netanyahu-in-hungary.jpg?ve=1&amp;tl=1\" alt=\"PM israel\u00ed Netanyahu y H\u00fangaro PM Orban\" width=\"1200\" height=\"675\"\/><\/source><\/source><\/source><\/source><\/picture><\/div>\n<div class=\"info\">\n<div class=\"caption\">\n<p><span>Hungr\u00eda anunci\u00f3 que se retirar\u00e1 del Tribunal Penal Internacional, ya que est\u00e1 organizando el primer ministro israel\u00ed Benjamin Netanyahu, quien el Tribunal quiere por presuntos cr\u00edmenes de guerra en Gaza.<\/span> <span>(Janos Kummer\/Getty Images)<\/span><\/p>\n<\/div>\n<\/div>\n<\/div>\n<p>El jefe de personal de Orban, Gergely Gulyas, dijo a los medios estatales que Hungr\u00eda lanzar\u00eda su proceso de retiro m\u00e1s tarde en el d\u00eda del jueves. <\/p>\n<p>La retirada no es una sorpresa ya que Orban cuestion\u00f3 la participaci\u00f3n del pa\u00eds en la CPI en febrero tras la decisi\u00f3n del presidente Donald Trump de imponer sanciones al fiscal de la corte, Karim Khan.<\/p>\n<p>\u00abEs hora de que Hungr\u00eda revise lo que estamos haciendo en una organizaci\u00f3n internacional que est\u00e1 bajo sanciones de los Estados Unidos\u00bb, dijo Orban en X en febrero.<\/p>\n<div class=\"image-ct inline\">\n<div class=\"m\"><picture><source media=\"(max-width: 767px)\" srcset=\"https:\/\/a57.foxnews.com\/static.foxnews.com\/foxnews.com\/content\/uploads\/2024\/05\/343\/192\/international-criminal-court.jpg?ve=1&amp;tl=1, https:\/\/a57.foxnews.com\/static.foxnews.com\/foxnews.com\/content\/uploads\/2024\/05\/686\/384\/international-criminal-court.jpg?ve=1&amp;tl=1 2x\" height=\"192\" width=\"343\"><source media=\"(min-width: 768px) and (max-width: 1023px)\" srcset=\"https:\/\/a57.foxnews.com\/static.foxnews.com\/foxnews.com\/content\/uploads\/2024\/05\/672\/378\/international-criminal-court.jpg?ve=1&amp;tl=1, https:\/\/a57.foxnews.com\/static.foxnews.com\/foxnews.com\/content\/uploads\/2024\/05\/1344\/756\/international-criminal-court.jpg?ve=1&amp;tl=1 2x\" height=\"378\" width=\"672\"><source media=\"(min-width: 1024px) and (max-width: 1279px)\" srcset=\"https:\/\/a57.foxnews.com\/static.foxnews.com\/foxnews.com\/content\/uploads\/2024\/05\/931\/523\/international-criminal-court.jpg?ve=1&amp;tl=1, https:\/\/a57.foxnews.com\/static.foxnews.com\/foxnews.com\/content\/uploads\/2024\/05\/1862\/1046\/international-criminal-court.jpg?ve=1&amp;tl=1 2x\" height=\"523\" width=\"931\"><source media=\"(min-width: 1280px)\" srcset=\"https:\/\/a57.foxnews.com\/static.foxnews.com\/foxnews.com\/content\/uploads\/2024\/05\/720\/405\/international-criminal-court.jpg?ve=1&amp;tl=1, https:\/\/a57.foxnews.com\/static.foxnews.com\/foxnews.com\/content\/uploads\/2024\/05\/1440\/810\/international-criminal-court.jpg?ve=1&amp;tl=1 2x\" height=\"405\" width=\"720\"><img loading=\"lazy\" decoding=\"async\" src=\"https:\/\/a57.foxnews.com\/static.foxnews.com\/foxnews.com\/content\/uploads\/2024\/05\/1200\/675\/international-criminal-court.jpg?ve=1&amp;tl=1\" alt=\"ICC\" width=\"1200\" height=\"675\"\/><\/source><\/source><\/source><\/source><\/picture><\/div>\n<div class=\"info\">\n<div class=\"caption\">\n<p><span>El Tribunal Penal Internacional (ICC) emiti\u00f3 una orden de arresto para Netanyahu y su ex jefe de defensa, Yoav Gallant, el a\u00f1o pasado.<\/span> <span>(Selman Aksunger\/Anadolu a trav\u00e9s de Getty Images)<\/span><\/p>\n<\/div>\n<\/div>\n<\/div>\n<p><strong>Trump revela sanciones contra la corte penal internacional para la orden de arresto de Netanyahu<\/strong> <\/p>\n<p>El parlamento de Hungr\u00eda probablemente aprobar\u00e1 el proyecto de ley para comenzar el proceso de retirada de un a\u00f1o de la CPI, ya que est\u00e1 controlado por el Partido Fidesz de Orban, seg\u00fan Reuters.<\/p>\n<p>Orban ha apoyado firmemente a Netanyahu a lo largo de los a\u00f1os y, en el pasado, ha sido r\u00e1pidamente bloquear declaraciones o acciones de la UE que critican a Israel.<\/p>\n<p>Israel ha rechazado las acusaciones de la CPI, que se producen despu\u00e9s de que el estado jud\u00edo lanz\u00f3 una guerra contra Hamas tras el ataque del Grupo Terrorista el 7 de octubre de 2023 en el sur de Israel que dej\u00f3 1,200 muertos y m\u00e1s de 250 tomados como rehenes.<\/p>\n<p><strong><u>Haga clic aqu\u00ed para obtener la aplicaci\u00f3n Fox News<\/u><\/strong> <\/p>\n<p>Cuando el tribunal emiti\u00f3 la orden de Netanyahu y su ex jefe de defensa, Yoav Gallant, dijo que hab\u00eda razones para creer que ambos hombres participaron en delitos como asesinato, persecuci\u00f3n y hambre como arma de guerra en Gaza.<\/p>\n<p>Seg\u00fan el Ministerio de Salud Palestino dirigido por Hamas, Israel ha matado a m\u00e1s de 50,000 palestinos durante su ataque a Gaza.<\/p>\n<p><i>Reuters contribuy\u00f3 a este informe.<\/i><\/p>\n<p> <!----> <\/div>\n\n","protected":false},"excerpt":{"rendered":"<p>Hungr\u00eda se retira del Tribunal Penal Internacional (ICC), una medida que se produce poco despu\u00e9s de que el primer ministro israel\u00ed Benjamin Netanyahu lleg\u00f3 al pa\u00eds el jueves para una visita al primer ministro h\u00fangaro Viktor Orban. Netatau, Gaza y yo fuimos reconocidos. Se espera que est\u00e9 en Hungr\u00eda durante cuatro d\u00edas. Hungr\u00eda, un miembro &hellip;<\/p>\n","protected":false},"author":1,"featured_media":21387,"comment_status":"open","ping_status":"open","sticky":false,"template":"","format":"standard","meta":{"fifu_image_url":"https:\/\/static.foxnews.com\/foxnews.com\/content\/uploads\/2025\/04\/netanyahu-in-hungary.jpg","fifu_image_alt":"","footnotes":""},"categories":[13],"tags":[],"class_list":["post-21385","post","type-post","status-publish","format-standard","has-post-thumbnail","","category-mundo"],"_links":{"self":[{"href":"https:\/\/noticiasveraces.com\/index.php?rest_route=\/wp\/v2\/posts\/21385","targetHints":{"allow":["GET"]}}],"collection":[{"href":"https:\/\/noticiasveraces.com\/index.php?rest_route=\/wp\/v2\/posts"}],"about":[{"href":"https:\/\/noticiasveraces.com\/index.php?rest_route=\/wp\/v2\/types\/post"}],"author":[{"embeddable":true,"href":"https:\/\/noticiasveraces.com\/index.php?rest_route=\/wp\/v2\/users\/1"}],"replies":[{"embeddable":true,"href":"https:\/\/noticiasveraces.com\/index.php?rest_route=%2Fwp%2Fv2%2Fcomments&post=21385"}],"version-history":[{"count":0,"href":"https:\/\/noticiasveraces.com\/index.php?rest_route=\/wp\/v2\/posts\/21385\/revisions"}],"wp:featuredmedia":[{"embeddable":true,"href":"https:\/\/noticiasveraces.com\/index.php?rest_route=\/wp\/v2\/media\/21387"}],"wp:attachment":[{"href":"https:\/\/noticiasveraces.com\/index.php?rest_route=%2Fwp%2Fv2%2Fmedia&parent=21385"}],"wp:term":[{"taxonomy":"category","embeddable":true,"href":"https:\/\/noticiasveraces.com\/index.php?rest_route=%2Fwp%2Fv2%2Fcategories&post=21385"},{"taxonomy":"post_tag","embeddable":true,"href":"https:\/\/noticiasveraces.com\/index.php?rest_route=%2Fwp%2Fv2%2Ftags&post=21385"}],"curies":[{"name":"wp","href":"https:\/\/api.w.org\/{rel}","templated":true}]}}