{"id":21382,"date":"2025-04-03T08:55:12","date_gmt":"2025-04-03T12:55:12","guid":{"rendered":"https:\/\/noticiasveraces.com\/?p=21382"},"modified":"2025-04-03T08:55:12","modified_gmt":"2025-04-03T12:55:12","slug":"los-lideres-mundiales-reaccionan-a-las-tarifas-del-dia-de-liberacion-de-trump-con-respuestas-mixtas","status":"publish","type":"post","link":"https:\/\/noticiasveraces.com\/?p=21382","title":{"rendered":"Los l\u00edderes mundiales reaccionan a las tarifas del D\u00eda de Liberaci\u00f3n de Trump con respuestas mixtas"},"content":{"rendered":"<p> \n<\/p>\n<div>\n<div class=\"article-gating gated-overlay show-gate\">\n<div class=\"article-gating-wrapper\">\n<p>\u00danase a Fox News para acceder a este contenido<\/p>\n<p>Has alcanzado su n\u00famero m\u00e1ximo de art\u00edculos. Inicie sesi\u00f3n o cree una cuenta de forma gratuita para continuar leyendo.<\/p>\n<div class=\"article-gating-legal tablet-desktop\">Al ingresar su correo electr\u00f3nico y presionar continuar, usted acepta los t\u00e9rminos de uso y la pol\u00edtica de privacidad de Fox News, que incluye nuestro aviso de incentivo financiero.\n    <\/div>\n<p><span>Por favor, introduce una direcci\u00f3n de correo electr\u00f3nico v\u00e1lida.<\/span><\/p>\n<footer class=\"article-gating-footer\">\u00bfTiene problemas? Haga clic aqu\u00ed.<\/footer>\n<\/div>\n<\/div>\n<p class=\"speakable\">Los l\u00edderes mundiales de todo el mundo est\u00e1n reaccionando a los anuncios de tarifas del \u00abD\u00eda de Liberaci\u00f3n\u00bb del presidente Donald Trump, y algunos expresan decepci\u00f3n y otros que amenazan. El mi\u00e9rcoles, el presidente anunci\u00f3 una tarifa de referencia del 10% en las importaciones, adem\u00e1s de los aranceles rec\u00edprocos basados \u200b\u200ben lo que cada naci\u00f3n impone a los bienes estadounidenses.<\/p>\n<p class=\"speakable\">Trump cree que estas tarifas incentivar\u00e1n la inversi\u00f3n extranjera en los Estados Unidos y estimular\u00e1n el crecimiento del empleo nacional.<\/p>\n<p>Mientras que varios aliados estadounidenses articularon su frustraci\u00f3n con los aranceles, tambi\u00e9n expresaron una falta de inter\u00e9s en el lanzamiento de las guerras comerciales. Muchos pidieron negociaciones con los Estados Unidos para nuevos acuerdos comerciales. <\/p>\n<div class=\"image-ct inline\">\n<div class=\"m\"><picture><source media=\"(max-width: 767px)\" srcset=\"https:\/\/a57.foxnews.com\/static.foxnews.com\/foxnews.com\/content\/uploads\/2025\/04\/343\/192\/trumptariffs.png?ve=1&amp;tl=1, https:\/\/a57.foxnews.com\/static.foxnews.com\/foxnews.com\/content\/uploads\/2025\/04\/686\/384\/trumptariffs.png?ve=1&amp;tl=1 2x\" height=\"192\" width=\"343\"><source media=\"(min-width: 768px) and (max-width: 1023px)\" srcset=\"https:\/\/a57.foxnews.com\/static.foxnews.com\/foxnews.com\/content\/uploads\/2025\/04\/672\/378\/trumptariffs.png?ve=1&amp;tl=1, https:\/\/a57.foxnews.com\/static.foxnews.com\/foxnews.com\/content\/uploads\/2025\/04\/1344\/756\/trumptariffs.png?ve=1&amp;tl=1 2x\" height=\"378\" width=\"672\"><source media=\"(min-width: 1024px) and (max-width: 1279px)\" srcset=\"https:\/\/a57.foxnews.com\/static.foxnews.com\/foxnews.com\/content\/uploads\/2025\/04\/931\/523\/trumptariffs.png?ve=1&amp;tl=1, https:\/\/a57.foxnews.com\/static.foxnews.com\/foxnews.com\/content\/uploads\/2025\/04\/1862\/1046\/trumptariffs.png?ve=1&amp;tl=1 2x\" height=\"523\" width=\"931\"><source media=\"(min-width: 1280px)\" srcset=\"https:\/\/a57.foxnews.com\/static.foxnews.com\/foxnews.com\/content\/uploads\/2025\/04\/720\/405\/trumptariffs.png?ve=1&amp;tl=1, https:\/\/a57.foxnews.com\/static.foxnews.com\/foxnews.com\/content\/uploads\/2025\/04\/1440\/810\/trumptariffs.png?ve=1&amp;tl=1 2x\" height=\"405\" width=\"720\"><img loading=\"lazy\" decoding=\"async\" src=\"https:\/\/a57.foxnews.com\/static.foxnews.com\/foxnews.com\/content\/uploads\/2025\/04\/1200\/675\/trumptariffs.png?ve=1&amp;tl=1\" alt=\"Tarifas de Trump\" width=\"1200\" height=\"675\"\/><\/source><\/source><\/source><\/source><\/picture><\/div>\n<div class=\"info\">\n<div class=\"caption\">\n<p><span>El presidente de los Estados Unidos, Donald Trump, celebra una tabla mientras ofrece comentarios sobre aranceles rec\u00edprocos durante un evento en el jard\u00edn de rosas titulado \u00abMake America Wealthy Again\u00bb en la Casa Blanca en Washington, DC, el 2 de abril de 2025.<\/span> <span>(Getty Images)<\/span><\/p>\n<\/div>\n<\/div>\n<\/div>\n<p><strong>El Secretario del Tesoro, Bessent, les dice a los pa\u00edses que no tomen represalias despu\u00e9s de barrer las tarifas de &#8216;D\u00eda de Liberaci\u00f3n&#8217;<\/strong><\/p>\n<p>El presidente de la Comisi\u00f3n Europea, Ursula von der Leyen, calific\u00f3 los aranceles como un \u00abgran golpe para la econom\u00eda mundial\u00bb. Von der Leyen dijo en un comunicado que habr\u00eda \u00abcontramedidas\u00bb, aunque no especific\u00f3 lo que implicar\u00edan.<\/p>\n<p>Mientras tanto, el Ministerio de Relaciones Exteriores de China dijo que \u00abno hay ganadores en las guerras comerciales y las guerras tarifas\u00bb, seg\u00fan Associated Press (AP). <\/p>\n<p>Adem\u00e1s, seg\u00fan Reuters, Beijing tambi\u00e9n planea tomar \u00abcontramedidas\u00bb. Trump ha adoptado un enfoque especialmente dif\u00edcil para China, que ya fue golpeado con un arancel del 20% a principios de este a\u00f1o. China ahora enfrentar\u00e1 una tarifa rec\u00edproca del 34% adem\u00e1s de la l\u00ednea de base del 10% impuesta a todas las naciones cotizadas.<\/p>\n<div class=\"image-ct inline\">\n<div class=\"m\"><picture><source media=\"(max-width: 767px)\" srcset=\"https:\/\/a57.foxnews.com\/static.foxnews.com\/foxnews.com\/content\/uploads\/2025\/02\/343\/192\/gettyimages-2197538099-scaled.jpg?ve=1&amp;tl=1, https:\/\/a57.foxnews.com\/static.foxnews.com\/foxnews.com\/content\/uploads\/2025\/02\/686\/384\/gettyimages-2197538099-scaled.jpg?ve=1&amp;tl=1 2x\" height=\"192\" width=\"343\"><source media=\"(min-width: 768px) and (max-width: 1023px)\" srcset=\"https:\/\/a57.foxnews.com\/static.foxnews.com\/foxnews.com\/content\/uploads\/2025\/02\/672\/378\/gettyimages-2197538099-scaled.jpg?ve=1&amp;tl=1, https:\/\/a57.foxnews.com\/static.foxnews.com\/foxnews.com\/content\/uploads\/2025\/02\/1344\/756\/gettyimages-2197538099-scaled.jpg?ve=1&amp;tl=1 2x\" height=\"378\" width=\"672\"><source media=\"(min-width: 1024px) and (max-width: 1279px)\" srcset=\"https:\/\/a57.foxnews.com\/static.foxnews.com\/foxnews.com\/content\/uploads\/2025\/02\/931\/523\/gettyimages-2197538099-scaled.jpg?ve=1&amp;tl=1, https:\/\/a57.foxnews.com\/static.foxnews.com\/foxnews.com\/content\/uploads\/2025\/02\/1862\/1046\/gettyimages-2197538099-scaled.jpg?ve=1&amp;tl=1 2x\" height=\"523\" width=\"931\"><source media=\"(min-width: 1280px)\" srcset=\"https:\/\/a57.foxnews.com\/static.foxnews.com\/foxnews.com\/content\/uploads\/2025\/02\/720\/405\/gettyimages-2197538099-scaled.jpg?ve=1&amp;tl=1, https:\/\/a57.foxnews.com\/static.foxnews.com\/foxnews.com\/content\/uploads\/2025\/02\/1440\/810\/gettyimages-2197538099-scaled.jpg?ve=1&amp;tl=1 2x\" height=\"405\" width=\"720\"><img loading=\"lazy\" decoding=\"async\" src=\"https:\/\/a57.foxnews.com\/static.foxnews.com\/foxnews.com\/content\/uploads\/2025\/02\/1200\/675\/gettyimages-2197538099-scaled.jpg?ve=1&amp;tl=1\" alt=\"Primer ministro japon\u00e9s Shigeru Ishiba y presidente Trump\" width=\"1200\" height=\"675\"\/><\/source><\/source><\/source><\/source><\/picture><\/div>\n<div class=\"info\">\n<div class=\"caption\">\n<p><span>Trump da la mano al primer ministro japon\u00e9s Shigeru Ishiba en la Oficina Oval de la Casa Blanca el 7 de febrero de 2025.<\/span> <span>(Getty Images)<\/span><\/p>\n<\/div>\n<\/div>\n<\/div>\n<p><strong>Francia nos pide que seamos &#8216;cooperativos&#8217; en lugar de &#8216;confrontaci\u00f3n&#8217; despu\u00e9s de las tarifas de &#8216;D\u00eda de Liberaci\u00f3n&#8217; de Trump<\/strong><\/p>\n<p>El primer ministro japon\u00e9s, Shigeru Ishiba, dijo que los aranceles tendr\u00edan un \u00abgran impacto\u00bb en las relaciones entre Estados Unidos y Jap\u00f3n y la econom\u00eda global, seg\u00fan la AP. Prometi\u00f3 que el gobierno japon\u00e9s trabajar\u00eda para \u00abproteger decisivamente la vida, los empleos y las industrias de las personas\u00bb.<\/p>\n<p>A pesar de estar sujeto a una de las tarifas rec\u00edprocas m\u00e1s bajas con solo el 10%, el primer ministro australiano, Anthony Albanese, dijo que su pa\u00eds negociar\u00eda con la administraci\u00f3n Trump para eliminar los aranceles.<\/p>\n<p>\u00abNo nos uniremos a una carrera hacia el fondo que conduce a precios m\u00e1s altos y un crecimiento m\u00e1s lento\u00bb, dijo Albanese, seg\u00fan Reuters.<\/p>\n<p>Canad\u00e1 y M\u00e9xico est\u00e1n exentos de los aranceles rec\u00edprocos por ahora, pero enfrentan un arancel del 25% sobre los bienes, y Canad\u00e1 tambi\u00e9n est\u00e1 siendo abofeteado con una tarifa de energ\u00eda del 10%. Mientras que el primer ministro canadiense Mark Carney prometi\u00f3 \u00abluchar contra estos aranceles con contramedidas\u00bb, la presidenta mexicana Claudia Sheinbaum dijo que su pa\u00eds anunciar\u00eda un \u00abprograma integral\u00bb el jueves, seg\u00fan Reuters.<\/p>\n<div class=\"image-ct inline\">\n<div class=\"m\"><picture><source media=\"(max-width: 767px)\" srcset=\"https:\/\/a57.foxnews.com\/static.foxnews.com\/foxnews.com\/content\/uploads\/2025\/02\/343\/192\/trump_starmer_presser.jpg?ve=1&amp;tl=1, https:\/\/a57.foxnews.com\/static.foxnews.com\/foxnews.com\/content\/uploads\/2025\/02\/686\/384\/trump_starmer_presser.jpg?ve=1&amp;tl=1 2x\" height=\"192\" width=\"343\"><source media=\"(min-width: 768px) and (max-width: 1023px)\" srcset=\"https:\/\/a57.foxnews.com\/static.foxnews.com\/foxnews.com\/content\/uploads\/2025\/02\/672\/378\/trump_starmer_presser.jpg?ve=1&amp;tl=1, https:\/\/a57.foxnews.com\/static.foxnews.com\/foxnews.com\/content\/uploads\/2025\/02\/1344\/756\/trump_starmer_presser.jpg?ve=1&amp;tl=1 2x\" height=\"378\" width=\"672\"><source media=\"(min-width: 1024px) and (max-width: 1279px)\" srcset=\"https:\/\/a57.foxnews.com\/static.foxnews.com\/foxnews.com\/content\/uploads\/2025\/02\/931\/523\/trump_starmer_presser.jpg?ve=1&amp;tl=1, https:\/\/a57.foxnews.com\/static.foxnews.com\/foxnews.com\/content\/uploads\/2025\/02\/1862\/1046\/trump_starmer_presser.jpg?ve=1&amp;tl=1 2x\" height=\"523\" width=\"931\"><source media=\"(min-width: 1280px)\" srcset=\"https:\/\/a57.foxnews.com\/static.foxnews.com\/foxnews.com\/content\/uploads\/2025\/02\/720\/405\/trump_starmer_presser.jpg?ve=1&amp;tl=1, https:\/\/a57.foxnews.com\/static.foxnews.com\/foxnews.com\/content\/uploads\/2025\/02\/1440\/810\/trump_starmer_presser.jpg?ve=1&amp;tl=1 2x\" height=\"405\" width=\"720\"><img loading=\"lazy\" decoding=\"async\" src=\"https:\/\/a57.foxnews.com\/static.foxnews.com\/foxnews.com\/content\/uploads\/2025\/02\/1200\/675\/trump_starmer_presser.jpg?ve=1&amp;tl=1\" alt=\"Trump y Starmer\" width=\"1200\" height=\"675\"\/><\/source><\/source><\/source><\/source><\/picture><\/div>\n<div class=\"info\">\n<div class=\"caption\">\n<p><span>El primer ministro de Gran Breta\u00f1a, Keir Starmer, a la izquierda, y Trump habla durante una conferencia de prensa conjunta en la sala este de la Casa Blanca el jueves 27 de febrero de 2025 en Washington. <\/span> <span>(Carl Court\/Pool Photo a trav\u00e9s de AP)<\/span><\/p>\n<\/div>\n<\/div>\n<\/div>\n<p>Al hablar con los periodistas, el primer ministro del Reino Unido, Keir Starmer, no critic\u00f3 a Trump, sino que dijo que el presidente de los Estados Unidos estaba actuando en \u00absu mandato\u00bb. Sin embargo, tambi\u00e9n dijo que \u00abnada est\u00e1 fuera de la mesa\u00bb. El primer ministro asegur\u00f3 que su gobierno est\u00e1 trabajando para hacer \u00abun acuerdo de prosperidad econ\u00f3mica\u00bb con los Estados Unidos.<\/p>\n<p><strong><u>Haga clic aqu\u00ed para obtener la aplicaci\u00f3n Fox News<\/u><\/strong><\/p>\n<p>El primer ministro israel\u00ed, Benjamin Netanyahu, anunci\u00f3 el martes que su pa\u00eds elevar\u00eda preventivamente todos los aranceles sobre los bienes estadounidenses. Sin embargo, Trump todav\u00eda anunci\u00f3 un arancel rec\u00edproco del 17% sobre Israel. El ministro de Finanzas Israel\u00ed, Bezalel Smotrich, dijo que su oficina estaba \u00abanalizando las implicaciones para la econom\u00eda\u00bb. Smotrich tambi\u00e9n dijo que se reunir\u00eda con el Ministerio de Finanzas para discutir las posibles respuestas. <\/p>\n<\/div>\n\n","protected":false},"excerpt":{"rendered":"<p>\u00danase a Fox News para acceder a este contenido Has alcanzado su n\u00famero m\u00e1ximo de art\u00edculos. Inicie sesi\u00f3n o cree una cuenta de forma gratuita para continuar leyendo. Al ingresar su correo electr\u00f3nico y presionar continuar, usted acepta los t\u00e9rminos de uso y la pol\u00edtica de privacidad de Fox News, que incluye nuestro aviso de &hellip;<\/p>\n","protected":false},"author":1,"featured_media":21384,"comment_status":"open","ping_status":"open","sticky":false,"template":"","format":"standard","meta":{"fifu_image_url":"https:\/\/static.foxnews.com\/foxnews.com\/content\/uploads\/2025\/04\/trumptariffs.png","fifu_image_alt":"","footnotes":""},"categories":[13],"tags":[],"class_list":["post-21382","post","type-post","status-publish","format-standard","has-post-thumbnail","","category-mundo"],"_links":{"self":[{"href":"https:\/\/noticiasveraces.com\/index.php?rest_route=\/wp\/v2\/posts\/21382","targetHints":{"allow":["GET"]}}],"collection":[{"href":"https:\/\/noticiasveraces.com\/index.php?rest_route=\/wp\/v2\/posts"}],"about":[{"href":"https:\/\/noticiasveraces.com\/index.php?rest_route=\/wp\/v2\/types\/post"}],"author":[{"embeddable":true,"href":"https:\/\/noticiasveraces.com\/index.php?rest_route=\/wp\/v2\/users\/1"}],"replies":[{"embeddable":true,"href":"https:\/\/noticiasveraces.com\/index.php?rest_route=%2Fwp%2Fv2%2Fcomments&post=21382"}],"version-history":[{"count":0,"href":"https:\/\/noticiasveraces.com\/index.php?rest_route=\/wp\/v2\/posts\/21382\/revisions"}],"wp:featuredmedia":[{"embeddable":true,"href":"https:\/\/noticiasveraces.com\/index.php?rest_route=\/wp\/v2\/media\/21384"}],"wp:attachment":[{"href":"https:\/\/noticiasveraces.com\/index.php?rest_route=%2Fwp%2Fv2%2Fmedia&parent=21382"}],"wp:term":[{"taxonomy":"category","embeddable":true,"href":"https:\/\/noticiasveraces.com\/index.php?rest_route=%2Fwp%2Fv2%2Fcategories&post=21382"},{"taxonomy":"post_tag","embeddable":true,"href":"https:\/\/noticiasveraces.com\/index.php?rest_route=%2Fwp%2Fv2%2Ftags&post=21382"}],"curies":[{"name":"wp","href":"https:\/\/api.w.org\/{rel}","templated":true}]}}