{"id":21370,"date":"2025-04-03T07:18:56","date_gmt":"2025-04-03T11:18:56","guid":{"rendered":"https:\/\/noticiasveraces.com\/?p=21370"},"modified":"2025-04-03T07:18:56","modified_gmt":"2025-04-03T11:18:56","slug":"netanyahu-desafia-la-orden-de-arresto-internacional-en-visita-a-hungria","status":"publish","type":"post","link":"https:\/\/noticiasveraces.com\/?p=21370","title":{"rendered":"Netanyahu desaf\u00eda la orden de arresto internacional en visita a Hungr\u00eda"},"content":{"rendered":"<p> \n<br \/><img decoding=\"async\" src=\"https:\/\/media-cldnry.s-nbcnews.com\/image\/upload\/t_fit_1500w\/rockcms\/2025-04\/250403-gaza-mb-0939-3a19d8.jpg\" \/><\/p>\n<div>\n<p class=\"body-graf\">Los esfuerzos para reanudar la tregua hasta ahora no han logrado obtener resultados, con Israel bloqueando el flujo de ayuda y bienes en Gaza durante m\u00e1s de un mes, marcando el bloqueo de ayuda m\u00e1s largo desde que comenz\u00f3 la guerra.<\/p>\n<p class=\"body-graf\">Amnist\u00eda Internacional, Human Rights Watch y otros grupos de derechos han pedido a Hungr\u00eda que defienda el derecho internacional y detenga a Netanyahu a su llegada al pa\u00eds y lo transfiera la Haya en los Pa\u00edses Bajos donde se encuentra la CPI. <\/p>\n<p class=\"body-graf\">Hungr\u00eda es un pa\u00eds miembro de la corte, pero nunca ha incorporado sus t\u00e9rminos en el c\u00f3digo legal nacional del pa\u00eds. <\/p>\n<p class=\"body-graf\">Poco despu\u00e9s de la llegada de Netanyahu, el jefe de gabinete de Orb\u00e1n, Gergely Gulyas, dijo a la agencia estatal de noticias MTI que el pa\u00eds buscar\u00eda retirarse de la CPI, seg\u00fan Reuters.<\/p>\n<p class=\"body-graf\">Ni Israel ni los Estados Unidos reconocen la jurisdicci\u00f3n del Tribunal Mundial, que no tiene personal para hacer cumplir sus \u00f3rdenes de arresto y depende de los funcionarios encargados de hacer cumplir la ley en los Estados miembros para hacerla cumplir.  <\/p>\n<p class=\"body-graf\">A pesar de los estrechos v\u00ednculos entre Orb\u00e1n y Netanyahu, el l\u00edder h\u00fangaro ha sido acusado previamente de usar tropos antisemitas para reafirmar su apoyo en casa.  <\/p>\n<p class=\"body-graf\">En 2019, una campa\u00f1a financiada por el gobierno vilipendi\u00f3 al empresario y fil\u00e1ntropo h\u00fangaro-estadounidense George Soros que es jud\u00edo, lo que provoc\u00f3 cr\u00edticas de los grupos de la Uni\u00f3n Europea y Anti-Racismo.   <\/p>\n<p class=\"endmark body-graf\">Cuatro a\u00f1os m\u00e1s tarde, una campa\u00f1a de valores publicitarios present\u00f3 el eslogan, \u00abNo bailemos a su melod\u00eda\u00bb, junto con el presidente de la Comisi\u00f3n Europea, Ursula von der Leyen, y el hijo de Soros, Alex Soros.  <\/p>\n<\/div>\n\n","protected":false},"excerpt":{"rendered":"<p>Los esfuerzos para reanudar la tregua hasta ahora no han logrado obtener resultados, con Israel bloqueando el flujo de ayuda y bienes en Gaza durante m\u00e1s de un mes, marcando el bloqueo de ayuda m\u00e1s largo desde que comenz\u00f3 la guerra. Amnist\u00eda Internacional, Human Rights Watch y otros grupos de derechos han pedido a Hungr\u00eda &hellip;<\/p>\n","protected":false},"author":1,"featured_media":21372,"comment_status":"open","ping_status":"open","sticky":false,"template":"","format":"standard","meta":{"fifu_image_url":"https:\/\/media-cldnry.s-nbcnews.com\/image\/upload\/t_nbcnews-fp-1200-630,f_auto,q_auto:best\/rockcms\/2025-04\/250403-netanyahu-orban-mb-0927-b54a18.jpg","fifu_image_alt":"","footnotes":""},"categories":[4],"tags":[],"class_list":["post-21370","post","type-post","status-publish","format-standard","has-post-thumbnail","","category-historias-destacadas"],"_links":{"self":[{"href":"https:\/\/noticiasveraces.com\/index.php?rest_route=\/wp\/v2\/posts\/21370","targetHints":{"allow":["GET"]}}],"collection":[{"href":"https:\/\/noticiasveraces.com\/index.php?rest_route=\/wp\/v2\/posts"}],"about":[{"href":"https:\/\/noticiasveraces.com\/index.php?rest_route=\/wp\/v2\/types\/post"}],"author":[{"embeddable":true,"href":"https:\/\/noticiasveraces.com\/index.php?rest_route=\/wp\/v2\/users\/1"}],"replies":[{"embeddable":true,"href":"https:\/\/noticiasveraces.com\/index.php?rest_route=%2Fwp%2Fv2%2Fcomments&post=21370"}],"version-history":[{"count":0,"href":"https:\/\/noticiasveraces.com\/index.php?rest_route=\/wp\/v2\/posts\/21370\/revisions"}],"wp:featuredmedia":[{"embeddable":true,"href":"https:\/\/noticiasveraces.com\/index.php?rest_route=\/wp\/v2\/media\/21372"}],"wp:attachment":[{"href":"https:\/\/noticiasveraces.com\/index.php?rest_route=%2Fwp%2Fv2%2Fmedia&parent=21370"}],"wp:term":[{"taxonomy":"category","embeddable":true,"href":"https:\/\/noticiasveraces.com\/index.php?rest_route=%2Fwp%2Fv2%2Fcategories&post=21370"},{"taxonomy":"post_tag","embeddable":true,"href":"https:\/\/noticiasveraces.com\/index.php?rest_route=%2Fwp%2Fv2%2Ftags&post=21370"}],"curies":[{"name":"wp","href":"https:\/\/api.w.org\/{rel}","templated":true}]}}