{"id":21367,"date":"2025-04-03T06:51:03","date_gmt":"2025-04-03T10:51:03","guid":{"rendered":"https:\/\/noticiasveraces.com\/?p=21367"},"modified":"2025-04-03T06:51:03","modified_gmt":"2025-04-03T10:51:03","slug":"rubio-llega-a-bruselas-para-las-conversaciones-de-la-otan-en-medio-de-inquietud-sobre-la-agenda-de-trump","status":"publish","type":"post","link":"https:\/\/noticiasveraces.com\/?p=21367","title":{"rendered":"Rubio llega a Bruselas para las conversaciones de la OTAN en medio de inquietud sobre la agenda de Trump"},"content":{"rendered":"<p> \n<\/p>\n<div>\n<p class=\"speakable\">El secretario de estado, Marco Rubio, y el embajador de los Estados Unidos a la OTAN Matthew Whitaker llegaron a Bruselas el jueves para conversaciones que los aliados esperan arrojar\u00e1n luz sobre los planes futuros de los Estados Unidos en Europa. <\/p>\n<p class=\"speakable\">La llegada de Rubio se produce cuando los aliados europeos y Canad\u00e1 est\u00e1n preocupados por la disposici\u00f3n del presidente Donald Trump para acercarse al l\u00edder ruso Vladimir Putin, quien ve a la OTAN como una amenaza. Los recientes comentarios e insultos de la Casa Blanca dirigidos a los aliados de la OTAN, as\u00ed como la propia alianza militar, han dado alarma y confusi\u00f3n. <\/p>\n<p>Las nuevas tarifas de Trump se han hecho m\u00e1s inciertas por los nuevos aranceles de Trump dirigidos a amigos y enemigos de los Estados Unidos por igual. El d\u00eda anterior a la llegada de Rubio, Trump emiti\u00f3 una orden ejecutiva, estableciendo una tarifa de referencia m\u00ednima del 10% en todas las importaciones.<\/p>\n<p>Desde que el Secretario de Defensa, Pete Hegseth, advirti\u00f3 el mes pasado que las prioridades de seguridad de los Estados Unidos se encuentran en otra parte, en Asia y en las fronteras de los Estados Unidos, los europeos han esperado para saber cu\u00e1n grande podr\u00eda ser un retraso militar en Europa y qu\u00e9 tan r\u00e1pido puede suceder.<\/p>\n<p><strong>El efecto de Trump obliga a Alemania a priorizar la defensa a medida que la naci\u00f3n juega en el gasto militar<\/strong><\/p>\n<div class=\"image-ct inline\">\n<div class=\"m\"><picture><source media=\"(max-width: 767px)\" srcset=\"https:\/\/a57.foxnews.com\/static.foxnews.com\/foxnews.com\/content\/uploads\/2025\/04\/343\/192\/rubio.png?ve=1&amp;tl=1, https:\/\/a57.foxnews.com\/static.foxnews.com\/foxnews.com\/content\/uploads\/2025\/04\/686\/384\/rubio.png?ve=1&amp;tl=1 2x\" height=\"192\" width=\"343\"><source media=\"(min-width: 768px) and (max-width: 1023px)\" srcset=\"https:\/\/a57.foxnews.com\/static.foxnews.com\/foxnews.com\/content\/uploads\/2025\/04\/672\/378\/rubio.png?ve=1&amp;tl=1, https:\/\/a57.foxnews.com\/static.foxnews.com\/foxnews.com\/content\/uploads\/2025\/04\/1344\/756\/rubio.png?ve=1&amp;tl=1 2x\" height=\"378\" width=\"672\"><source media=\"(min-width: 1024px) and (max-width: 1279px)\" srcset=\"https:\/\/a57.foxnews.com\/static.foxnews.com\/foxnews.com\/content\/uploads\/2025\/04\/931\/523\/rubio.png?ve=1&amp;tl=1, https:\/\/a57.foxnews.com\/static.foxnews.com\/foxnews.com\/content\/uploads\/2025\/04\/1862\/1046\/rubio.png?ve=1&amp;tl=1 2x\" height=\"523\" width=\"931\"><source media=\"(min-width: 1280px)\" srcset=\"https:\/\/a57.foxnews.com\/static.foxnews.com\/foxnews.com\/content\/uploads\/2025\/04\/720\/405\/rubio.png?ve=1&amp;tl=1, https:\/\/a57.foxnews.com\/static.foxnews.com\/foxnews.com\/content\/uploads\/2025\/04\/1440\/810\/rubio.png?ve=1&amp;tl=1 2x\" height=\"405\" width=\"720\"><img loading=\"lazy\" decoding=\"async\" src=\"https:\/\/a57.foxnews.com\/static.foxnews.com\/foxnews.com\/content\/uploads\/2025\/04\/1200\/675\/rubio.png?ve=1&amp;tl=1\" alt=\"marco rubio\" width=\"1200\" height=\"675\"\/><\/source><\/source><\/source><\/source><\/picture><\/div>\n<div class=\"info\">\n<div class=\"caption\">\n<p><span>El secretario de Estado, Marco Rubio, abarca su avi\u00f3n en la Base Conjunta Andrews, Maryland, el mi\u00e9rcoles 2 de abril de 2025, en camino a la OTAN en B\u00e9lgica.<\/span> <span>(Photo AP\/Jacquelyn Martin)<\/span><\/p>\n<\/div>\n<\/div>\n<\/div>\n<p>En Europa y Canad\u00e1, los gobiernos est\u00e1n trabajando en planes de \u00abcambio de carga\u00bb para hacerse cargo de m\u00e1s de la carga, mientras intentan garantizar que no se cree vac\u00edo de seguridad si las tropas y equipos estadounidenses se retiran del continente.<\/p>\n<p>Estos aliados est\u00e1n ansiosos por saber de Rubio cu\u00e1les son las intenciones de la administraci\u00f3n Trump y esperan asegurar alg\u00fan tipo de hoja de ruta que presente lo que suceder\u00e1 despu\u00e9s y cu\u00e1ndo, para que puedan sincronizar la planificaci\u00f3n y usar fuerzas europeas para conectar cualquier brecha.<\/p>\n<div class=\"image-ct inline\">\n<div class=\"m\"><picture><source media=\"(max-width: 767px)\" srcset=\"https:\/\/a57.foxnews.com\/static.foxnews.com\/foxnews.com\/content\/uploads\/2024\/02\/343\/192\/NATO.jpg?ve=1&amp;tl=1, https:\/\/a57.foxnews.com\/static.foxnews.com\/foxnews.com\/content\/uploads\/2024\/02\/686\/384\/NATO.jpg?ve=1&amp;tl=1 2x\" height=\"192\" width=\"343\"><source media=\"(min-width: 768px) and (max-width: 1023px)\" srcset=\"https:\/\/a57.foxnews.com\/static.foxnews.com\/foxnews.com\/content\/uploads\/2024\/02\/672\/378\/NATO.jpg?ve=1&amp;tl=1, https:\/\/a57.foxnews.com\/static.foxnews.com\/foxnews.com\/content\/uploads\/2024\/02\/1344\/756\/NATO.jpg?ve=1&amp;tl=1 2x\" height=\"378\" width=\"672\"><source media=\"(min-width: 1024px) and (max-width: 1279px)\" srcset=\"https:\/\/a57.foxnews.com\/static.foxnews.com\/foxnews.com\/content\/uploads\/2024\/02\/931\/523\/NATO.jpg?ve=1&amp;tl=1, https:\/\/a57.foxnews.com\/static.foxnews.com\/foxnews.com\/content\/uploads\/2024\/02\/1862\/1046\/NATO.jpg?ve=1&amp;tl=1 2x\" height=\"523\" width=\"931\"><source media=\"(min-width: 1280px)\" srcset=\"https:\/\/a57.foxnews.com\/static.foxnews.com\/foxnews.com\/content\/uploads\/2024\/02\/720\/405\/NATO.jpg?ve=1&amp;tl=1, https:\/\/a57.foxnews.com\/static.foxnews.com\/foxnews.com\/content\/uploads\/2024\/02\/1440\/810\/NATO.jpg?ve=1&amp;tl=1 2x\" height=\"405\" width=\"720\"><img loading=\"lazy\" decoding=\"async\" src=\"https:\/\/a57.foxnews.com\/static.foxnews.com\/foxnews.com\/content\/uploads\/2024\/02\/1200\/675\/NATO.jpg?ve=1&amp;tl=1\" alt=\"Personaje de construcci\u00f3n de la OTAN\" width=\"1200\" height=\"675\"\/><\/source><\/source><\/source><\/source><\/picture><\/div>\n<div class=\"info\">\n<div class=\"caption\">\n<p><span>Banners fuera de la sede de la OTAN en Bruselas, B\u00e9lgica. <\/span> <span>(Reuters\/Yves Herman)<\/span><\/p>\n<\/div>\n<\/div>\n<\/div>\n<p>Recientemente confirm\u00f3 que el embajador de los Estados Unidos ante la OTAN Matt Whitaker dijo que la alianza \u00abser\u00e1 m\u00e1s fuerte y m\u00e1s efectiva que nunca\u00bb bajo el liderazgo de Trump.<\/p>\n<p>\u00abCreo que una OTAN robusta puede continuar sirviendo como una base de paz y prosperidad\u00bb, dijo Whitaker en un comunicado, y agreg\u00f3: \u00abLa vitalidad de la OTAN se basa en cada aliado que hace su parte justa\u00bb.<\/p>\n<div class=\"image-ct inline\">\n<div class=\"m\"><picture><source media=\"(max-width: 767px)\" srcset=\"https:\/\/a57.foxnews.com\/static.foxnews.com\/foxnews.com\/content\/uploads\/2025\/02\/343\/192\/hesgeth-nato.jpg?ve=1&amp;tl=1, https:\/\/a57.foxnews.com\/static.foxnews.com\/foxnews.com\/content\/uploads\/2025\/02\/686\/384\/hesgeth-nato.jpg?ve=1&amp;tl=1 2x\" height=\"192\" width=\"343\"><source media=\"(min-width: 768px) and (max-width: 1023px)\" srcset=\"https:\/\/a57.foxnews.com\/static.foxnews.com\/foxnews.com\/content\/uploads\/2025\/02\/672\/378\/hesgeth-nato.jpg?ve=1&amp;tl=1, https:\/\/a57.foxnews.com\/static.foxnews.com\/foxnews.com\/content\/uploads\/2025\/02\/1344\/756\/hesgeth-nato.jpg?ve=1&amp;tl=1 2x\" height=\"378\" width=\"672\"><source media=\"(min-width: 1024px) and (max-width: 1279px)\" srcset=\"https:\/\/a57.foxnews.com\/static.foxnews.com\/foxnews.com\/content\/uploads\/2025\/02\/931\/523\/hesgeth-nato.jpg?ve=1&amp;tl=1, https:\/\/a57.foxnews.com\/static.foxnews.com\/foxnews.com\/content\/uploads\/2025\/02\/1862\/1046\/hesgeth-nato.jpg?ve=1&amp;tl=1 2x\" height=\"523\" width=\"931\"><source media=\"(min-width: 1280px)\" srcset=\"https:\/\/a57.foxnews.com\/static.foxnews.com\/foxnews.com\/content\/uploads\/2025\/02\/720\/405\/hesgeth-nato.jpg?ve=1&amp;tl=1, https:\/\/a57.foxnews.com\/static.foxnews.com\/foxnews.com\/content\/uploads\/2025\/02\/1440\/810\/hesgeth-nato.jpg?ve=1&amp;tl=1 2x\" height=\"405\" width=\"720\"><img loading=\"lazy\" decoding=\"async\" src=\"https:\/\/a57.foxnews.com\/static.foxnews.com\/foxnews.com\/content\/uploads\/2025\/02\/1200\/675\/hesgeth-nato.jpg?ve=1&amp;tl=1\" alt=\"Pete Hegseth en la sede de la OTAN\" width=\"1200\" height=\"675\"\/><\/source><\/source><\/source><\/source><\/picture><\/div>\n<div class=\"info\">\n<div class=\"caption\">\n<p><span>El Secretario de Defensa de los Estados Unidos, Pete Hegseth, celebra su conferencia de prensa final al final de las reuniones de los ministros de defensa en la sede de la OTAN el 13 de febrero de 2025 en Bruselas, B\u00e9lgica.<\/span> <span>(Omar Havana\/Getty Images)<\/span><\/p>\n<\/div>\n<\/div>\n<\/div>\n<p>Whitaker afirm\u00f3 el compromiso de los Estados Unidos con la garant\u00eda de seguridad colectiva de la OTAN, que dice que un ataque contra cualquier aliado debe considerarse un ataque contra todos ellos, pero que su informe tambi\u00e9n ser\u00eda alentar a Europa a liderar \u00abla paz, la seguridad y la reconstrucci\u00f3n de Ucrania\u00bb.<\/p>\n<p><strong>Haga clic aqu\u00ed para obtener la aplicaci\u00f3n Fox News<\/strong><\/p>\n<p>Whitaker tambi\u00e9n dijo que los aliados deber\u00edan demostrar que la OTAN toma en serio las amenazas de China.<\/p>\n<p> <!----> <\/p>\n<div class=\"article-meta\">\n<div class=\"author-bio\">\n<p>Bradford Betz es un reportero de Fox News Digital Breaking que cubre el crimen, los problemas pol\u00edticos y mucho m\u00e1s. <\/p>\n<\/div>\n<\/div>\n<\/div>\n\n","protected":false},"excerpt":{"rendered":"<p>El secretario de estado, Marco Rubio, y el embajador de los Estados Unidos a la OTAN Matthew Whitaker llegaron a Bruselas el jueves para conversaciones que los aliados esperan arrojar\u00e1n luz sobre los planes futuros de los Estados Unidos en Europa. La llegada de Rubio se produce cuando los aliados europeos y Canad\u00e1 est\u00e1n preocupados &hellip;<\/p>\n","protected":false},"author":1,"featured_media":21369,"comment_status":"open","ping_status":"open","sticky":false,"template":"","format":"standard","meta":{"fifu_image_url":"https:\/\/static.foxnews.com\/foxnews.com\/content\/uploads\/2025\/04\/rubio.png","fifu_image_alt":"","footnotes":""},"categories":[13],"tags":[],"class_list":["post-21367","post","type-post","status-publish","format-standard","has-post-thumbnail","","category-mundo"],"_links":{"self":[{"href":"https:\/\/noticiasveraces.com\/index.php?rest_route=\/wp\/v2\/posts\/21367","targetHints":{"allow":["GET"]}}],"collection":[{"href":"https:\/\/noticiasveraces.com\/index.php?rest_route=\/wp\/v2\/posts"}],"about":[{"href":"https:\/\/noticiasveraces.com\/index.php?rest_route=\/wp\/v2\/types\/post"}],"author":[{"embeddable":true,"href":"https:\/\/noticiasveraces.com\/index.php?rest_route=\/wp\/v2\/users\/1"}],"replies":[{"embeddable":true,"href":"https:\/\/noticiasveraces.com\/index.php?rest_route=%2Fwp%2Fv2%2Fcomments&post=21367"}],"version-history":[{"count":0,"href":"https:\/\/noticiasveraces.com\/index.php?rest_route=\/wp\/v2\/posts\/21367\/revisions"}],"wp:featuredmedia":[{"embeddable":true,"href":"https:\/\/noticiasveraces.com\/index.php?rest_route=\/wp\/v2\/media\/21369"}],"wp:attachment":[{"href":"https:\/\/noticiasveraces.com\/index.php?rest_route=%2Fwp%2Fv2%2Fmedia&parent=21367"}],"wp:term":[{"taxonomy":"category","embeddable":true,"href":"https:\/\/noticiasveraces.com\/index.php?rest_route=%2Fwp%2Fv2%2Fcategories&post=21367"},{"taxonomy":"post_tag","embeddable":true,"href":"https:\/\/noticiasveraces.com\/index.php?rest_route=%2Fwp%2Fv2%2Ftags&post=21367"}],"curies":[{"name":"wp","href":"https:\/\/api.w.org\/{rel}","templated":true}]}}