{"id":21346,"date":"2025-04-03T03:39:25","date_gmt":"2025-04-03T07:39:25","guid":{"rendered":"https:\/\/noticiasveraces.com\/?p=21346"},"modified":"2025-04-03T03:39:25","modified_gmt":"2025-04-03T07:39:25","slug":"la-prision-de-silivri-simbolo-de-la-represion-en-turquia-dw-02-04-2025","status":"publish","type":"post","link":"https:\/\/noticiasveraces.com\/?p=21346","title":{"rendered":"La prisi\u00f3n de Silivri, s\u00edmbolo de la represi\u00f3n en Turqu\u00eda \u2013 DW \u2013 02\/04\/2025"},"content":{"rendered":"<p> \n<\/p>\n<div>\n<p>\u00abEl futuro pol\u00edtico de Turqu\u00eda\u00a0est\u00e1 germinando en las celdas de esta prisi\u00f3n\u00bb, dijo Cemil Tugay, alcalde de la ciudad occidental de Izmir, despu\u00e9s de visitar a Ekrem Imamoglu, el depuesto alcalde de Estambul, y a otros\u00a0presos pol\u00edticos a principios de esta semana.<\/p>\n<p>El Campus Centro Penitenciario de M\u00e1rmara, como se le llama oficialmente, est\u00e1 situado en el municipio de Silivri, a unos 70 kil\u00f3metros del centro de Estambul.<\/p>\n<p>Inaugurado en 2008, la instalaci\u00f3n fue dise\u00f1ada originalmente como el centro de detenci\u00f3n m\u00e1s grande de Turqu\u00eda y, con el paso de los a\u00f1os, se convirti\u00f3 en la mayor prisi\u00f3n de m\u00e1xima seguridad de Europa. Las organizaciones de derechos humanos la describen como un \u00abcampo de internamiento\u201d para miembros de la oposici\u00f3n, cr\u00edticos del r\u00e9gimen y kurdos.<\/p>\n<p>Seg\u00fan informaci\u00f3n oficial, cubre una superficie de m\u00e1s de un kil\u00f3metro cuadrado e incluye diez complejos de detenci\u00f3n, un hospital y varias salas de audiencias.\u00a0Adem\u00e1s, hay 500 unidades residenciales, as\u00ed como una escuela primaria, una guarder\u00eda, un centro comercial y otras instalaciones para el personal.<\/p>\n<p>Originalmente dise\u00f1ada para 11.000 prisioneros, la prisi\u00f3n alberg\u00f3 temporalmente a hasta 23.000 reclusos a finales de 2019, seg\u00fan el Comit\u00e9 de Derechos Humanos del Parlamento turco, lo que indica un hacinamiento significativo.<\/p>\n<p>La prisi\u00f3n de Silivri se ha convertido en un s\u00edmbolo de la opresi\u00f3n en Turqu\u00eda.<\/p>\n<figure class=\"placeholder-image master_landscape big\"><img data-format=\"MASTER_LANDSCAPE\" data-id=\"72084817\" data-url=\"https:\/\/static.dw.com\/image\/72084817_${formatId}.jpg\" data-aspect-ratio=\"16\/9\" alt=\"El alcalde de Estambul, Ekrem \u0130mamoglu, en una imagen de archivo. \" style=\"padding-bottom: 56.25%; height: 0; max-height: 0;\"\/><figcaption class=\"img-caption\">Ekrem Imamoglu era alcalde de Estambul, fue depuesto de su cargo y est\u00e1 preso en Silivri: su arresto ha provocado violentas protestas en Turqu\u00eda.<small class=\"copyright\">Imagen: Kemal Aslan\/Depo Photos\/Abaca\/Picture Alliance<\/small><\/figcaption><\/figure>\n<h2>Silivri: una prisi\u00f3n bajo cr\u00edtica<\/h2>\n<p>El municipio de Silivri es tradicionalmente conocido por sus suelos f\u00e9rtiles y sus extensos campos de girasoles, la pintoresca costa de 30 kil\u00f3metros y una atm\u00f3sfera liberal. Pero desde que se construy\u00f3 la prisi\u00f3n, en 2008, la imagen de la ciudad ha cambiado totalmente.<\/p>\n<p>El hecho de que conocidos cr\u00edticos del gobierno, figuras de la oposici\u00f3n e intelectuales est\u00e9n presos, ha colocado a Silivri en el foco de atenci\u00f3n nacional e internacional. El reciente encarcelamiento all\u00ed del depuesto alcalde de Estambul, Ekrem Imamoglu, ha exacerbado a\u00fan m\u00e1s la situaci\u00f3n ya, de por s\u00ed, tensa.<\/p>\n<p>El internacionalmente reconocido activista de derechos humanos y mecenas cultural Osman Kavala, acusado de intento de golpe de Estado, tambi\u00e9n se encuentra en Silivri desde 2017. As\u00ed como\u00a0el presidente del partido populista de derecha Partido de la Victoria, \u00dcmit \u00d6zdag, el diputado Can Atalay, del Partido de los Trabajadores de Turqu\u00eda (TIP), el conocido urbanista Tayfun Kahraman, la cineasta Cigdem Mater y la agente art\u00edstica Ayse Barim.<\/p>\n<p>En Silivri, tambi\u00e9n estuvieron encarcelados en el pasado ciudadanos extranjeros como el activista alem\u00e1n de derechos humanos Peter Steudtner y el\u00a0periodista del diario <em>Roncha<\/em> Deniz Y\u00fccel.<\/p>\n<p>El trabajador social de la ciudad alemana de Colonia Adil Demirci tambi\u00e9n estuvo preso all\u00ed durante diez meses.\u00a0Sus experiencias las proces\u00f3 en un libro titulado <em>\u00abCell B-28\u00bb<\/em> (Celda\u00a0B-28).<\/p>\n<figure class=\"placeholder-image master_landscape big\"><img data-format=\"MASTER_LANDSCAPE\" data-id=\"65554989\" data-url=\"https:\/\/static.dw.com\/image\/65554989_${formatId}.jpg\" data-aspect-ratio=\"16\/9\" alt=\"Osman Kavala, preso en la c\u00e1rcel de Silivri desde 2017.\" style=\"padding-bottom: 56.25%; height: 0; max-height: 0;\"\/><figcaption class=\"img-caption\">El internacionalmente reconocido activista de derechos humanos y mecenas culturla Osman Kavala est\u00e1 en la prisi\u00f3n de Silivri desde 2017.<small class=\"copyright\">Imagen: DW<\/small><\/figcaption><\/figure>\n<p>En entrevista con Deutsche Welle, describi\u00f3 el ambiente opresivo de la prisi\u00f3n: \u00abAl principio me alojaron en una celda de aislamiento en el bloque 9 y s\u00f3lo pod\u00eda hablar con los reclusos vecinos a trav\u00e9s de la puerta protectora. Era la \u00fanica manera\u00bb, dijo. Posteriormente fue trasladado a una celda para tres personas junto a otros dos presos.<\/p>\n<p>El bloque 9 de Silivri es conocido por albergar exclusivamente a presos pol\u00edticos, seg\u00fan inform\u00f3 la Asociaci\u00f3n de la Sociedad Civil Turca en el Sistema Penitenciario (CISST).<\/p>\n<p>En 2022, los residentes y el\u00a0alcalde de Silivri exigieron un cambio de nombre para la prisi\u00f3n, ya que el nombre estaba asociado casi exclusivamente con la prisi\u00f3n, y ya no con su costa o su comunidad. Desde entonces, se denomina oficialmente \u00abCampus Centro Penitenciario de M\u00e1rmara\u00bb.<\/p>\n<p><span data-slot-id=\"Article_InContent-1\" class=\"rich-text-ad\"\/><\/p>\n<h2>Aislamiento: una forma de tortura<\/h2>\n<p>Sebnem Korur Fincanci, presidenta de la Fundaci\u00f3n Turca de Derechos Humanos y ganadora del Premio de la Paz de Hesse (Alemania), expresa profunda preocupaci\u00f3n por las condiciones en las c\u00e1rceles de alta seguridad como Silivri. Los presos est\u00e1n en gran parte aislados en sus celdas, sin ning\u00fan contacto con otros reclusos. Este aislamiento, seg\u00fan Fincanci, constituye una forma de tortura, ya que adem\u00e1s de la pena de prisi\u00f3n, los presos tambi\u00e9n se ven privados de la interacci\u00f3n social b\u00e1sica.<\/p>\n<p>Seg\u00fan la reconocida pat\u00f3loga forense, muchos reclusos denunciaron celdas que apenas recib\u00edan luz solar debido a los altos muros y los enormes bloques de hormig\u00f3n, y que apenas ten\u00edan calefacci\u00f3n en los fr\u00edos d\u00edas de invierno.<\/p>\n<p>Seg\u00fan CISST, las c\u00e1rceles turcas est\u00e1n superpobladas. En 2022, m\u00e1s de 300.000 presos estaban alojados en 265 c\u00e1rceles cerradas: solo Rusia tiene m\u00e1s en Europa. Estas cifras ilustran la alarmante situaci\u00f3n.<\/p>\n<p>Korur Fincanci se\u00f1ala que esa cifra ha aumentado ahora a\u00fan m\u00e1s. El hacinamiento provoca graves problemas, como un suministro insuficiente de agua y medicamentos, desnutrici\u00f3n, malas condiciones de higiene y una grave falta de espacio para dormir. \u00abA veces los reclusos tienen que dormir por turnos\u00bb, afirm\u00f3.<\/p>\n<h2>Reuni\u00f3n selectiva de opositores pol\u00edticos<\/h2>\n<p>La Fundaci\u00f3n Turca de Derechos Humanos ha detectado una tendencia preocupante: cada vez m\u00e1s abogados denuncian que sus clientes son internados deliberadamente en c\u00e1rceles con presos de bandos pol\u00edticos opuestos. Sebnem Korur Fincanci traza un paralelo inquietante con las condiciones durante el golpe militar de la d\u00e9cada de 1980.<\/p>\n<p>De esta manera, los presos no s\u00f3lo est\u00e1n expuestos a la presi\u00f3n y represi\u00f3n por parte del personal penitenciario, sino tambi\u00e9n a la tensi\u00f3n constante y al acoso por parte de grupos de presos rivales. Esta reuni\u00f3n deliberada de opositores pol\u00edticos crea un clima de miedo y desconfianza dentro de la prisi\u00f3n y agrava significativamente la situaci\u00f3n ya precaria de los presos pol\u00edticos.<\/p>\n<p>(RMR\/CP)<\/p>\n<\/p>\n<\/div>\n\n","protected":false},"excerpt":{"rendered":"<p>\u00abEl futuro pol\u00edtico de Turqu\u00eda\u00a0est\u00e1 germinando en las celdas de esta prisi\u00f3n\u00bb, dijo Cemil Tugay, alcalde de la ciudad occidental de Izmir, despu\u00e9s de visitar a Ekrem Imamoglu, el depuesto alcalde de Estambul, y a otros\u00a0presos pol\u00edticos a principios de esta semana. El Campus Centro Penitenciario de M\u00e1rmara, como se le llama oficialmente, est\u00e1 situado &hellip;<\/p>\n","protected":false},"author":1,"featured_media":21347,"comment_status":"open","ping_status":"open","sticky":false,"template":"","format":"standard","meta":{"fifu_image_url":"https:\/\/static.dw.com\/image\/64223819_6.jpg","fifu_image_alt":"","footnotes":""},"categories":[13],"tags":[],"class_list":["post-21346","post","type-post","status-publish","format-standard","has-post-thumbnail","","category-mundo"],"_links":{"self":[{"href":"https:\/\/noticiasveraces.com\/index.php?rest_route=\/wp\/v2\/posts\/21346","targetHints":{"allow":["GET"]}}],"collection":[{"href":"https:\/\/noticiasveraces.com\/index.php?rest_route=\/wp\/v2\/posts"}],"about":[{"href":"https:\/\/noticiasveraces.com\/index.php?rest_route=\/wp\/v2\/types\/post"}],"author":[{"embeddable":true,"href":"https:\/\/noticiasveraces.com\/index.php?rest_route=\/wp\/v2\/users\/1"}],"replies":[{"embeddable":true,"href":"https:\/\/noticiasveraces.com\/index.php?rest_route=%2Fwp%2Fv2%2Fcomments&post=21346"}],"version-history":[{"count":0,"href":"https:\/\/noticiasveraces.com\/index.php?rest_route=\/wp\/v2\/posts\/21346\/revisions"}],"wp:featuredmedia":[{"embeddable":true,"href":"https:\/\/noticiasveraces.com\/index.php?rest_route=\/wp\/v2\/media\/21347"}],"wp:attachment":[{"href":"https:\/\/noticiasveraces.com\/index.php?rest_route=%2Fwp%2Fv2%2Fmedia&parent=21346"}],"wp:term":[{"taxonomy":"category","embeddable":true,"href":"https:\/\/noticiasveraces.com\/index.php?rest_route=%2Fwp%2Fv2%2Fcategories&post=21346"},{"taxonomy":"post_tag","embeddable":true,"href":"https:\/\/noticiasveraces.com\/index.php?rest_route=%2Fwp%2Fv2%2Ftags&post=21346"}],"curies":[{"name":"wp","href":"https:\/\/api.w.org\/{rel}","templated":true}]}}