{"id":21344,"date":"2025-04-03T02:37:28","date_gmt":"2025-04-03T06:37:28","guid":{"rendered":"https:\/\/noticiasveraces.com\/?p=21344"},"modified":"2025-04-03T02:37:28","modified_gmt":"2025-04-03T06:37:28","slug":"al-menos-96-muertos-por-ataques-de-las-far-en-sudan-dw-03-04-2025","status":"publish","type":"post","link":"https:\/\/noticiasveraces.com\/?p=21344","title":{"rendered":"Al menos 96 muertos por ataques de las FAR en Sud\u00e1n \u2013 DW \u2013 03\/04\/2025"},"content":{"rendered":"<p> \n<\/p>\n<div>\n<p>Al menos 96 personas murieron durante la \u00faltima semana por ataques del grupo paramilitar Fuerzas de Apoyo R\u00e1pido (FAR) en el sur de la ciudad de Omdurm\u00e1n, vecina a Jartum, despu\u00e9s de que los armados se retiraran de la capital de Sud\u00e1n hace siete d\u00edas, dijo este mi\u00e9rcoles (02.04.2025) un responsable tribal.<\/p>\n<p>Saif al Din Ahmed, el portavoz de la tribu de Al Yomuaiya, que se encuentra en la zona rural del sur de Omdurm\u00e1n, indic\u00f3 en un comunicado que las aldeas de esa zona fueron \u00abobjeto de ataques de represalia por parte de las Fuerzas de Apoyo R\u00e1pido que se retiraban de la zona de Yebel Auliya, despu\u00e9s de que el Ej\u00e9rcito recuperara todo Jartum y Yebel Auliya\u00bb.<\/p>\n<p>La cifra de v\u00edctimas de esos ataques de las FAR, seg\u00fan el responsable, es de \u00ab96 muertos y m\u00e1s de 70 heridos\u00bb, aunque el n\u00famero podr\u00eda aumentar \u00abdada la dificultad de localizar y contabilizar por los cortes de las telecomunicaciones\u00bb.<\/p>\n<p>Hasta el momento, ni el Ej\u00e9rcito sudan\u00e9s ni las FAR se han pronunciado ante esta informaci\u00f3n.<\/p>\n<p>El l\u00edder militar sudan\u00e9s, Abdelfatah al Burhan, declar\u00f3 Jartum \u00ablibre\u00bb de las FAR el pasado mi\u00e9rcoles, casi dos a\u00f1os despu\u00e9s del inicio de la guerra.<\/p>\n<h2>Paramilitares prometen regresar a Jartum<\/h2>\n<p>D\u00edas despu\u00e9s, el l\u00edder de las FAR, Mohamed Hamdan Dagalo, alias Hemedti, reconoci\u00f3 que dejaron Jartum, pero prometi\u00f3 que regresar\u00e1n y cerr\u00f3 la puerta a negociaciones.<\/p>\n<p>La guerra en Sud\u00e1n comenz\u00f3 en abril de 2023 tras el fracaso de las negociaciones entre las FAR y el Ej\u00e9rcito para incluir a los paramilitares en la instituci\u00f3n castrense.<\/p>\n<p>El conflicto ha dejado decenas de miles de muertos y ha desplazado a m\u00e1s de doce millones de personas, entre ellos m\u00e1s de 3,7 millones han huido hacia pa\u00edses vecinos, de los cuales 1,5 millones han huido al vecino Egipto, seg\u00fan cifras de la ONU.<\/p>\n<p>JC (EFE, AFP)<\/p>\n<\/p>\n<\/div>\n\n","protected":false},"excerpt":{"rendered":"<p>Al menos 96 personas murieron durante la \u00faltima semana por ataques del grupo paramilitar Fuerzas de Apoyo R\u00e1pido (FAR) en el sur de la ciudad de Omdurm\u00e1n, vecina a Jartum, despu\u00e9s de que los armados se retiraran de la capital de Sud\u00e1n hace siete d\u00edas, dijo este mi\u00e9rcoles (02.04.2025) un responsable tribal. Saif al Din &hellip;<\/p>\n","protected":false},"author":1,"featured_media":21345,"comment_status":"open","ping_status":"open","sticky":false,"template":"","format":"standard","meta":{"fifu_image_url":"https:\/\/static.dw.com\/image\/72122072_6.jpg","fifu_image_alt":"","footnotes":""},"categories":[13],"tags":[],"class_list":["post-21344","post","type-post","status-publish","format-standard","has-post-thumbnail","","category-mundo"],"_links":{"self":[{"href":"https:\/\/noticiasveraces.com\/index.php?rest_route=\/wp\/v2\/posts\/21344","targetHints":{"allow":["GET"]}}],"collection":[{"href":"https:\/\/noticiasveraces.com\/index.php?rest_route=\/wp\/v2\/posts"}],"about":[{"href":"https:\/\/noticiasveraces.com\/index.php?rest_route=\/wp\/v2\/types\/post"}],"author":[{"embeddable":true,"href":"https:\/\/noticiasveraces.com\/index.php?rest_route=\/wp\/v2\/users\/1"}],"replies":[{"embeddable":true,"href":"https:\/\/noticiasveraces.com\/index.php?rest_route=%2Fwp%2Fv2%2Fcomments&post=21344"}],"version-history":[{"count":0,"href":"https:\/\/noticiasveraces.com\/index.php?rest_route=\/wp\/v2\/posts\/21344\/revisions"}],"wp:featuredmedia":[{"embeddable":true,"href":"https:\/\/noticiasveraces.com\/index.php?rest_route=\/wp\/v2\/media\/21345"}],"wp:attachment":[{"href":"https:\/\/noticiasveraces.com\/index.php?rest_route=%2Fwp%2Fv2%2Fmedia&parent=21344"}],"wp:term":[{"taxonomy":"category","embeddable":true,"href":"https:\/\/noticiasveraces.com\/index.php?rest_route=%2Fwp%2Fv2%2Fcategories&post=21344"},{"taxonomy":"post_tag","embeddable":true,"href":"https:\/\/noticiasveraces.com\/index.php?rest_route=%2Fwp%2Fv2%2Ftags&post=21344"}],"curies":[{"name":"wp","href":"https:\/\/api.w.org\/{rel}","templated":true}]}}