{"id":21334,"date":"2025-04-03T01:17:50","date_gmt":"2025-04-03T05:17:50","guid":{"rendered":"https:\/\/noticiasveraces.com\/?p=21334"},"modified":"2025-04-03T01:17:50","modified_gmt":"2025-04-03T05:17:50","slug":"ec-presidente-de-la-leyen","status":"publish","type":"post","link":"https:\/\/noticiasveraces.com\/?p=21334","title":{"rendered":"EC Presidente de la Leyen"},"content":{"rendered":"<p> \n<br \/><img decoding=\"async\" src=\"https:\/\/media-cldnry.s-nbcnews.com\/image\/upload\/t_fit_1500w\/rockcms\/2025-04\/250403-ursula-von-der-leyen-mn-1200-42bfc8.jpg\" \/><\/p>\n<div>\n<p class=\"body-graf\">La Uni\u00f3n Europea est\u00e1 preparando nuevas contramedidas contra los aranceles estadounidenses si las negociaciones fallan, seg\u00fan la presidenta de la Comisi\u00f3n Europea, Ursula von der Leyen.<\/p>\n<p class=\"body-graf\">El presidente Donald Trump hab\u00eda impuesto aranceles del 20% al bloque el mi\u00e9rcoles.<\/p>\n<p class=\"body-graf\">Hablando en una transmisi\u00f3n en vivo, Von der Leyen dijo que el movimiento de Trump fue un \u00abgran golpe\u00bb para la econom\u00eda mundial.<\/p>\n<p class=\"body-graf\">\u00abParece que no hay ning\u00fan orden en el trastorno, no hay un camino claro hacia la complejidad y el caos que se crea a medida que todos los socios comerciales estadounidenses son golpeados\u00bb, dijo.<\/p>\n<p class=\"body-graf\">\u201cLa incertidumbre en espiral y desencadenar\u00e1 el aumento del mayor proteccionismo, [and] Las consecuencias ser\u00e1n graves para millones de personas en todo el mundo, tambi\u00e9n para los pa\u00edses m\u00e1s vulnerables, que ahora est\u00e1n sujetos a algunas de las tarifas m\u00e1s altas de los Estados Unidos \u201d.<\/p>\n<p class=\"body-graf\">Von der Leyen dijo que estuvo de acuerdo con Trump en que algunos pa\u00edses estaban aprovechando las reglas actuales en el comercio mundial y que la UE estaba lista para apoyar los esfuerzos para que el sistema comercial global sea \u00abapto para las realidades de la econom\u00eda global\u00bb.<\/p>\n<p class=\"body-graf\">Sin embargo, tambi\u00e9n advirti\u00f3 a los Estados Unidos que \u00abalcanzar los aranceles como su primera y \u00faltima herramienta no lo arreglar\u00e1\u00bb.<\/p>\n<p class=\"body-graf\">El bloque hab\u00eda anunciado previamente tareas de represalia despu\u00e9s de que Estados Unidos impusiera aranceles el mes pasado en un intento por proteger a los trabajadores y consumidores europeos. La UE dijo en ese momento que introducir\u00eda contra-tarifas en 26 mil millones de euros ($ 28 mil millones) de bienes en los Estados Unidos.<\/p>\n<p class=\"body-graf\">Los deberes suspendidos previamente, que estaban al menos parcialmente en el primer mandato de Trump como presidente, se reintroducir\u00e1n junto con una serie de deberes adicionales sobre los bienes adicionales.<\/p>\n<p class=\"body-graf\">Se incluiron acero y aluminio de grado industrial y otros productos semifinados y terminados de acero y aluminio, junto con sus productos comerciales derivados, como piezas de maquinaria y agujas de tejer. Una gama de otros productos, como bourbon, productos agr\u00edcolas, art\u00edculos de cuero, electrodom\u00e9sticos y m\u00e1s, tambi\u00e9n estaban en la lista de la UE.<\/p>\n<p class=\"endmark body-graf\">Despu\u00e9s de un aplazamiento, se espera que estas tarifas entren en vigencia a mediados de abril.<\/p>\n<\/div>\n\n","protected":false},"excerpt":{"rendered":"<p>La Uni\u00f3n Europea est\u00e1 preparando nuevas contramedidas contra los aranceles estadounidenses si las negociaciones fallan, seg\u00fan la presidenta de la Comisi\u00f3n Europea, Ursula von der Leyen. El presidente Donald Trump hab\u00eda impuesto aranceles del 20% al bloque el mi\u00e9rcoles. Hablando en una transmisi\u00f3n en vivo, Von der Leyen dijo que el movimiento de Trump fue &hellip;<\/p>\n","protected":false},"author":1,"featured_media":21336,"comment_status":"open","ping_status":"open","sticky":false,"template":"","format":"standard","meta":{"fifu_image_url":"https:\/\/media-cldnry.s-nbcnews.com\/image\/upload\/t_nbcnews-fp-1200-630,f_auto,q_auto:best\/rockcms\/2025-04\/250403-ursula-von-der-leyen-mn-1200-42bfc8.jpg","fifu_image_alt":"","footnotes":""},"categories":[4],"tags":[],"class_list":["post-21334","post","type-post","status-publish","format-standard","has-post-thumbnail","","category-historias-destacadas"],"_links":{"self":[{"href":"https:\/\/noticiasveraces.com\/index.php?rest_route=\/wp\/v2\/posts\/21334","targetHints":{"allow":["GET"]}}],"collection":[{"href":"https:\/\/noticiasveraces.com\/index.php?rest_route=\/wp\/v2\/posts"}],"about":[{"href":"https:\/\/noticiasveraces.com\/index.php?rest_route=\/wp\/v2\/types\/post"}],"author":[{"embeddable":true,"href":"https:\/\/noticiasveraces.com\/index.php?rest_route=\/wp\/v2\/users\/1"}],"replies":[{"embeddable":true,"href":"https:\/\/noticiasveraces.com\/index.php?rest_route=%2Fwp%2Fv2%2Fcomments&post=21334"}],"version-history":[{"count":0,"href":"https:\/\/noticiasveraces.com\/index.php?rest_route=\/wp\/v2\/posts\/21334\/revisions"}],"wp:featuredmedia":[{"embeddable":true,"href":"https:\/\/noticiasveraces.com\/index.php?rest_route=\/wp\/v2\/media\/21336"}],"wp:attachment":[{"href":"https:\/\/noticiasveraces.com\/index.php?rest_route=%2Fwp%2Fv2%2Fmedia&parent=21334"}],"wp:term":[{"taxonomy":"category","embeddable":true,"href":"https:\/\/noticiasveraces.com\/index.php?rest_route=%2Fwp%2Fv2%2Fcategories&post=21334"},{"taxonomy":"post_tag","embeddable":true,"href":"https:\/\/noticiasveraces.com\/index.php?rest_route=%2Fwp%2Fv2%2Ftags&post=21334"}],"curies":[{"name":"wp","href":"https:\/\/api.w.org\/{rel}","templated":true}]}}