{"id":21319,"date":"2025-04-02T21:25:39","date_gmt":"2025-04-03T01:25:39","guid":{"rendered":"https:\/\/noticiasveraces.com\/?p=21319"},"modified":"2025-04-02T21:25:39","modified_gmt":"2025-04-03T01:25:39","slug":"john-wick-5-protagonizado-por-keanu-reeves-confirmo-junto-con-dos-peliculas-mas-peliculas-entretenimiento","status":"publish","type":"post","link":"https:\/\/noticiasveraces.com\/?p=21319","title":{"rendered":"John Wick 5 protagonizado por Keanu Reeves confirm\u00f3 junto con dos pel\u00edculas m\u00e1s | Pel\u00edculas | Entretenimiento"},"content":{"rendered":"<p> \n<\/p>\n<div>\n<p>John Wick pareci\u00f3 patear el cubo en el Cap\u00edtulo 4, pero nunca vimos un cuerpo, solo un hombre herido y luego su tumba.<\/p>\n<p>Dado el \u00e9xito de la taquilla de la franquicia cinematogr\u00e1fica, Lionsgate pronto confirm\u00f3 que John Wick 5 estaba en proceso.<\/p>\n<p>Mientras tanto, tenemos a Ballerina, un spin-off protagonizado por Ana de Armas ambientada entre los cap\u00edtulos 3 y 4.<\/p>\n<p>Como resultado, Keanu Reeves regresa al cameo en la nueva pel\u00edcula, que sale este verano.<\/p>\n<p>En entrevistas recientes, se le pregunt\u00f3 a la estrella titular sobre resucitar a su asesino y ahora Lionsgate ha confirmado que protagonizar\u00e1 John Wick 5 junto con anunciar otras dos pel\u00edculas.<\/p>\n<\/div>\n<div>\n<p>Durante su tragamonedas en Cinemacon en Las Vegas anoche, el estudio confirm\u00f3 que Reeves y el director Chad Stahelski han decidido la historia que quieren contar en John Wick 5. Si eso no fue suficiente, Reeves tambi\u00e9n expresar\u00e1 a su asesino a sueldo en un conjunto de precuelas de anime antes de los eventos de la primera pel\u00edcula. Esta pel\u00edcula trazar\u00e1 su \u00abtarea imposible\u00bb que le permiti\u00f3 retirarse del inframundo de los asesinos.<\/p>\n<\/div>\n<div>\n<p>En cuanto a la tercera pel\u00edcula, la Caine de Donnie Yen, el asesino ciego del Cap\u00edtulo 4 de John Wick, est\u00e1 recibiendo su propio spin-off, seg\u00fan lo bromeado en los cr\u00e9ditos finales de la \u00faltima pel\u00edcula. Las fechas de lanzamiento para tres pel\u00edculas de John Wick recientemente anunciadas a\u00fan no se han confirmado. Pero mientras tanto, del mundo de John Wick: Ballerina llega a los cines el 6 de junio de 2025.<\/p>\n<\/div>\n\n","protected":false},"excerpt":{"rendered":"<p>John Wick pareci\u00f3 patear el cubo en el Cap\u00edtulo 4, pero nunca vimos un cuerpo, solo un hombre herido y luego su tumba. Dado el \u00e9xito de la taquilla de la franquicia cinematogr\u00e1fica, Lionsgate pronto confirm\u00f3 que John Wick 5 estaba en proceso. Mientras tanto, tenemos a Ballerina, un spin-off protagonizado por Ana de Armas &hellip;<\/p>\n","protected":false},"author":1,"featured_media":21320,"comment_status":"open","ping_status":"open","sticky":false,"template":"","format":"standard","meta":{"fifu_image_url":"https:\/\/cdn.images.express.co.uk\/img\/dynamic\/36\/1200x630\/6067774.jpg","fifu_image_alt":"","footnotes":""},"categories":[765],"tags":[],"class_list":["post-21319","post","type-post","status-publish","format-standard","has-post-thumbnail","","category-peliculas"],"_links":{"self":[{"href":"https:\/\/noticiasveraces.com\/index.php?rest_route=\/wp\/v2\/posts\/21319","targetHints":{"allow":["GET"]}}],"collection":[{"href":"https:\/\/noticiasveraces.com\/index.php?rest_route=\/wp\/v2\/posts"}],"about":[{"href":"https:\/\/noticiasveraces.com\/index.php?rest_route=\/wp\/v2\/types\/post"}],"author":[{"embeddable":true,"href":"https:\/\/noticiasveraces.com\/index.php?rest_route=\/wp\/v2\/users\/1"}],"replies":[{"embeddable":true,"href":"https:\/\/noticiasveraces.com\/index.php?rest_route=%2Fwp%2Fv2%2Fcomments&post=21319"}],"version-history":[{"count":0,"href":"https:\/\/noticiasveraces.com\/index.php?rest_route=\/wp\/v2\/posts\/21319\/revisions"}],"wp:featuredmedia":[{"embeddable":true,"href":"https:\/\/noticiasveraces.com\/index.php?rest_route=\/wp\/v2\/media\/21320"}],"wp:attachment":[{"href":"https:\/\/noticiasveraces.com\/index.php?rest_route=%2Fwp%2Fv2%2Fmedia&parent=21319"}],"wp:term":[{"taxonomy":"category","embeddable":true,"href":"https:\/\/noticiasveraces.com\/index.php?rest_route=%2Fwp%2Fv2%2Fcategories&post=21319"},{"taxonomy":"post_tag","embeddable":true,"href":"https:\/\/noticiasveraces.com\/index.php?rest_route=%2Fwp%2Fv2%2Ftags&post=21319"}],"curies":[{"name":"wp","href":"https:\/\/api.w.org\/{rel}","templated":true}]}}