{"id":21307,"date":"2025-04-02T20:22:40","date_gmt":"2025-04-03T00:22:40","guid":{"rendered":"https:\/\/noticiasveraces.com\/?p=21307"},"modified":"2025-04-02T20:22:40","modified_gmt":"2025-04-03T00:22:40","slug":"los-lideres-mundiales-reaccionan-al-anuncio-de-tarifa-del-presidente-trump","status":"publish","type":"post","link":"https:\/\/noticiasveraces.com\/?p=21307","title":{"rendered":"Los l\u00edderes mundiales reaccionan al anuncio de tarifa del presidente Trump"},"content":{"rendered":"<p> \n<\/p>\n<div>\n<p class=\"speakable\">El primer ministro canadiense, Mark Carney, prometi\u00f3 el mi\u00e9rcoles \u00abpelear\u00bb la nueva ronda de tarifas anunciadas por el presidente Donald Trump, y dijo que recurrir\u00eda a otros socios internacionales para superar los tiempos dif\u00edciles. <\/p>\n<p class=\"speakable\">\u00abEl presidente Trump acaba de anunciar una serie de medidas que van a cambiar fundamentalmente el sistema comercial internacional\u00bb, dijo Carney a los periodistas tras el anuncio del jard\u00edn de rosas de Trump. \u00abEstamos en una situaci\u00f3n en la que habr\u00e1 un impacto en la econom\u00eda de los Estados Unidos, que se desarrollar\u00e1 con el tiempo.<\/p>\n<p>\u00abA nuestro juicio, ser\u00e1 negativo en la econom\u00eda de los Estados Unidos que tendr\u00e1 un impacto en nosotros\u00bb, agreg\u00f3, se\u00f1alando que millones de canadienses se ver\u00e1n afectados.<\/p>\n<div class=\"image-ct inline\">\n<div class=\"m\"><picture><source media=\"(max-width: 767px)\" srcset=\"https:\/\/a57.foxnews.com\/static.foxnews.com\/foxnews.com\/content\/uploads\/2025\/03\/343\/192\/mark-carney.jpg?ve=1&amp;tl=1, https:\/\/a57.foxnews.com\/static.foxnews.com\/foxnews.com\/content\/uploads\/2025\/03\/686\/384\/mark-carney.jpg?ve=1&amp;tl=1 2x\" height=\"192\" width=\"343\"><source media=\"(min-width: 768px) and (max-width: 1023px)\" srcset=\"https:\/\/a57.foxnews.com\/static.foxnews.com\/foxnews.com\/content\/uploads\/2025\/03\/672\/378\/mark-carney.jpg?ve=1&amp;tl=1, https:\/\/a57.foxnews.com\/static.foxnews.com\/foxnews.com\/content\/uploads\/2025\/03\/1344\/756\/mark-carney.jpg?ve=1&amp;tl=1 2x\" height=\"378\" width=\"672\"><source media=\"(min-width: 1024px) and (max-width: 1279px)\" srcset=\"https:\/\/a57.foxnews.com\/static.foxnews.com\/foxnews.com\/content\/uploads\/2025\/03\/931\/523\/mark-carney.jpg?ve=1&amp;tl=1, https:\/\/a57.foxnews.com\/static.foxnews.com\/foxnews.com\/content\/uploads\/2025\/03\/1862\/1046\/mark-carney.jpg?ve=1&amp;tl=1 2x\" height=\"523\" width=\"931\"><source media=\"(min-width: 1280px)\" srcset=\"https:\/\/a57.foxnews.com\/static.foxnews.com\/foxnews.com\/content\/uploads\/2025\/03\/720\/405\/mark-carney.jpg?ve=1&amp;tl=1, https:\/\/a57.foxnews.com\/static.foxnews.com\/foxnews.com\/content\/uploads\/2025\/03\/1440\/810\/mark-carney.jpg?ve=1&amp;tl=1 2x\" height=\"405\" width=\"720\"><img loading=\"lazy\" decoding=\"async\" src=\"https:\/\/a57.foxnews.com\/static.foxnews.com\/foxnews.com\/content\/uploads\/2025\/03\/1200\/675\/mark-carney.jpg?ve=1&amp;tl=1\" alt=\"Mark Carney hablando en podio\" width=\"1200\" height=\"675\"\/><\/source><\/source><\/source><\/source><\/picture><\/div>\n<div class=\"info\">\n<div class=\"caption\">\n<p><span>El primer ministro Mark Carney celebra una conferencia de prensa despu\u00e9s de la primera reuni\u00f3n de ministros en el Museo de la Guerra Nacional el viernes 21 de marzo de 2025.<\/span> <span>(Sean Kilpatrick\/The Canadian Press)<\/span><\/p>\n<\/div>\n<\/div>\n<\/div>\n<p><strong>\u00bfQu\u00e9 pa\u00edses imponen las tarifas m\u00e1s altas de los Estados Unidos?<\/strong><\/p>\n<p>Si bien Trump no emiti\u00f3 ning\u00fan arancel adicional contra Canad\u00e1 despu\u00e9s de los aranceles del 25% ya vigentes en todas las importaciones canadienses, el arancel del 10% sobre sus exportaciones de energ\u00eda y la tarifa general de todo aluminio y acero, anunci\u00f3 un arancel del 25% sobre todas las importaciones de veh\u00edculos extranjeros. <\/p>\n<p>Tambi\u00e9n se\u00f1al\u00f3 que Trump dijo que podr\u00eda haber tarifas dirigidas futuras contra compa\u00f1\u00edas farmac\u00e9uticas, madera y semiconductores, aranceles que tendr\u00e1n un gran efecto en los socios comerciales estadounidenses m\u00e1s all\u00e1 de Canad\u00e1 y M\u00e9xico, pero en toda Europa y Asia.<\/p>\n<p>\u00abEn una crisis, es importante unirse\u00bb, dijo Carney. \u00abEs esencial actuar con un prop\u00f3sito y con fuerza, y eso es lo que haremos\u00bb.<\/p>\n<p>Antes del anuncio de la tarifa, el l\u00edder conservador canadiense Pierre Poilievre dijo en un evento de campa\u00f1a electoral el mi\u00e9rcoles que apoya aranceles \u00abrec\u00edprocos y rec\u00edprocos\u00bb sobre los bienes estadounidenses, y si su partido gana las elecciones generales del 28 de abril y se convierte en primer ministro, le gustar\u00eda sentarse con el presidente de Donald Trump y crear un nuevo acuerdo, reemplazar el nuevo acuerdo, reemplazando el acuerdo con el acuerdo de 2020. <\/p>\n<div class=\"image-ct inline\">\n<div class=\"m\"><picture><source media=\"(max-width: 767px)\" srcset=\"https:\/\/a57.foxnews.com\/static.foxnews.com\/foxnews.com\/content\/uploads\/2024\/11\/343\/192\/gettyimages-2160957829.jpg?ve=1&amp;tl=1, https:\/\/a57.foxnews.com\/static.foxnews.com\/foxnews.com\/content\/uploads\/2024\/11\/686\/384\/gettyimages-2160957829.jpg?ve=1&amp;tl=1 2x\" height=\"192\" width=\"343\"><source media=\"(min-width: 768px) and (max-width: 1023px)\" srcset=\"https:\/\/a57.foxnews.com\/static.foxnews.com\/foxnews.com\/content\/uploads\/2024\/11\/672\/378\/gettyimages-2160957829.jpg?ve=1&amp;tl=1, https:\/\/a57.foxnews.com\/static.foxnews.com\/foxnews.com\/content\/uploads\/2024\/11\/1344\/756\/gettyimages-2160957829.jpg?ve=1&amp;tl=1 2x\" height=\"378\" width=\"672\"><source media=\"(min-width: 1024px) and (max-width: 1279px)\" srcset=\"https:\/\/a57.foxnews.com\/static.foxnews.com\/foxnews.com\/content\/uploads\/2024\/11\/931\/523\/gettyimages-2160957829.jpg?ve=1&amp;tl=1, https:\/\/a57.foxnews.com\/static.foxnews.com\/foxnews.com\/content\/uploads\/2024\/11\/1862\/1046\/gettyimages-2160957829.jpg?ve=1&amp;tl=1 2x\" height=\"523\" width=\"931\"><source media=\"(min-width: 1280px)\" srcset=\"https:\/\/a57.foxnews.com\/static.foxnews.com\/foxnews.com\/content\/uploads\/2024\/11\/720\/405\/gettyimages-2160957829.jpg?ve=1&amp;tl=1, https:\/\/a57.foxnews.com\/static.foxnews.com\/foxnews.com\/content\/uploads\/2024\/11\/1440\/810\/gettyimages-2160957829.jpg?ve=1&amp;tl=1 2x\" height=\"405\" width=\"720\"><img loading=\"lazy\" decoding=\"async\" src=\"https:\/\/a57.foxnews.com\/static.foxnews.com\/foxnews.com\/content\/uploads\/2024\/11\/1200\/675\/gettyimages-2160957829.jpg?ve=1&amp;tl=1\" alt=\"Pierre Poilievre Pol\u00edtico canadiense\" width=\"1200\" height=\"675\"\/><\/source><\/source><\/source><\/source><\/picture><\/div>\n<div class=\"info\">\n<div class=\"caption\">\n<p><span>Pierre Poilievre, l\u00edder del Partido Conservador de Canad\u00e1, habla en la Asamblea de la Asamblea General Anual de las Primeras Naciones en Montreal, Quebec, Canad\u00e1, el jueves 11 de julio de 2024. <\/span> <span>(Graham Hughes\/Bloomberg a trav\u00e9s de Getty Images)<\/span><\/p>\n<\/div>\n<\/div>\n<\/div>\n<p>Poilievre tambi\u00e9n dijo que Canad\u00e1 debe mantener el control de su frontera y agua dulce y proteger tanto su industria automotriz como los sectores agr\u00edcolas administrados por suministros.<\/p>\n<p>David Adams, presidente y CEO de Global Faulakers of Canada de Canad\u00e1, una asociaci\u00f3n comercial nacional que representa los intereses canadienses de 16 fabricantes de autom\u00f3viles, incluidos BMW Canada, Inc. y Nissan Canada Inc., dijo en un comunicado, \u00ablos aranceles son impuestos que perjudican a los consumidores al aumentar los costos, aumentar la inflaci\u00f3n e impactar injustamente a los trabajadores en ambos lados de la frontera\u00bb.<\/p>\n<p>\u00abLos gobiernos deber\u00edan buscar soluciones a largo plazo para eliminar estas tarifas, priorizando la eliminaci\u00f3n de las barreras regulatorias para la competitividad de la industria y proporcionar a los fabricantes de autom\u00f3viles flexibilidad para responder en estos tiempos inciertos\u00bb.<\/p>\n<p>Las reacciones de los l\u00edderes de la Uni\u00f3n Europea comenzaron a surgir tras el anuncio de Trump de que alcanzar\u00e1 la UE con un 20% de aranceles sobre todos los bienes importados, con decepci\u00f3n, preocupaci\u00f3n y compromisos para continuar las negociaciones con los Estados Unidos.<\/p>\n<div class=\"image-ct inline\">\n<div class=\"m\"><picture><source media=\"(max-width: 767px)\" srcset=\"https:\/\/a57.foxnews.com\/static.foxnews.com\/foxnews.com\/content\/uploads\/2025\/04\/343\/192\/trumptariffs.png?ve=1&amp;tl=1, https:\/\/a57.foxnews.com\/static.foxnews.com\/foxnews.com\/content\/uploads\/2025\/04\/686\/384\/trumptariffs.png?ve=1&amp;tl=1 2x\" height=\"192\" width=\"343\"><source media=\"(min-width: 768px) and (max-width: 1023px)\" srcset=\"https:\/\/a57.foxnews.com\/static.foxnews.com\/foxnews.com\/content\/uploads\/2025\/04\/672\/378\/trumptariffs.png?ve=1&amp;tl=1, https:\/\/a57.foxnews.com\/static.foxnews.com\/foxnews.com\/content\/uploads\/2025\/04\/1344\/756\/trumptariffs.png?ve=1&amp;tl=1 2x\" height=\"378\" width=\"672\"><source media=\"(min-width: 1024px) and (max-width: 1279px)\" srcset=\"https:\/\/a57.foxnews.com\/static.foxnews.com\/foxnews.com\/content\/uploads\/2025\/04\/931\/523\/trumptariffs.png?ve=1&amp;tl=1, https:\/\/a57.foxnews.com\/static.foxnews.com\/foxnews.com\/content\/uploads\/2025\/04\/1862\/1046\/trumptariffs.png?ve=1&amp;tl=1 2x\" height=\"523\" width=\"931\"><source media=\"(min-width: 1280px)\" srcset=\"https:\/\/a57.foxnews.com\/static.foxnews.com\/foxnews.com\/content\/uploads\/2025\/04\/720\/405\/trumptariffs.png?ve=1&amp;tl=1, https:\/\/a57.foxnews.com\/static.foxnews.com\/foxnews.com\/content\/uploads\/2025\/04\/1440\/810\/trumptariffs.png?ve=1&amp;tl=1 2x\" height=\"405\" width=\"720\"><img loading=\"lazy\" decoding=\"async\" src=\"https:\/\/a57.foxnews.com\/static.foxnews.com\/foxnews.com\/content\/uploads\/2025\/04\/1200\/675\/trumptariffs.png?ve=1&amp;tl=1\" alt=\"Tarifas de Trump\" width=\"1200\" height=\"675\"\/><\/source><\/source><\/source><\/source><\/picture><\/div>\n<div class=\"info\">\n<div class=\"caption\">\n<p><span>El presidente de los Estados Unidos, Donald Trump, celebra una tabla mientras ofrece comentarios sobre aranceles rec\u00edprocos durante un evento en el jard\u00edn de rosas titulado \u00abMake America Wealthy Again\u00bb en la Casa Blanca en Washington, DC, el 2 de abril de 2025.<\/span> <span>(Getty Images)<\/span><\/p>\n<\/div>\n<\/div>\n<\/div>\n<p><strong>Canad\u00e1 mira las consecuencias de la Guerra de la Tarifa de Trump: p\u00e9rdidas de empleos, aumentos de precios de comestibles, posible recesi\u00f3n<\/strong><\/p>\n<p>La primera ministra italiana Giorgia Meloni, generalmente vista como un aliado de Trump, dijo que los aranceles de Trump estaban \u00abequivocados\u00bb y advirti\u00f3 que no solo da\u00f1ar\u00edan los bolsillos estadounidenses y europeos, sino que ayudar\u00edan a los adversarios occidentales.<\/p>\n<p>\u00abHaremos todo lo posible para trabajar para un acuerdo con los Estados Unidos, con el objetivo de evitar una guerra comercial que inevitablemente debilitar\u00eda a Occidente a favor de otros jugadores mundiales\u00bb, dijo Meloni en un comunicado en Facebook.<\/p>\n<p>\u00abEn cualquier caso, como siempre, actuaremos en inter\u00e9s de Italia y su econom\u00eda, tambi\u00e9n comprometiendo con otros socios europeos\u00bb, agreg\u00f3.<\/p>\n<p>El viceprimer ministro de Irlanda, Simon Harris, dijo que \u00ablamenta profundamente[s]\u00bbLas nuevas tarifas, pero dijo que est\u00e1 comprometido a trabajar con Washington para poner fin a esta guerra de tarifas. <\/p>\n<p>\u00abDebo ser honesto esta noche que un arancel general del 20% sobre los bienes de todos los pa\u00edses de la UE podr\u00eda tener un efecto significativo en la inversi\u00f3n irlandesa y la econom\u00eda en general\u00bb, dijo, se\u00f1alando que los efectos \u00abprobablemente se sentir\u00edan por alg\u00fan tiempo\u00bb.<\/p>\n<p>El presidente del Comit\u00e9 de Comercio Internacional del Parlamento Europeo, Bernd Lange, pidi\u00f3 una respuesta unida de los pa\u00edses dirigidos por Trump.<\/p>\n<div class=\"image-ct inline\">\n<div class=\"m\"><picture><source media=\"(max-width: 767px)\" srcset=\"https:\/\/a57.foxnews.com\/static.foxnews.com\/foxnews.com\/content\/uploads\/2025\/04\/343\/192\/ap25092741785057-scaled.jpg?ve=1&amp;tl=1, https:\/\/a57.foxnews.com\/static.foxnews.com\/foxnews.com\/content\/uploads\/2025\/04\/686\/384\/ap25092741785057-scaled.jpg?ve=1&amp;tl=1 2x\" height=\"192\" width=\"343\"><source media=\"(min-width: 768px) and (max-width: 1023px)\" srcset=\"https:\/\/a57.foxnews.com\/static.foxnews.com\/foxnews.com\/content\/uploads\/2025\/04\/672\/378\/ap25092741785057-scaled.jpg?ve=1&amp;tl=1, https:\/\/a57.foxnews.com\/static.foxnews.com\/foxnews.com\/content\/uploads\/2025\/04\/1344\/756\/ap25092741785057-scaled.jpg?ve=1&amp;tl=1 2x\" height=\"378\" width=\"672\"><source media=\"(min-width: 1024px) and (max-width: 1279px)\" srcset=\"https:\/\/a57.foxnews.com\/static.foxnews.com\/foxnews.com\/content\/uploads\/2025\/04\/931\/523\/ap25092741785057-scaled.jpg?ve=1&amp;tl=1, https:\/\/a57.foxnews.com\/static.foxnews.com\/foxnews.com\/content\/uploads\/2025\/04\/1862\/1046\/ap25092741785057-scaled.jpg?ve=1&amp;tl=1 2x\" height=\"523\" width=\"931\"><source media=\"(min-width: 1280px)\" srcset=\"https:\/\/a57.foxnews.com\/static.foxnews.com\/foxnews.com\/content\/uploads\/2025\/04\/720\/405\/ap25092741785057-scaled.jpg?ve=1&amp;tl=1, https:\/\/a57.foxnews.com\/static.foxnews.com\/foxnews.com\/content\/uploads\/2025\/04\/1440\/810\/ap25092741785057-scaled.jpg?ve=1&amp;tl=1 2x\" height=\"405\" width=\"720\"><img loading=\"lazy\" decoding=\"async\" src=\"https:\/\/a57.foxnews.com\/static.foxnews.com\/foxnews.com\/content\/uploads\/2025\/04\/1200\/675\/ap25092741785057-scaled.jpg?ve=1&amp;tl=1\" alt=\"Tarifas de Trump\" width=\"1200\" height=\"675\"\/><\/source><\/source><\/source><\/source><\/picture><\/div>\n<div class=\"info\">\n<div class=\"caption\">\n<p><span>El presidente Donald Trump habla durante un evento para anunciar nuevas tarifas en el jard\u00edn de rosas en la Casa Blanca, el mi\u00e9rcoles 2 de abril de 2025, en Washington, como escucha el secretario de Comercio Howard Lutnick. <\/span> <span>(AP Photo\/Mark Schiefelbein)<\/span><\/p>\n<\/div>\n<\/div>\n<\/div>\n<p>\u00abSi bien el presidente Trump podr\u00eda llamar hoy el &#8216;D\u00eda de la Liberaci\u00f3n&#8217;, desde el punto de vista de un ciudadano com\u00fan, este es el &#8216;D\u00eda de la Inflaci\u00f3n&#8217;, dijo, inform\u00f3 Reuters.\u00bb Debido a esta decisi\u00f3n, los consumidores estadounidenses se ver\u00e1n obligados a llevar la carga m\u00e1s pesada en una guerra comercial \u00ab.<\/p>\n<p>Lange dijo que la UE responder\u00e1 a trav\u00e9s de medidas \u00ablegales, leg\u00edtimas, proporcionales y decisivas\u00bb.<\/p>\n<p>El presidente suizo, Karin Keller-Sutter, dijo que su gobierno trabajar\u00eda para descubrir los pr\u00f3ximos pasos.  <\/p>\n<p><strong>Haga clic aqu\u00ed para obtener la aplicaci\u00f3n Fox News<\/strong><\/p>\n<p>El Reino Unido, junto con el presidente de M\u00e9xico antes del anuncio, dijo que continuar\u00edan trabajando con los Estados Unidos y que no se apresuraban a hacer cumplir los aranceles rec\u00edprocos.<\/p>\n<p>Del mismo modo, el primer ministro australiano, Anthony Albanese, dijo que si bien la decisi\u00f3n de Trump \u00abno era el acto de un amigo\u00bb, su pa\u00eds no impondr\u00eda aranceles rec\u00edprocos, inform\u00f3 Reuters. <\/p>\n<p>Seg\u00fan los informes, conden\u00f3 los aranceles estadounidenses como totalmente injustificados y dijo que Australia continuar\u00e1 negociando para que se levanten los aranceles. <\/p>\n<p> <!----> <\/p>\n<div class=\"article-meta\">\n<div class=\"author-bio\">\n<p>Caitlin McFall es reportero de Fox News Digital Cubting Politics, US y World News.<\/p>\n<\/div>\n<\/div>\n<\/div>\n\n","protected":false},"excerpt":{"rendered":"<p>El primer ministro canadiense, Mark Carney, prometi\u00f3 el mi\u00e9rcoles \u00abpelear\u00bb la nueva ronda de tarifas anunciadas por el presidente Donald Trump, y dijo que recurrir\u00eda a otros socios internacionales para superar los tiempos dif\u00edciles. \u00abEl presidente Trump acaba de anunciar una serie de medidas que van a cambiar fundamentalmente el sistema comercial internacional\u00bb, dijo Carney &hellip;<\/p>\n","protected":false},"author":1,"featured_media":21309,"comment_status":"open","ping_status":"open","sticky":false,"template":"","format":"standard","meta":{"fifu_image_url":"https:\/\/static.foxnews.com\/foxnews.com\/content\/uploads\/2025\/04\/trumptariffs.png","fifu_image_alt":"","footnotes":""},"categories":[13],"tags":[],"class_list":["post-21307","post","type-post","status-publish","format-standard","has-post-thumbnail","","category-mundo"],"_links":{"self":[{"href":"https:\/\/noticiasveraces.com\/index.php?rest_route=\/wp\/v2\/posts\/21307","targetHints":{"allow":["GET"]}}],"collection":[{"href":"https:\/\/noticiasveraces.com\/index.php?rest_route=\/wp\/v2\/posts"}],"about":[{"href":"https:\/\/noticiasveraces.com\/index.php?rest_route=\/wp\/v2\/types\/post"}],"author":[{"embeddable":true,"href":"https:\/\/noticiasveraces.com\/index.php?rest_route=\/wp\/v2\/users\/1"}],"replies":[{"embeddable":true,"href":"https:\/\/noticiasveraces.com\/index.php?rest_route=%2Fwp%2Fv2%2Fcomments&post=21307"}],"version-history":[{"count":0,"href":"https:\/\/noticiasveraces.com\/index.php?rest_route=\/wp\/v2\/posts\/21307\/revisions"}],"wp:featuredmedia":[{"embeddable":true,"href":"https:\/\/noticiasveraces.com\/index.php?rest_route=\/wp\/v2\/media\/21309"}],"wp:attachment":[{"href":"https:\/\/noticiasveraces.com\/index.php?rest_route=%2Fwp%2Fv2%2Fmedia&parent=21307"}],"wp:term":[{"taxonomy":"category","embeddable":true,"href":"https:\/\/noticiasveraces.com\/index.php?rest_route=%2Fwp%2Fv2%2Fcategories&post=21307"},{"taxonomy":"post_tag","embeddable":true,"href":"https:\/\/noticiasveraces.com\/index.php?rest_route=%2Fwp%2Fv2%2Ftags&post=21307"}],"curies":[{"name":"wp","href":"https:\/\/api.w.org\/{rel}","templated":true}]}}