{"id":21301,"date":"2025-04-02T19:43:57","date_gmt":"2025-04-02T23:43:57","guid":{"rendered":"https:\/\/noticiasveraces.com\/?p=21301"},"modified":"2025-04-02T19:43:57","modified_gmt":"2025-04-02T23:43:57","slug":"mourinho-es-criticado-en-turquia-asi-agredio-a-tecnico-de-galatasaray","status":"publish","type":"post","link":"https:\/\/noticiasveraces.com\/?p=21301","title":{"rendered":"Mourinho es criticado en Turqu\u00eda: as\u00ed agredi\u00f3 a t\u00e9cnico de Galatasaray"},"content":{"rendered":"<p> \n<br \/><img decoding=\"async\" src=\"https:\/\/www.futbolred.com\/files\/article_graphic\/uploads\/2025\/04\/02\/67edbaf405826.jpeg\" \/><\/p>\n<header>\n<h3>\n<p>                Curiosidades de f\u00fatbol<br \/>\n            <\/h3>\n<h1>\n<p>            Mourinho es criticado en Turqu\u00eda: as\u00ed agredi\u00f3 a t\u00e9cnico de Galatasaray<br \/>\n        <\/h1>\n<address>\n            <a>Juan Pablo Ar\u00e9valo<br \/>\n        <\/address>\n<p>            02 de abril 2025 , 05:46 p.\u00a0m.<\/p>\n<\/header>\n<p>El DT de Fenerbahce explot\u00f3 contra Okan Buruk, en un cl\u00e1sico caliente por la Copa de Turqu\u00eda.<\/p>\n<p>Jose Mourinho, entrenador del Fenerbahce, protagoniz\u00f3 una agresi\u00f3n a Okan Buruk, t\u00e9cnico de Galatasaray, y desat\u00f3 un esc\u00e1ndalo en Turqu\u00eda. El Galatasaray elimin\u00f3 al Fenerbahce en cuartos de final de la Copa de Turqu\u00eda, y el portugu\u00e9s se encar\u00f3 con su colega y luego le tir\u00f3 de la nariz<\/p>\n<p>Luego de la agresi\u00f3n, el arquero uruguayo Fernando Muslera corri\u00f3 hacia Mourinho para pedirle que se aleje, as\u00ed que asistentes de Fenerbahce sacaron del campo al portugu\u00e9s.<\/p>\n<p>Nadie del Fenerbahce se present\u00f3 a la rueda de prensa, y se dijo que \u2018Special One\u2019 abandon\u00f3 el estadio despu\u00e9s del incidente.<\/p>\n<p>En Turqu\u00eda hay indignaci\u00f3n y hay hasta un pedido en redes sociales para que Fenerbahce despida a Mourinho.<\/p>\n\n","protected":false},"excerpt":{"rendered":"<p>Curiosidades de f\u00fatbol Mourinho es criticado en Turqu\u00eda: as\u00ed agredi\u00f3 a t\u00e9cnico de Galatasaray Juan Pablo Ar\u00e9valo 02 de abril 2025 , 05:46 p.\u00a0m. El DT de Fenerbahce explot\u00f3 contra Okan Buruk, en un cl\u00e1sico caliente por la Copa de Turqu\u00eda. Jose Mourinho, entrenador del Fenerbahce, protagoniz\u00f3 una agresi\u00f3n a Okan Buruk, t\u00e9cnico de Galatasaray, &hellip;<\/p>\n","protected":false},"author":1,"featured_media":21303,"comment_status":"open","ping_status":"open","sticky":false,"template":"","format":"standard","meta":{"fifu_image_url":"https:\/\/www.futbolred.com\/files\/og_thumbnail\/uploads\/2025\/04\/02\/67edbaf405826.jpeg","fifu_image_alt":"","footnotes":""},"categories":[6],"tags":[],"class_list":["post-21301","post","type-post","status-publish","format-standard","has-post-thumbnail","","category-deportes"],"_links":{"self":[{"href":"https:\/\/noticiasveraces.com\/index.php?rest_route=\/wp\/v2\/posts\/21301","targetHints":{"allow":["GET"]}}],"collection":[{"href":"https:\/\/noticiasveraces.com\/index.php?rest_route=\/wp\/v2\/posts"}],"about":[{"href":"https:\/\/noticiasveraces.com\/index.php?rest_route=\/wp\/v2\/types\/post"}],"author":[{"embeddable":true,"href":"https:\/\/noticiasveraces.com\/index.php?rest_route=\/wp\/v2\/users\/1"}],"replies":[{"embeddable":true,"href":"https:\/\/noticiasveraces.com\/index.php?rest_route=%2Fwp%2Fv2%2Fcomments&post=21301"}],"version-history":[{"count":0,"href":"https:\/\/noticiasveraces.com\/index.php?rest_route=\/wp\/v2\/posts\/21301\/revisions"}],"wp:featuredmedia":[{"embeddable":true,"href":"https:\/\/noticiasveraces.com\/index.php?rest_route=\/wp\/v2\/media\/21303"}],"wp:attachment":[{"href":"https:\/\/noticiasveraces.com\/index.php?rest_route=%2Fwp%2Fv2%2Fmedia&parent=21301"}],"wp:term":[{"taxonomy":"category","embeddable":true,"href":"https:\/\/noticiasveraces.com\/index.php?rest_route=%2Fwp%2Fv2%2Fcategories&post=21301"},{"taxonomy":"post_tag","embeddable":true,"href":"https:\/\/noticiasveraces.com\/index.php?rest_route=%2Fwp%2Fv2%2Ftags&post=21301"}],"curies":[{"name":"wp","href":"https:\/\/api.w.org\/{rel}","templated":true}]}}