{"id":21298,"date":"2025-04-02T19:34:43","date_gmt":"2025-04-02T23:34:43","guid":{"rendered":"https:\/\/noticiasveraces.com\/?p=21298"},"modified":"2025-04-02T19:34:43","modified_gmt":"2025-04-02T23:34:43","slug":"apple-lidera-una-caida-en-las-acciones-tecnologicas-despues-del-anuncio-de-la-tarifa-de-trump","status":"publish","type":"post","link":"https:\/\/noticiasveraces.com\/?p=21298","title":{"rendered":"Apple lidera una ca\u00edda en las acciones tecnol\u00f3gicas despu\u00e9s del anuncio de la tarifa de Trump"},"content":{"rendered":"<p> \n<\/p>\n<div id=\"RegularArticle-ArticleBody-5\" data-module=\"ArticleBody\" data-test=\"articleBody-2\" data-analytics=\"RegularArticle-articleBody-5-2\"><span class=\"HighlightShare-hidden\" style=\"top:0;left:0\"\/><\/p>\n<div class=\"InlineImage-imageEmbed\" id=\"ArticleBody-InlineImage-108089211\" data-test=\"InlineImage\">\n<div class=\"InlineImage-wrapper\">\n<div>\n<p>El CEO de Apple, Tim Cook, centro, observa durante las ceremonias de inauguraci\u00f3n para el presidente Donald Trump, a la derecha, y al vicepresidente JD Vance, a la izquierda, en la Rotonda del Capitolio de los Estados Unidos en Washington, el 20 de enero de 2025.<\/p>\n<p>Shawn thew | AFP | Getty Images<\/p>\n<\/div>\n<\/div>\n<\/div>\n<div class=\"group\">\n<p><span class=\"QuoteInBody-quoteNameContainer\" data-test=\"QuoteInBody\" id=\"RegularArticle-QuoteInBody-1\">Manzana<span class=\"QuoteInBody-inlineButton\"><span class=\"AddToWatchlistButton-watchlistContainer\" id=\"-WatchlistDropdown\" data-analytics-id=\"-WatchlistDropdown\"><button class=\"AddToWatchlistButton-watchlistButton\" aria-label=\"Add To Watchlist\" data-testid=\"dropdown-btn\"><span class=\"AddToWatchlistButton-addWatchListFromTag\"\/><\/button><\/span><\/span><\/span>  Se desliz\u00f3 m\u00e1s del 6% en la negociaci\u00f3n tard\u00eda el mi\u00e9rcoles y lider\u00f3 una disminuci\u00f3n m\u00e1s amplia en las acciones tecnol\u00f3gicas despu\u00e9s de que el presidente Donald Trump anunci\u00f3 nuevas tarifas de entre 10% y 49% en bienes importados.<\/p>\n<p>La mayor\u00eda de los ingresos de Apple provienen de dispositivos fabricados principalmente en China y un pu\u00f1ado de otros pa\u00edses asi\u00e1ticos. <span class=\"QuoteInBody-quoteNameContainer\" data-test=\"QuoteInBody\" id=\"RegularArticle-QuoteInBody-3\">Nvidia<span class=\"QuoteInBody-inlineButton\"><span class=\"AddToWatchlistButton-watchlistContainer\" id=\"-WatchlistDropdown\" data-analytics-id=\"-WatchlistDropdown\"><button class=\"AddToWatchlistButton-watchlistButton\" aria-label=\"Add To Watchlist\" data-testid=\"dropdown-btn\"><span class=\"AddToWatchlistButton-addWatchListFromTag\"\/><\/button><\/span><\/span><\/span>que fabrica nuevas chips en Taiw\u00e1n y re\u00fane sus sistemas de inteligencia artificial en M\u00e9xico y en otros lugares, cay\u00f3 alrededor del 4%, mientras que la compa\u00f1\u00eda de veh\u00edculos el\u00e9ctricos <span class=\"QuoteInBody-quoteNameContainer\" data-test=\"QuoteInBody\" id=\"RegularArticle-QuoteInBody-4\">Tesla<span class=\"QuoteInBody-inlineButton\"><span class=\"AddToWatchlistButton-watchlistContainer\" id=\"-WatchlistDropdown\" data-analytics-id=\"-WatchlistDropdown\"><button class=\"AddToWatchlistButton-watchlistButton\" aria-label=\"Add To Watchlist\" data-testid=\"dropdown-btn\"><span class=\"AddToWatchlistButton-addWatchListFromTag\"\/><\/button><\/span><\/span><\/span>  cay\u00f3 4.5%.<\/p>\n<p>En el resto del universo megacap, <span class=\"QuoteInBody-quoteNameContainer\" data-test=\"QuoteInBody\" id=\"RegularArticle-QuoteInBody-5\">Alfabeto<span class=\"QuoteInBody-inlineButton\"><span class=\"AddToWatchlistButton-watchlistContainer\" id=\"-WatchlistDropdown\" data-analytics-id=\"-WatchlistDropdown\"><button class=\"AddToWatchlistButton-watchlistButton\" aria-label=\"Add To Watchlist\" data-testid=\"dropdown-btn\"><span class=\"AddToWatchlistButton-addWatchListFromTag\"\/><\/button><\/span><\/span><\/span>, <span class=\"QuoteInBody-quoteNameContainer\" data-test=\"QuoteInBody\" id=\"RegularArticle-QuoteInBody-6\">Amazonas<span class=\"QuoteInBody-inlineButton\"><span class=\"AddToWatchlistButton-watchlistContainer\" id=\"-WatchlistDropdown\" data-analytics-id=\"-WatchlistDropdown\"><button class=\"AddToWatchlistButton-watchlistButton\" aria-label=\"Add To Watchlist\" data-testid=\"dropdown-btn\"><span class=\"AddToWatchlistButton-addWatchListFromTag\"\/><\/button><\/span><\/span><\/span>  y <span class=\"QuoteInBody-quoteNameContainer\" data-test=\"QuoteInBody\" id=\"RegularArticle-QuoteInBody-7\">Meta<span class=\"QuoteInBody-inlineButton\"><span class=\"AddToWatchlistButton-watchlistContainer\" id=\"-WatchlistDropdown\" data-analytics-id=\"-WatchlistDropdown\"><button class=\"AddToWatchlistButton-watchlistButton\" aria-label=\"Add To Watchlist\" data-testid=\"dropdown-btn\"><span class=\"AddToWatchlistButton-addWatchListFromTag\"\/><\/button><\/span><\/span><\/span>  Todos cayeron entre 2.5% y 5%, y <span class=\"QuoteInBody-quoteNameContainer\" data-test=\"QuoteInBody\" id=\"RegularArticle-QuoteInBody-8\">Microsoft<span class=\"QuoteInBody-inlineButton\"><span class=\"AddToWatchlistButton-watchlistContainer\" id=\"-WatchlistDropdown\" data-analytics-id=\"-WatchlistDropdown\"><button class=\"AddToWatchlistButton-watchlistButton\" aria-label=\"Add To Watchlist\" data-testid=\"dropdown-btn\"><span class=\"AddToWatchlistButton-addWatchListFromTag\"\/><\/button><\/span><\/span><\/span>  se redujo en casi un 2%.<\/p>\n<p>Si la p\u00e9rdida de postalam\u00ednica de Apple coincide con el comercio regular el jueves, ser\u00eda la mayor disminuci\u00f3n de las acciones desde septiembre de 2020.<\/p>\n<p>Trump el mi\u00e9rcoles por la tarde dijo que los nuevos impuestos sobre los bienes importados ser\u00edan una \u00abdeclaraci\u00f3n de independencia econ\u00f3mica\u00bb para el pa\u00eds. Anunci\u00f3 una tarifa general del 10% sobre todas las importaciones y los aranceles m\u00e1s altos para pa\u00edses espec\u00edficos, incluido el 34% para China, el 20% para las naciones europeas y el 24% para las importaciones japonesas, en funci\u00f3n de los aranceles que cobran sobre las exportaciones estadounidenses, dijo Trump.<\/p>\n<p>\u00abSupercaremos nuestra base industrial nacional, abriremos mercados extranjeros y desglosaremos las barreras del comercio exterior\u00bb, dijo Trump durante su discurso. \u00abEn \u00faltima instancia, m\u00e1s producci\u00f3n en casa significar\u00e1 una competencia m\u00e1s fuerte y precios m\u00e1s bajos para los consumidores\u00bb.<\/p>\n<p>Las existencias fueron ampliamente afectadas por los anuncios de Trump. Un fondo cotizado en bolsa que rastrea el S&#038;P 500 desliz\u00f3 2.8%, mientras que un ETF despu\u00e9s del NASDAQ 100 perdi\u00f3 m\u00e1s del 3%.<\/p>\n<p>Durante su discurso, Trump elogi\u00f3 a Apple, Meta y Nvidia por gastar dinero e invertir en los Estados Unidos.<\/p>\n<p>\u00abApple va a gastar $ 500 mil millones, nunca gastaron dinero as\u00ed aqu\u00ed\u00bb, dijo Trump. \u00abVan a construir sus plantas aqu\u00ed\u00bb.<\/p>\n<p>El Nasdaq acaba de concluir su peor trimestre desde 2022, cayendo un 10% en los primeros tres meses del a\u00f1o, aunque el \u00edndice de tecnolog\u00eda pesada aument\u00f3 en cada uno de los primeros dos d\u00edas del segundo trimestre.<\/p>\n<p><strong>MIRAR:<\/strong> El presidente Trump firma \u00f3rdenes ejecutivas para tarifas rec\u00edprocas<\/p>\n<\/div>\n<div role=\"region\" aria-labelledby=\"Placeholder-ArticleBody-Video-108125328\">\n<div role=\"button\" tabindex=\"0\" id=\"Placeholder-ArticleBody-Video-108125328\" class=\"PlaceHolder-wrapper\" data-vilynx-id=\"7000371611\" data-test=\"VideoPlaceHolder\">\n<div class=\"InlineVideo-videoEmbed\" id=\"InlineVideo-0\" data-test=\"InlineVideo\">\n<div class=\"InlineVideo-wrapper\">\n<div class=\"InlineVideo-inlineThumbnailContainer\"><img decoding=\"async\" class=\"InlineVideo-videoThumbnail\" src=\"https:\/\/image.cnbcfm.com\/api\/v1\/image\/108125329-17436275861743627583-39184217066-1080pnbcnews.jpg?v=1743627585&amp;w=750&amp;h=422&amp;vtcrop=y\" alt=\"Pres. Trump firma \u00f3rdenes ejecutivas para tarifas rec\u00edprocas\"\/><span class=\"InlineVideo-videoButton\"\/><span\/><\/div>\n<\/div>\n<\/div>\n<\/div>\n<\/div>\n<\/div>\n\n","protected":false},"excerpt":{"rendered":"<p>El CEO de Apple, Tim Cook, centro, observa durante las ceremonias de inauguraci\u00f3n para el presidente Donald Trump, a la derecha, y al vicepresidente JD Vance, a la izquierda, en la Rotonda del Capitolio de los Estados Unidos en Washington, el 20 de enero de 2025. Shawn thew | AFP | Getty Images Manzana Se &hellip;<\/p>\n","protected":false},"author":1,"featured_media":21300,"comment_status":"open","ping_status":"open","sticky":false,"template":"","format":"standard","meta":{"fifu_image_url":"https:\/\/image.cnbcfm.com\/api\/v1\/image\/108089211-1737394695749-gettyimages-2194374813-AFP_36UV4WB.jpeg?v=1743631982&w=1920&h=1080","fifu_image_alt":"","footnotes":""},"categories":[2],"tags":[],"class_list":["post-21298","post","type-post","status-publish","format-standard","has-post-thumbnail","","category-tecnologia"],"_links":{"self":[{"href":"https:\/\/noticiasveraces.com\/index.php?rest_route=\/wp\/v2\/posts\/21298","targetHints":{"allow":["GET"]}}],"collection":[{"href":"https:\/\/noticiasveraces.com\/index.php?rest_route=\/wp\/v2\/posts"}],"about":[{"href":"https:\/\/noticiasveraces.com\/index.php?rest_route=\/wp\/v2\/types\/post"}],"author":[{"embeddable":true,"href":"https:\/\/noticiasveraces.com\/index.php?rest_route=\/wp\/v2\/users\/1"}],"replies":[{"embeddable":true,"href":"https:\/\/noticiasveraces.com\/index.php?rest_route=%2Fwp%2Fv2%2Fcomments&post=21298"}],"version-history":[{"count":0,"href":"https:\/\/noticiasveraces.com\/index.php?rest_route=\/wp\/v2\/posts\/21298\/revisions"}],"wp:featuredmedia":[{"embeddable":true,"href":"https:\/\/noticiasveraces.com\/index.php?rest_route=\/wp\/v2\/media\/21300"}],"wp:attachment":[{"href":"https:\/\/noticiasveraces.com\/index.php?rest_route=%2Fwp%2Fv2%2Fmedia&parent=21298"}],"wp:term":[{"taxonomy":"category","embeddable":true,"href":"https:\/\/noticiasveraces.com\/index.php?rest_route=%2Fwp%2Fv2%2Fcategories&post=21298"},{"taxonomy":"post_tag","embeddable":true,"href":"https:\/\/noticiasveraces.com\/index.php?rest_route=%2Fwp%2Fv2%2Ftags&post=21298"}],"curies":[{"name":"wp","href":"https:\/\/api.w.org\/{rel}","templated":true}]}}