{"id":21290,"date":"2025-04-02T18:16:10","date_gmt":"2025-04-02T22:16:10","guid":{"rendered":"https:\/\/noticiasveraces.com\/?p=21290"},"modified":"2025-04-02T18:16:10","modified_gmt":"2025-04-02T22:16:10","slug":"quien-tiene-sus-aranceles-en-los-estados-unidos","status":"publish","type":"post","link":"https:\/\/noticiasveraces.com\/?p=21290","title":{"rendered":"\u00bfQui\u00e9n tiene sus aranceles en los Estados Unidos?"},"content":{"rendered":"<p> \n<\/p>\n<div>\n<p class=\"speakable\">El presidente Donald Trump anunci\u00f3 aranceles radicales sobre los socios comerciales estadounidenses en todo el mundo el mi\u00e9rcoles, diciendo que Estados Unidos agregar\u00eda un impuesto de l\u00ednea de base m\u00ednimo del 10% sobre todos los productos.<\/p>\n<p class=\"speakable\">La administraci\u00f3n Trump ha identificado lo que ha llamado \u00abDirty 15\u00bb como las 15 naciones con el mayor d\u00e9ficit comercial con los EE. UU., Es decir, las asociaciones comerciales por las cuales Washington importa m\u00e1s de pa\u00edses que aquellas naciones que importan de los EE. UU.<\/p>\n<p>Pero la Casa Blanca tambi\u00e9n ha marcado lo que describe como otras pr\u00e1cticas comerciales \u00abinjustas\u00bb, implementadas principalmente a trav\u00e9s de aranceles sobre los bienes estadounidenses. <\/p>\n<p><strong>\u00bfCu\u00e1l es el nuevo d\u00eda de liberaci\u00f3n de Trump y qu\u00e9 esperar el 2 de abril?<\/strong><\/p>\n<div class=\"image-ct inline\">\n<div class=\"m\"><picture><source media=\"(max-width: 767px)\" srcset=\"https:\/\/a57.foxnews.com\/static.foxnews.com\/foxnews.com\/content\/uploads\/2025\/04\/343\/192\/ap25092741785057-scaled.jpg?ve=1&amp;tl=1, https:\/\/a57.foxnews.com\/static.foxnews.com\/foxnews.com\/content\/uploads\/2025\/04\/686\/384\/ap25092741785057-scaled.jpg?ve=1&amp;tl=1 2x\" height=\"192\" width=\"343\"><source media=\"(min-width: 768px) and (max-width: 1023px)\" srcset=\"https:\/\/a57.foxnews.com\/static.foxnews.com\/foxnews.com\/content\/uploads\/2025\/04\/672\/378\/ap25092741785057-scaled.jpg?ve=1&amp;tl=1, https:\/\/a57.foxnews.com\/static.foxnews.com\/foxnews.com\/content\/uploads\/2025\/04\/1344\/756\/ap25092741785057-scaled.jpg?ve=1&amp;tl=1 2x\" height=\"378\" width=\"672\"><source media=\"(min-width: 1024px) and (max-width: 1279px)\" srcset=\"https:\/\/a57.foxnews.com\/static.foxnews.com\/foxnews.com\/content\/uploads\/2025\/04\/931\/523\/ap25092741785057-scaled.jpg?ve=1&amp;tl=1, https:\/\/a57.foxnews.com\/static.foxnews.com\/foxnews.com\/content\/uploads\/2025\/04\/1862\/1046\/ap25092741785057-scaled.jpg?ve=1&amp;tl=1 2x\" height=\"523\" width=\"931\"><source media=\"(min-width: 1280px)\" srcset=\"https:\/\/a57.foxnews.com\/static.foxnews.com\/foxnews.com\/content\/uploads\/2025\/04\/720\/405\/ap25092741785057-scaled.jpg?ve=1&amp;tl=1, https:\/\/a57.foxnews.com\/static.foxnews.com\/foxnews.com\/content\/uploads\/2025\/04\/1440\/810\/ap25092741785057-scaled.jpg?ve=1&amp;tl=1 2x\" height=\"405\" width=\"720\"><img loading=\"lazy\" decoding=\"async\" src=\"https:\/\/a57.foxnews.com\/static.foxnews.com\/foxnews.com\/content\/uploads\/2025\/04\/1200\/675\/ap25092741785057-scaled.jpg?ve=1&amp;tl=1\" alt=\"Tarifas de Trump\" width=\"1200\" height=\"675\"\/><\/source><\/source><\/source><\/source><\/picture><\/div>\n<div class=\"info\">\n<div class=\"caption\">\n<p><span>El presidente Donald Trump habla durante un evento para anunciar nuevas tarifas en el jard\u00edn de rosas en la Casa Blanca el mi\u00e9rcoles 2 de abril de 2025 en Washington, como escucha el secretario de Comercio Howard Lutnick. <\/span> <span>(AP Photo\/Mark Schiefelbein)<\/span><\/p>\n<\/div>\n<\/div>\n<\/div>\n<h2>PORCELANA<\/h2>\n<p>Washington y Beijing han estado en una guerra comercial desde la primera administraci\u00f3n de Trump, cuando el presidente de primer per\u00edodo impuso aranceles del 25% en $ 50 mil millones en productos chinos a partir de abril de 2018.<\/p>\n<p>Beijing respondi\u00f3 al d\u00eda siguiente al abofetear las tarifas rec\u00edprocas de 106 productos estadounidenses por valor de $ 50 mil millones, en su mayor\u00eda dirigidos a productos agr\u00edcolas estadounidenses por un valor de unos $ 16.5 mil millones.<\/p>\n<p>La Guerra de la Tarifa continuar\u00eda con repetidos aranceles en aumento de ida y vuelta antes de que se acordara un alivio de la tarifa a partir de enero de 2020.<\/p>\n<p>Para enero de 2021, el Consejo de Negocios US-China (USCBC) descubri\u00f3 que Estados Unidos hab\u00eda perdido casi una cuarta parte de un mill\u00f3n de empleos.<\/p>\n<div class=\"image-ct inline\">\n<div class=\"m\"><picture><source media=\"(max-width: 767px)\" srcset=\"https:\/\/a57.foxnews.com\/static.foxnews.com\/foxnews.com\/content\/uploads\/2025\/04\/343\/192\/ap25092742830968-scaled.jpg?ve=1&amp;tl=1, https:\/\/a57.foxnews.com\/static.foxnews.com\/foxnews.com\/content\/uploads\/2025\/04\/686\/384\/ap25092742830968-scaled.jpg?ve=1&amp;tl=1 2x\" height=\"192\" width=\"343\"><source media=\"(min-width: 768px) and (max-width: 1023px)\" srcset=\"https:\/\/a57.foxnews.com\/static.foxnews.com\/foxnews.com\/content\/uploads\/2025\/04\/672\/378\/ap25092742830968-scaled.jpg?ve=1&amp;tl=1, https:\/\/a57.foxnews.com\/static.foxnews.com\/foxnews.com\/content\/uploads\/2025\/04\/1344\/756\/ap25092742830968-scaled.jpg?ve=1&amp;tl=1 2x\" height=\"378\" width=\"672\"><source media=\"(min-width: 1024px) and (max-width: 1279px)\" srcset=\"https:\/\/a57.foxnews.com\/static.foxnews.com\/foxnews.com\/content\/uploads\/2025\/04\/931\/523\/ap25092742830968-scaled.jpg?ve=1&amp;tl=1, https:\/\/a57.foxnews.com\/static.foxnews.com\/foxnews.com\/content\/uploads\/2025\/04\/1862\/1046\/ap25092742830968-scaled.jpg?ve=1&amp;tl=1 2x\" height=\"523\" width=\"931\"><source media=\"(min-width: 1280px)\" srcset=\"https:\/\/a57.foxnews.com\/static.foxnews.com\/foxnews.com\/content\/uploads\/2025\/04\/720\/405\/ap25092742830968-scaled.jpg?ve=1&amp;tl=1, https:\/\/a57.foxnews.com\/static.foxnews.com\/foxnews.com\/content\/uploads\/2025\/04\/1440\/810\/ap25092742830968-scaled.jpg?ve=1&amp;tl=1 2x\" height=\"405\" width=\"720\"><img loading=\"lazy\" decoding=\"async\" src=\"https:\/\/a57.foxnews.com\/static.foxnews.com\/foxnews.com\/content\/uploads\/2025\/04\/1200\/675\/ap25092742830968-scaled.jpg?ve=1&amp;tl=1\" alt=\"Howard Lutnick\" width=\"1200\" height=\"675\"\/><\/source><\/source><\/source><\/source><\/picture><\/div>\n<div class=\"info\">\n<div class=\"caption\">\n<p><span>El Secretario de Comercio, Howard Lutnick, celebra una tabla mientras el presidente Donald Trump habla durante un evento para anunciar nuevas tarifas en el jard\u00edn de rosas en la Casa Blanca el mi\u00e9rcoles 2 de abril de 2025 en Washington. <\/span> <span>(AP Photo\/Mark Schiefelbein)<\/span><\/p>\n<\/div>\n<\/div>\n<\/div>\n<p>La administraci\u00f3n Biden y China mantuvieron en gran medida el status quo establecido durante la guerra comercial inicial de Trump. <\/p>\n<p>Pero Trump amenaz\u00f3 con golpear a Beijing con un 60% de aranceles en la campa\u00f1a y, en febrero de 2025, solo unas semanas despu\u00e9s de su inauguraci\u00f3n, abofete\u00f3 a China con una manta del 20% de la tarifa de todas las importaciones chinas.<\/p>\n<p>Beijing respondi\u00f3 nuevamente con hasta un 15% de aranceles en m\u00e1s de $ 33 mil millones en productos agr\u00edcolas estadounidenses, incluidos pollo, trigo, ma\u00edz y algod\u00f3n cultivados en los Estados Unidos.<\/p>\n<p>El d\u00e9ficit comercial de China con los EE. UU. Es de $ 295.4 mil millones. <\/p>\n<p><strong>Texas estar\u00e1 entre los estados m\u00e1s afectados en la guerra comercial, advierte el embajador de la UE<\/strong><\/p>\n<div class=\"image-ct inline\">\n<div class=\"m\"><picture><source media=\"(max-width: 767px)\" srcset=\"https:\/\/a57.foxnews.com\/static.foxnews.com\/foxnews.com\/content\/uploads\/2024\/01\/343\/192\/GettyImages-1931261805.jpg?ve=1&amp;tl=1, https:\/\/a57.foxnews.com\/static.foxnews.com\/foxnews.com\/content\/uploads\/2024\/01\/686\/384\/GettyImages-1931261805.jpg?ve=1&amp;tl=1 2x\" height=\"192\" width=\"343\"><source media=\"(min-width: 768px) and (max-width: 1023px)\" srcset=\"https:\/\/a57.foxnews.com\/static.foxnews.com\/foxnews.com\/content\/uploads\/2024\/01\/672\/378\/GettyImages-1931261805.jpg?ve=1&amp;tl=1, https:\/\/a57.foxnews.com\/static.foxnews.com\/foxnews.com\/content\/uploads\/2024\/01\/1344\/756\/GettyImages-1931261805.jpg?ve=1&amp;tl=1 2x\" height=\"378\" width=\"672\"><source media=\"(min-width: 1024px) and (max-width: 1279px)\" srcset=\"https:\/\/a57.foxnews.com\/static.foxnews.com\/foxnews.com\/content\/uploads\/2024\/01\/931\/523\/GettyImages-1931261805.jpg?ve=1&amp;tl=1, https:\/\/a57.foxnews.com\/static.foxnews.com\/foxnews.com\/content\/uploads\/2024\/01\/1862\/1046\/GettyImages-1931261805.jpg?ve=1&amp;tl=1 2x\" height=\"523\" width=\"931\"><source media=\"(min-width: 1280px)\" srcset=\"https:\/\/a57.foxnews.com\/static.foxnews.com\/foxnews.com\/content\/uploads\/2024\/01\/720\/405\/GettyImages-1931261805.jpg?ve=1&amp;tl=1, https:\/\/a57.foxnews.com\/static.foxnews.com\/foxnews.com\/content\/uploads\/2024\/01\/1440\/810\/GettyImages-1931261805.jpg?ve=1&amp;tl=1 2x\" height=\"405\" width=\"720\"><img loading=\"lazy\" decoding=\"async\" src=\"https:\/\/a57.foxnews.com\/static.foxnews.com\/foxnews.com\/content\/uploads\/2024\/01\/1200\/675\/GettyImages-1931261805.jpg?ve=1&amp;tl=1\" alt=\"Perforaci\u00f3n del parlamento europeo\" width=\"1200\" height=\"675\"\/><\/source><\/source><\/source><\/source><\/picture><\/div>\n<div class=\"info\">\n<div class=\"caption\">\n<p><span>El presidente de la Comisi\u00f3n Europea, Ursula von der Leyen, habla durante un debate sobre las conclusiones del 14 al 15 de diciembre de 2023, el Consejo Europeo y los preparativos para el extraordinario Consejo Europeo programado para el 1 de febrero de 2024, en el Parlamento Europeo en Estrasburgo, Francia, 17 de enero de 2024.<\/span> <span>(Frederick Florin\/AFP a trav\u00e9s de Getty Images)<\/span><\/p>\n<\/div>\n<\/div>\n<\/div>\n<h2>UNI\u00d3N EUROPEA<\/h2>\n<p>La Uni\u00f3n Europea, que no es ajena a la Guerra Arancelaria de Trump, esta vez se est\u00e1 preparando para una batalla mucho m\u00e1s grande despu\u00e9s de soportar las carpas de comercio de metales durante su primer mandato. <\/p>\n<p>Trump ya ha anunciado una tarifa del 25% sobre las importaciones de acero y aluminio, que golpea directamente a la Uni\u00f3n Europea, el mayor socio comercial de los Estados Unidos, junto con una tarifa del 25% en los autom\u00f3viles importados, lo que afectar\u00e1 a naciones como Alemania. <\/p>\n<p>La UE dijo que podr\u00eda imponer tarifas de represalia a los Estados Unidos de hasta $ 28 mil millones. <\/p>\n<p>Estados Unidos ten\u00eda un d\u00e9ficit comercial de $ 235.6 mil millones con la Uni\u00f3n Europea en 2024, que Trump ha llamado \u00abuna atrocidad\u00bb.<\/p>\n<p>Pero no es solo la diferencia en los acuerdos comerciales lo que ha molestado al presidente.<\/p>\n<p>El mes pasado, la Casa Blanca dijo que los grav\u00e1menes espec\u00edficos cobrados por varios socios comerciales est\u00e1n haciendo que sea \u00abpr\u00e1cticamente imposible\u00bb que se exporten los productos estadounidenses, incluido un impuesto del 50% en los productos l\u00e1cteos estadounidenses vendidos por las naciones de la UE. <\/p>\n<div class=\"image-ct inline\">\n<div class=\"m\"><picture><source media=\"(max-width: 767px)\" srcset=\"https:\/\/a57.foxnews.com\/static.foxnews.com\/foxnews.com\/content\/uploads\/2022\/12\/343\/192\/EU.jpg?ve=1&amp;tl=1, https:\/\/a57.foxnews.com\/static.foxnews.com\/foxnews.com\/content\/uploads\/2022\/12\/686\/384\/EU.jpg?ve=1&amp;tl=1 2x\" height=\"192\" width=\"343\"><source media=\"(min-width: 768px) and (max-width: 1023px)\" srcset=\"https:\/\/a57.foxnews.com\/static.foxnews.com\/foxnews.com\/content\/uploads\/2022\/12\/672\/378\/EU.jpg?ve=1&amp;tl=1, https:\/\/a57.foxnews.com\/static.foxnews.com\/foxnews.com\/content\/uploads\/2022\/12\/1344\/756\/EU.jpg?ve=1&amp;tl=1 2x\" height=\"378\" width=\"672\"><source media=\"(min-width: 1024px) and (max-width: 1279px)\" srcset=\"https:\/\/a57.foxnews.com\/static.foxnews.com\/foxnews.com\/content\/uploads\/2022\/12\/931\/523\/EU.jpg?ve=1&amp;tl=1, https:\/\/a57.foxnews.com\/static.foxnews.com\/foxnews.com\/content\/uploads\/2022\/12\/1862\/1046\/EU.jpg?ve=1&amp;tl=1 2x\" height=\"523\" width=\"931\"><source media=\"(min-width: 1280px)\" srcset=\"https:\/\/a57.foxnews.com\/static.foxnews.com\/foxnews.com\/content\/uploads\/2022\/12\/720\/405\/EU.jpg?ve=1&amp;tl=1, https:\/\/a57.foxnews.com\/static.foxnews.com\/foxnews.com\/content\/uploads\/2022\/12\/1440\/810\/EU.jpg?ve=1&amp;tl=1 2x\" height=\"405\" width=\"720\"><img loading=\"lazy\" decoding=\"async\" src=\"https:\/\/a57.foxnews.com\/static.foxnews.com\/foxnews.com\/content\/uploads\/2022\/12\/1200\/675\/EU.jpg?ve=1&amp;tl=1\" alt=\"Banderas de la Uni\u00f3n Europea\" width=\"1200\" height=\"675\"\/><\/source><\/source><\/source><\/source><\/picture><\/div>\n<div class=\"info\">\n<div class=\"caption\">\n<p><span>Las banderas de la Uni\u00f3n Europea revolotean fuera de la sede de la Comisi\u00f3n de la UE en Bruselas, B\u00e9lgica, el 28 de septiembre de 2022. <\/span> <span>(Reuters\/Yves Herman \/\/ Foto de archivo)<\/span><\/p>\n<\/div>\n<\/div>\n<\/div>\n<p>Pero el experto Andrew Hale, analista de pol\u00edticas senior en pol\u00edtica comercial con la Fundaci\u00f3n Heritage, explic\u00f3 que la industria l\u00e1ctea en particular tiene barreras masivas que impiden que Europa pueda reducir los precios para igualar los productos estadounidenses.<\/p>\n<p>\u00abTienen un mercado agr\u00edcola muy, muy protegido\u00bb, dijo Hale, destacando las estrictas pr\u00e1cticas de cr\u00eda de Europa. \u00abLos europeos no podr\u00edan competir\u00bb.<\/p>\n<p>Hale explic\u00f3 que las normas como el hacinamiento y las malas condiciones que se encuentran con frecuencia en las industrias de aves de corral, l\u00e1cteos y carne de cerdo de los EE. UU. En Europa est\u00e1n prohibidas en Europa. <\/p>\n<p>Las regulaciones de espaciado de animales y las prohibiciones relacionadas con las inyecciones de hormonas han requerido un tipo de agricultura completamente diferente que favorece el tratamiento de calidad de los animales versus la producci\u00f3n en masa, lo que hace que las carnes europeas y los productos l\u00e1cteos sean m\u00e1s caros que los productos estadounidenses y que sea poco probable que la UE caiga este impuesto.<\/p>\n<div class=\"image-ct inline\">\n<div class=\"m\"><picture><source media=\"(max-width: 767px)\" srcset=\"https:\/\/a57.foxnews.com\/static.foxnews.com\/foxnews.com\/content\/uploads\/2025\/03\/343\/192\/mark-carney-1.jpg?ve=1&amp;tl=1, https:\/\/a57.foxnews.com\/static.foxnews.com\/foxnews.com\/content\/uploads\/2025\/03\/686\/384\/mark-carney-1.jpg?ve=1&amp;tl=1 2x\" height=\"192\" width=\"343\"><source media=\"(min-width: 768px) and (max-width: 1023px)\" srcset=\"https:\/\/a57.foxnews.com\/static.foxnews.com\/foxnews.com\/content\/uploads\/2025\/03\/672\/378\/mark-carney-1.jpg?ve=1&amp;tl=1, https:\/\/a57.foxnews.com\/static.foxnews.com\/foxnews.com\/content\/uploads\/2025\/03\/1344\/756\/mark-carney-1.jpg?ve=1&amp;tl=1 2x\" height=\"378\" width=\"672\"><source media=\"(min-width: 1024px) and (max-width: 1279px)\" srcset=\"https:\/\/a57.foxnews.com\/static.foxnews.com\/foxnews.com\/content\/uploads\/2025\/03\/931\/523\/mark-carney-1.jpg?ve=1&amp;tl=1, https:\/\/a57.foxnews.com\/static.foxnews.com\/foxnews.com\/content\/uploads\/2025\/03\/1862\/1046\/mark-carney-1.jpg?ve=1&amp;tl=1 2x\" height=\"523\" width=\"931\"><source media=\"(min-width: 1280px)\" srcset=\"https:\/\/a57.foxnews.com\/static.foxnews.com\/foxnews.com\/content\/uploads\/2025\/03\/720\/405\/mark-carney-1.jpg?ve=1&amp;tl=1, https:\/\/a57.foxnews.com\/static.foxnews.com\/foxnews.com\/content\/uploads\/2025\/03\/1440\/810\/mark-carney-1.jpg?ve=1&amp;tl=1 2x\" height=\"405\" width=\"720\"><img loading=\"lazy\" decoding=\"async\" src=\"https:\/\/a57.foxnews.com\/static.foxnews.com\/foxnews.com\/content\/uploads\/2025\/03\/1200\/675\/mark-carney-1.jpg?ve=1&amp;tl=1\" alt=\"Canad\u00e1, primer ministro, Mark Carney\" width=\"1200\" height=\"675\"\/><\/source><\/source><\/source><\/source><\/picture><\/div>\n<div class=\"info\">\n<div class=\"caption\">\n<p><span>El primer ministro canadiense Mark Carney habla con los medios de comunicaci\u00f3n en Parliament Hill despu\u00e9s de una reuni\u00f3n del Comit\u00e9 del Gabinete sobre Relaciones de Canad\u00e1 y Seguridad Nacional en Ottawa, el jueves 27 de marzo de 2025.<\/span> <span>(Adrian Wyld\/The Canadian Press a trav\u00e9s de AP)<\/span><\/p>\n<\/div>\n<\/div>\n<\/div>\n<p><strong>Canad\u00e1 mira las consecuencias de la Guerra de la Tarifa de Trump: p\u00e9rdidas de empleos, aumentos de precios de comestibles, posible recesi\u00f3n<\/strong><\/p>\n<h2><strong>CANAD\u00c1<\/strong><\/h2>\n<p>La Casa Blanca tambi\u00e9n ha apuntado a Canad\u00e1, que se espera que vea m\u00e1s tarifas disparadas el mi\u00e9rcoles y dijo que tiene una tarifa del 300% sobre la mantequilla y el queso estadounidenses.<\/p>\n<p>Hale explic\u00f3 que si bien esto es t\u00e9cnicamente cierto, es una quir\u00f3fica arancelaria que se negoci\u00f3 durante la primera administraci\u00f3n de Trump bajo el acuerdo revisado del TLCAN, que se convirti\u00f3 en el Canad\u00e1 de M\u00e9xico de los Estados Unidos (USMCA), y uno que nunca se ha implementado.<\/p>\n<p>La tarifa masiva solo se utilizar\u00eda si las exportaciones estadounidenses excedan las cuotas de tarifas tarifas negociadas. De lo contrario, las ventas diarias a Canad\u00e1 no enfrentan aranceles bajo la USMCA.<\/p>\n<p>Canad\u00e1 y los Estados Unidos en las \u00faltimas semanas han entrado en una guerra arancelaria despu\u00e9s de que Trump anunci\u00f3 una tarifa de 25% sobre el 25% de los bienes canadienses y el 10% en su energ\u00eda.<\/p>\n<p>Ottawa, a cambio, impuso un 25% de aranceles rec\u00edprocos a $ 30 mil millones en bienes estadounidenses, principalmente dirigidos al sector agr\u00edcola. <\/p>\n<p>Ha amenazado con golpear a los EE. UU. Con tarifas de $ 95 mil millones en las importaciones estadounidenses si Trump impone m\u00e1s impuestos sobre el vecino del norte del pa\u00eds.<\/p>\n<p><strong>Haga clic aqu\u00ed para obtener la aplicaci\u00f3n Fox News<\/strong><\/p>\n<h2>Como termina<\/h2>\n<p>\u00abTodos deben hacer lo que Israel acaba de hacer, derribar cero aranceles contra los Estados Unidos y luego podemos tener el libre comercio absoluto\u00bb, dijo Hale. \u00abEso es justo, y todos podemos tener acceso al mercado.<\/p>\n<p>\u00abCuando tienes aranceles est\u00fapidos, como tarifas de cosas que no creces y haces, eso es b\u00e1sicamente injusto\u00bb.<\/p>\n<p> <!----> <\/p>\n<div class=\"article-meta\">\n<div class=\"author-bio\">\n<p>Caitlin McFall es reportero de Fox News Digital Cubting Politics, US y World News.<\/p>\n<\/div>\n<\/div>\n<\/div>\n\n","protected":false},"excerpt":{"rendered":"<p>El presidente Donald Trump anunci\u00f3 aranceles radicales sobre los socios comerciales estadounidenses en todo el mundo el mi\u00e9rcoles, diciendo que Estados Unidos agregar\u00eda un impuesto de l\u00ednea de base m\u00ednimo del 10% sobre todos los productos. La administraci\u00f3n Trump ha identificado lo que ha llamado \u00abDirty 15\u00bb como las 15 naciones con el mayor d\u00e9ficit &hellip;<\/p>\n","protected":false},"author":1,"featured_media":21292,"comment_status":"open","ping_status":"open","sticky":false,"template":"","format":"standard","meta":{"fifu_image_url":"https:\/\/static.foxnews.com\/foxnews.com\/content\/uploads\/2025\/04\/ap25092741785057-scaled.jpg","fifu_image_alt":"","footnotes":""},"categories":[13],"tags":[],"class_list":["post-21290","post","type-post","status-publish","format-standard","has-post-thumbnail","","category-mundo"],"_links":{"self":[{"href":"https:\/\/noticiasveraces.com\/index.php?rest_route=\/wp\/v2\/posts\/21290","targetHints":{"allow":["GET"]}}],"collection":[{"href":"https:\/\/noticiasveraces.com\/index.php?rest_route=\/wp\/v2\/posts"}],"about":[{"href":"https:\/\/noticiasveraces.com\/index.php?rest_route=\/wp\/v2\/types\/post"}],"author":[{"embeddable":true,"href":"https:\/\/noticiasveraces.com\/index.php?rest_route=\/wp\/v2\/users\/1"}],"replies":[{"embeddable":true,"href":"https:\/\/noticiasveraces.com\/index.php?rest_route=%2Fwp%2Fv2%2Fcomments&post=21290"}],"version-history":[{"count":0,"href":"https:\/\/noticiasveraces.com\/index.php?rest_route=\/wp\/v2\/posts\/21290\/revisions"}],"wp:featuredmedia":[{"embeddable":true,"href":"https:\/\/noticiasveraces.com\/index.php?rest_route=\/wp\/v2\/media\/21292"}],"wp:attachment":[{"href":"https:\/\/noticiasveraces.com\/index.php?rest_route=%2Fwp%2Fv2%2Fmedia&parent=21290"}],"wp:term":[{"taxonomy":"category","embeddable":true,"href":"https:\/\/noticiasveraces.com\/index.php?rest_route=%2Fwp%2Fv2%2Fcategories&post=21290"},{"taxonomy":"post_tag","embeddable":true,"href":"https:\/\/noticiasveraces.com\/index.php?rest_route=%2Fwp%2Fv2%2Ftags&post=21290"}],"curies":[{"name":"wp","href":"https:\/\/api.w.org\/{rel}","templated":true}]}}