{"id":21286,"date":"2025-04-02T16:13:30","date_gmt":"2025-04-02T20:13:30","guid":{"rendered":"https:\/\/noticiasveraces.com\/?p=21286"},"modified":"2025-04-02T16:13:30","modified_gmt":"2025-04-02T20:13:30","slug":"una-sentencia-politica-dw-02-04-2025","status":"publish","type":"post","link":"https:\/\/noticiasveraces.com\/?p=21286","title":{"rendered":"\u00bfuna sentencia pol\u00edtica? \u2013 DW \u2013 02\/04\/2025"},"content":{"rendered":"<p> \n<\/p>\n<div>\n<p>La sentencia contra Marine Le Pen tambi\u00e9n ha causado revuelo en el exterior. Seg\u00fan los cr\u00edticos, excluye a la pol\u00edtica del partido considerado de extrema derecha Agrupaci\u00f3n Nacional (RN) del proceso pol\u00edtico y, en \u00faltima instancia, priva a sus votantes de su derecho al voto.<\/p>\n<p>Le Pen, a su vez, habla de un juicio pol\u00edtico digno de un r\u00e9gimen autoritario, cuyo \u00fanico objetivo es impedir que llegue a la presidencia. Las pr\u00f3ximas elecciones est\u00e1n previstas para 2027, y, desde hace tiempo, Le Pen lidera las encuestas. \u00abNo estoy dispuesta a someterme tan f\u00e1cilmente a una negaci\u00f3n de la democracia\u00bb, public\u00f3 en la red social X. \u00abNing\u00fan juez puede interferir en unas elecciones tan importantes como las presidenciales\u00bb, agreg\u00f3.<\/p>\n<blockquote class=\"tweet embed\" data-id=\"1906789341265047693\"\/>\n<p>Un tribunal de Par\u00eds hab\u00eda condenado a la pol\u00edtica de derecha por malversaci\u00f3n de fondos p\u00fablicos de la UE y, entre otras cosas, le hab\u00eda negado el derecho a presentarse a comicios durante cinco a\u00f1os. Si la sentencia sigue en pie, no podr\u00e1 presentarse a las pr\u00f3ximas elecciones presidenciales.<\/p>\n<h2>\u00bfUn juicio pol\u00edtico?<\/h2>\n<p>\u00abNo es una decisi\u00f3n pol\u00edtica, sino jur\u00eddica, tomada por tres jueces independientes\u00bb, dijo a la televisora alemana RTL R\u00e9my Heitz, fiscal del tribunal de casaci\u00f3n, quien se mostr\u00f3 consternado por el hecho de que la presidenta del tribunal hubiera recibido amenazas de muerte y necesitara ahora protecci\u00f3n policial.<\/p>\n<p>Por su parte, la jurista Charlotte Schmitt-Leonardy, de la Universidad de Bielefeld, no descarta que pueda haber juicios pol\u00edticos en un Estado democr\u00e1tico como Francia. No obstante, explica a DW que la condena de un pol\u00edtico no equivale a \u00abun juicio pol\u00edtico\u00bb:\u00a0\u00abSimplemente se ha aplicado la ley\u00bb, explic\u00f3.<\/p>\n<p>Para Schmitt-Leonardy, el efecto inmediato de la inhabilitaci\u00f3n de Le Pen\u00a0es inusual desde una perspectiva alemana. Sin embargo, prosigue, \u00abesto no quiere decir que la sentencia sea un esc\u00e1ndalo, sino que la situaci\u00f3n jur\u00eddica es cuestionable\u00bb.<\/p>\n<p>La exclusi\u00f3n temporal de pol\u00edticos de contiendas electorales por corrupci\u00f3n y malversaci\u00f3n es una sanci\u00f3n com\u00fan en Francia. Ir\u00f3nicamente, la propia Marine Le Pen hab\u00eda pedido hace a\u00f1os que se tomaran medidas en\u00e9rgicas contra las \u00e9lites corruptas.<\/p>\n<p>Sin embargo, debido a la gran popularidad de Le Pen, incluso pol\u00edticos de otros partidos\u00a0cuestionan la proporcionalidad de la sentencia. Jean-Luc M\u00e9lenchon, de\u00a0Francia Rebelde,\u00a0por ejemplo, opin\u00f3 que la destituci\u00f3n de pol\u00edticos es \u00abun asunto del pueblo\u00bb.<\/p>\n<figure class=\"placeholder-image master_landscape big\"><img data-format=\"MASTER_LANDSCAPE\" data-id=\"67791411\" data-url=\"https:\/\/static.dw.com\/image\/67791411_${formatId}.jpg\" data-aspect-ratio=\"16\/9\" alt=\"Marine Le Pen y el presidente Emmanuel Macron.\" style=\"padding-bottom: 56.25%; height: 0; max-height: 0;\"\/><figcaption class=\"img-caption\">El actual presidente franc\u00e9s, Emmanuel Macron, no podr\u00e1 presentarse a las elecciones de 2027. Marine Le Pen tampoco, si se mantiene en pie la sentencia en su contra.<small class=\"copyright\">Imagen: Ludovic Marin\/AFP\/Getty Images<\/small><\/figcaption><\/figure>\n<h2>Exclusi\u00f3n del proceso democr\u00e1tico<\/h2>\n<p>Tambi\u00e9n hubo fuertes reacciones en el extranjero. Los gobiernos y partidos de extrema derecha de todo el mundo hablan de una conspiraci\u00f3n de un Poder judicial de izquierda politizado.<\/p>\n<p>\u00abNo creo que nadie que valore la democracia pueda celebrar un fallo que afecte a la l\u00edder de un partido importante y prive a millones de ciudadanos de su representaci\u00f3n\u00bb, dijo la primera ministra de Italia, Giorgia Meloni, a un peri\u00f3dico. El primer ministro h\u00fangaro, V\u00edctor Orb\u00e1n, expres\u00f3 su solidaridad en X con las palabras \u00abYo soy Marine\u00bb.<\/p>\n<p>Tambi\u00e9n hubo fuertes reacciones del Gobierno de Donald Trump en Estados Unidos. La portavoz del Departamento de Estado, Tammy Bruce, dijo que la exclusi\u00f3n de personas del proceso pol\u00edtico era \u00abparticularmente preocupante\u00bb, sobre todo de cara al \u00abprocesamiento judicial agresivo y corrupto\u00bb contra el presidente Donald Trump.<\/p>\n<p>En opini\u00f3n de Charlotte Schmitt-Leonardy, \u00abestas expresiones de solidaridad muestran sobre todo cu\u00e1n normal se ha vuelto la demonizaci\u00f3n de la simple aplicaci\u00f3n de la ley. Estas declaraciones del campo de derechas de los republicanos, que, como es bien sabido, han intentado durante muchos a\u00f1os, a veces con \u00e9xito, cubrir sistem\u00e1ticamente puestos en el Poder Judicial seg\u00fan criterios pol\u00edticos, dan mucho que pensar\u00bb.<\/p>\n<p><span data-slot-id=\"Article_InContent-1\" class=\"rich-text-ad\"\/><\/p>\n<h2>Alemania: prohibir el AfD ser\u00eda distinto<\/h2>\n<p>En Alemania\u00a0ha habido varios intentos de prohibir el partido en parte de extrema derecha Alternativa para Alemania (AfD), la segunda fuerza en el Bundestag. Sin embargo, la cuesti\u00f3n de fondo es la constitucionalidad del partido alem\u00e1n. No obstante, los pol\u00edticos de AfD ven esto como un intento de otros partidos de utilizar al Poder Judicial para deshacerse de un competidor pol\u00edtico.<\/p>\n<p>Schmitt-Leonardy afirma que, por un lado, \u00abla narrativa del m\u00e1rtir de eliminar a un competidor pol\u00edtico siempre puede ser efectiva y fortalecer a los bandos extremos. Por otro, esto no deber\u00eda impedir que se aplique\u00a0la ley\u00bb.<\/p>\n<p>La compleja cuesti\u00f3n de una eventual prohibici\u00f3n del partido ultraderechista\u00a0AfD es diferente al caso Le Pen, prosigue: \u00abNo se trata de la exclusi\u00f3n del proceso democr\u00e1tico por inconstitucionalidad, sino de la aplicaci\u00f3n sobria del derecho penal con consecuencias para sus ambiciones pol\u00edticas.\u00bb<\/p>\n<p>(VT\/CP)<\/p>\n<\/p>\n<\/div>\n\n","protected":false},"excerpt":{"rendered":"<p>La sentencia contra Marine Le Pen tambi\u00e9n ha causado revuelo en el exterior. Seg\u00fan los cr\u00edticos, excluye a la pol\u00edtica del partido considerado de extrema derecha Agrupaci\u00f3n Nacional (RN) del proceso pol\u00edtico y, en \u00faltima instancia, priva a sus votantes de su derecho al voto. Le Pen, a su vez, habla de un juicio pol\u00edtico &hellip;<\/p>\n","protected":false},"author":1,"featured_media":21287,"comment_status":"open","ping_status":"open","sticky":false,"template":"","format":"standard","meta":{"fifu_image_url":"https:\/\/static.dw.com\/image\/72101424_6.jpg","fifu_image_alt":"","footnotes":""},"categories":[13],"tags":[],"class_list":["post-21286","post","type-post","status-publish","format-standard","has-post-thumbnail","","category-mundo"],"_links":{"self":[{"href":"https:\/\/noticiasveraces.com\/index.php?rest_route=\/wp\/v2\/posts\/21286","targetHints":{"allow":["GET"]}}],"collection":[{"href":"https:\/\/noticiasveraces.com\/index.php?rest_route=\/wp\/v2\/posts"}],"about":[{"href":"https:\/\/noticiasveraces.com\/index.php?rest_route=\/wp\/v2\/types\/post"}],"author":[{"embeddable":true,"href":"https:\/\/noticiasveraces.com\/index.php?rest_route=\/wp\/v2\/users\/1"}],"replies":[{"embeddable":true,"href":"https:\/\/noticiasveraces.com\/index.php?rest_route=%2Fwp%2Fv2%2Fcomments&post=21286"}],"version-history":[{"count":0,"href":"https:\/\/noticiasveraces.com\/index.php?rest_route=\/wp\/v2\/posts\/21286\/revisions"}],"wp:featuredmedia":[{"embeddable":true,"href":"https:\/\/noticiasveraces.com\/index.php?rest_route=\/wp\/v2\/media\/21287"}],"wp:attachment":[{"href":"https:\/\/noticiasveraces.com\/index.php?rest_route=%2Fwp%2Fv2%2Fmedia&parent=21286"}],"wp:term":[{"taxonomy":"category","embeddable":true,"href":"https:\/\/noticiasveraces.com\/index.php?rest_route=%2Fwp%2Fv2%2Fcategories&post=21286"},{"taxonomy":"post_tag","embeddable":true,"href":"https:\/\/noticiasveraces.com\/index.php?rest_route=%2Fwp%2Fv2%2Ftags&post=21286"}],"curies":[{"name":"wp","href":"https:\/\/api.w.org\/{rel}","templated":true}]}}