{"id":21284,"date":"2025-04-02T15:12:51","date_gmt":"2025-04-02T19:12:51","guid":{"rendered":"https:\/\/noticiasveraces.com\/?p=21284"},"modified":"2025-04-02T15:12:51","modified_gmt":"2025-04-02T19:12:51","slug":"hechos-falsedades-y-prejuicios-dw-02-04-2025","status":"publish","type":"post","link":"https:\/\/noticiasveraces.com\/?p=21284","title":{"rendered":"hechos, falsedades y prejuicios \u2013 DW \u2013 02\/04\/2025"},"content":{"rendered":"<p> \n<\/p>\n<div>\n<p>\u00bfEs Alemania un pa\u00eds seguro? A primera vista, la reciente estad\u00edstica policial de criminalidad podr\u00eda sugerir que s\u00ed: en 2024, el n\u00famero de delitos registrados ha disminuido un 1,7%, con un total de 5,84 millones de casos. Sin embargo, un an\u00e1lisis m\u00e1s detallado genera dudas sobre si la situaci\u00f3n realmente ha mejorado.<\/p>\n<h2>Menos delitos debido a la legalizaci\u00f3n del cannabis<\/h2>\n<p>La raz\u00f3n principal de la disminuci\u00f3n de los delitos es la legalizaci\u00f3n de la posesi\u00f3n y el cultivo de cannabispara el consumo privado. As\u00ed lo destacaron la ministra alemana del Interior, Nancy Faeser, y el presidente de la Oficina Federal de Investigaci\u00f3n Criminal (BKA), Holger M\u00fcnch, al presentar las \u00faltimas cifras de criminalidad en Berl\u00edn.<\/p>\n<p>Lo que m\u00e1s preocupa a ambos es el aumento del 1,5% en la violencia criminal, con m\u00e1s de 217.000 casos registrados. Entre ellos, casi 18.000 fueron ataques con arma blanca. Cada vez que estos sucesos ocurren en lugares p\u00fablicos y los sospechosos no tienen pasaporte alem\u00e1n, se desata un debate pol\u00edtico sobre si la migraci\u00f3n y la llegada de nuevos residentes contribuyen al aumento de la criminalidad.<\/p>\n<h2>\u00abNo se trata del origen\u00bb de una persona<\/h2>\n<p>Desde el punto de vista estad\u00edstico, se destaca la alta proporci\u00f3n de sospechosos sin nacionalidad alemana, tanto en delitos violentos como asesinato o violaci\u00f3n, como en cr\u00edmenes callejeros, que incluyen robos y tr\u00e1fico de drogas. Ante este panorama, el jefe del BKA, Holger M\u00fcnch, enfatiza: \u00abNo se trata del origen, sino de la concentraci\u00f3n de factores de riesgo\u00bb.<\/p>\n<p>M\u00fcnch se\u00f1ala que muchos refugiados viven en condiciones precarias, hacinados en alojamientos colectivos y sin derecho a trabajar. Seg\u00fan \u00e9l, los factores clave que explican una mayor criminalidad entre extranjeros son: \u00abLas cargas psicol\u00f3gicas, las experiencias de violencia que han vivido m\u00e1s frecuentemente los migrantes, especialmente en la infancia, y una mayor aceptaci\u00f3n de la violencia en ciertos grupos\u00bb.<\/p>\n<h2>Un t\u00e9rmino enga\u00f1oso: \u00abcriminalidad extranjera\u00bb<\/h2>\n<p>Desde hace tiempo, los estudios cient\u00edficos advierten que el t\u00e9rmino \u00abcriminalidad extranjera\u00bb puede ser enga\u00f1oso y reforzar prejuicios.<\/p>\n<p>Susann Pr\u00e4tor, de la Academia de Polic\u00eda de Baja Sajonia, lleva a\u00f1os investigando la relaci\u00f3n entre migraci\u00f3n\u00a0y criminalidad. En una conferencia de prensa reciente, corrobor\u00f3 las explicaciones de la ministra del Interior y del presidente del BKA sobre el elevado n\u00famero de sospechosos extranjeros: \u00abAl final, no son clave ni\u00a0la nacionalidad ni el origen, sino las condiciones en las que las personas viven en Alemania\u00bb.<\/p>\n<figure class=\"placeholder-image master_landscape big\"><img data-format=\"MASTER_LANDSCAPE\" data-id=\"66924296\" data-url=\"https:\/\/static.dw.com\/image\/66924296_${formatId}.jpg\" data-aspect-ratio=\"16\/9\" alt=\"Un agente de Polic\u00eda realiza un cacheo a una persona sospechosa con los brazos extendidos. Ambos est\u00e1n de pie delante de un coche de Polic\u00eda azul y blanco.\" style=\"padding-bottom: 56.25%; height: 0; max-height: 0;\"\/><figcaption class=\"img-caption\">La cifra de sospechosos extranjeros en Alemania es desproporcionadamente alta, pero las cifras deben manejarse con cautela, advierten expertos.<small class=\"copyright\">Imagen: Lisi Niesner\/REUTERS<\/small><\/figcaption><\/figure>\n<h2>Causas: pobreza, baja educaci\u00f3n y violencia familiar<\/h2>\n<p>Pr\u00e4tor, soci\u00f3loga, psic\u00f3loga y jurista, recalca que los factores que influyen en la criminalidad no dependen del pasaporte ni del pa\u00eds de origen. Entre ellos se encuentran la pobreza, la falta de educaci\u00f3n, la precariedad econ\u00f3mica, la vivienda en condiciones deficientes y la violencia en el hogar. No obstante, tambi\u00e9n apunta: \u00abUn determinado concepto de masculinidad est\u00e1 m\u00e1s arraigado en ciertos grupos con antecedentes no alemanes\u00bb.<\/p>\n<p>Otro factor relevante es el comportamiento de denuncia de las v\u00edctimas y testigos. Pr\u00e4tor explica: \u00abEstudios han demostrado emp\u00edricamente que las personas percibidas como extranjeras tienen m\u00e1s probabilidades de ser denunciadas que aquellas percibidas como alemanas\u00bb. Esto se basa en suposiciones sobre la apariencia f\u00edsica o el idioma del sospechoso.<\/p>\n<p><span data-slot-id=\"Article_InContent-1\" class=\"rich-text-ad\"\/><\/p>\n<h2>No meter a todos los extranjeros en el mismo saco<\/h2>\n<p>Pr\u00e4tor tambi\u00e9n advierte sobre la simplificaci\u00f3n del concepto de \u00abcriminalidad extranjera\u00bb, ya que agrupa a personas con situaciones muy diversas: desde un inmigrante estadounidense, un refugiado de guerra sirio traumatizado, un turco que lleg\u00f3 hace d\u00e9cadas a Alemania, hasta un turista o alguien que entra al pa\u00eds solo para cometer un delito y luego se marcha. Todos ellos se comparan estad\u00edsticamente con quienes tienen un pasaporte alem\u00e1n.<\/p>\n<p>Para corregir esta imagen distorsionada, las estad\u00edsticas anuales de criminalidad de la Polic\u00eda han empezado a incluir datos m\u00e1s diferenciados. Entre otros aspectos, se destaca que hay delitos que solo pueden ser cometidos por extranjeros, como las infracciones a las leyes de asilo y residencia. <\/p>\n<p>(GG\/CP)<\/p>\n<\/div>\n\n","protected":false},"excerpt":{"rendered":"<p>\u00bfEs Alemania un pa\u00eds seguro? A primera vista, la reciente estad\u00edstica policial de criminalidad podr\u00eda sugerir que s\u00ed: en 2024, el n\u00famero de delitos registrados ha disminuido un 1,7%, con un total de 5,84 millones de casos. Sin embargo, un an\u00e1lisis m\u00e1s detallado genera dudas sobre si la situaci\u00f3n realmente ha mejorado. Menos delitos debido &hellip;<\/p>\n","protected":false},"author":1,"featured_media":21285,"comment_status":"open","ping_status":"open","sticky":false,"template":"","format":"standard","meta":{"fifu_image_url":"https:\/\/static.dw.com\/image\/71822737_6.jpg","fifu_image_alt":"","footnotes":""},"categories":[13],"tags":[],"class_list":["post-21284","post","type-post","status-publish","format-standard","has-post-thumbnail","","category-mundo"],"_links":{"self":[{"href":"https:\/\/noticiasveraces.com\/index.php?rest_route=\/wp\/v2\/posts\/21284","targetHints":{"allow":["GET"]}}],"collection":[{"href":"https:\/\/noticiasveraces.com\/index.php?rest_route=\/wp\/v2\/posts"}],"about":[{"href":"https:\/\/noticiasveraces.com\/index.php?rest_route=\/wp\/v2\/types\/post"}],"author":[{"embeddable":true,"href":"https:\/\/noticiasveraces.com\/index.php?rest_route=\/wp\/v2\/users\/1"}],"replies":[{"embeddable":true,"href":"https:\/\/noticiasveraces.com\/index.php?rest_route=%2Fwp%2Fv2%2Fcomments&post=21284"}],"version-history":[{"count":0,"href":"https:\/\/noticiasveraces.com\/index.php?rest_route=\/wp\/v2\/posts\/21284\/revisions"}],"wp:featuredmedia":[{"embeddable":true,"href":"https:\/\/noticiasveraces.com\/index.php?rest_route=\/wp\/v2\/media\/21285"}],"wp:attachment":[{"href":"https:\/\/noticiasveraces.com\/index.php?rest_route=%2Fwp%2Fv2%2Fmedia&parent=21284"}],"wp:term":[{"taxonomy":"category","embeddable":true,"href":"https:\/\/noticiasveraces.com\/index.php?rest_route=%2Fwp%2Fv2%2Fcategories&post=21284"},{"taxonomy":"post_tag","embeddable":true,"href":"https:\/\/noticiasveraces.com\/index.php?rest_route=%2Fwp%2Fv2%2Ftags&post=21284"}],"curies":[{"name":"wp","href":"https:\/\/api.w.org\/{rel}","templated":true}]}}