{"id":21267,"date":"2025-04-02T13:10:36","date_gmt":"2025-04-02T17:10:36","guid":{"rendered":"https:\/\/noticiasveraces.com\/?p=21267"},"modified":"2025-04-02T13:10:36","modified_gmt":"2025-04-02T17:10:36","slug":"elon-musk-dejaria-su-cargo-en-el-gobierno-pronto-dw-02-04-2025","status":"publish","type":"post","link":"https:\/\/noticiasveraces.com\/?p=21267","title":{"rendered":"Elon Musk dejar\u00eda su cargo en el Gobierno pronto \u2013 DW \u2013 02\/04\/2025"},"content":{"rendered":"<p> \n<\/p>\n<div>\n<p>Las acciones de la compa\u00f1\u00eda de veh\u00edculos el\u00e9ctricos Tesla subieron en la Bolsa de de Nueva York este mi\u00e9rcoles (02.04.2025) despu\u00e9s de que Politico publicara que Elon Musk dejar\u00e1 pronto o reducir\u00e1 dr\u00e1sticamente su trabajo en el gobierno del presidente estadounidense Donald Trump. Sobre las 18:30 CET, el valor de las acciones de Tesla sub\u00eda un 5,25\u00a0%, despu\u00e9s de haber bajado en la apertura m\u00e1s de un 4\u00a0% tras el anuncio de una ca\u00edda en las ventas.<\/p>\n<p>Trump\u00a0ha comunicado a miembros de su Gabinete y otros contactos de su c\u00edrculo cercano que su multimillonario aliado pronto dejar\u00e1 su cargo en el gobierno, inform\u00f3 Politico, citando a tres personas cercanas a Trump. Las pol\u00edticas de Musk han supuesto una carga para Tesla, que ha visto, adem\u00e1s de la ca\u00edda en las ventas, c\u00f3mo se organizaban protestas y sabotajes en su contra.<\/p>\n<p>Trump hab\u00eda encomendado al director ejecutivo de Tesla y SpaceX liderar los esfuerzos para recortar la financiaci\u00f3n gubernamental y desmantelar varias agencias estadounidenses como empleado especial del gobierno. Politico inform\u00f3 que tanto Trump como Musk decidieron en los \u00faltimos d\u00edas que Musk regresar\u00e1 pronto a sus empresas, pero no dieron una fecha espec\u00edfica.<\/p>\n<p>Representantes de la Casa Blanca, del grupo de trabajo liderado por Musk y de Musk no respondieron de inmediato a las solicitudes de comentarios sobre el informe. Trump y Musk han indicado recientemente que Musk se marchar\u00e1, pero no han dicho cu\u00e1ndo. Al pregunt\u00e1rsele a Trump si quer\u00eda que Musk se quedara m\u00e1s tiempo que su mandato de 130 d\u00edas, el presidente declar\u00f3 a la prensa el lunes: \u00abCreo que es incre\u00edble, pero tambi\u00e9n creo que tiene una gran empresa que dirigir. En alg\u00fan momento, volver\u00e1. Quiere hacerlo\u00bb.<\/p>\n<p>LGC (AFP, RTR)<\/p>\n<\/div>\n\n","protected":false},"excerpt":{"rendered":"<p>Las acciones de la compa\u00f1\u00eda de veh\u00edculos el\u00e9ctricos Tesla subieron en la Bolsa de de Nueva York este mi\u00e9rcoles (02.04.2025) despu\u00e9s de que Politico publicara que Elon Musk dejar\u00e1 pronto o reducir\u00e1 dr\u00e1sticamente su trabajo en el gobierno del presidente estadounidense Donald Trump. Sobre las 18:30 CET, el valor de las acciones de Tesla sub\u00eda &hellip;<\/p>\n","protected":false},"author":1,"featured_media":21268,"comment_status":"open","ping_status":"open","sticky":false,"template":"","format":"standard","meta":{"fifu_image_url":"https:\/\/static.dw.com\/image\/72092147_6.jpg","fifu_image_alt":"","footnotes":""},"categories":[13],"tags":[],"class_list":["post-21267","post","type-post","status-publish","format-standard","has-post-thumbnail","","category-mundo"],"_links":{"self":[{"href":"https:\/\/noticiasveraces.com\/index.php?rest_route=\/wp\/v2\/posts\/21267","targetHints":{"allow":["GET"]}}],"collection":[{"href":"https:\/\/noticiasveraces.com\/index.php?rest_route=\/wp\/v2\/posts"}],"about":[{"href":"https:\/\/noticiasveraces.com\/index.php?rest_route=\/wp\/v2\/types\/post"}],"author":[{"embeddable":true,"href":"https:\/\/noticiasveraces.com\/index.php?rest_route=\/wp\/v2\/users\/1"}],"replies":[{"embeddable":true,"href":"https:\/\/noticiasveraces.com\/index.php?rest_route=%2Fwp%2Fv2%2Fcomments&post=21267"}],"version-history":[{"count":0,"href":"https:\/\/noticiasveraces.com\/index.php?rest_route=\/wp\/v2\/posts\/21267\/revisions"}],"wp:featuredmedia":[{"embeddable":true,"href":"https:\/\/noticiasveraces.com\/index.php?rest_route=\/wp\/v2\/media\/21268"}],"wp:attachment":[{"href":"https:\/\/noticiasveraces.com\/index.php?rest_route=%2Fwp%2Fv2%2Fmedia&parent=21267"}],"wp:term":[{"taxonomy":"category","embeddable":true,"href":"https:\/\/noticiasveraces.com\/index.php?rest_route=%2Fwp%2Fv2%2Fcategories&post=21267"},{"taxonomy":"post_tag","embeddable":true,"href":"https:\/\/noticiasveraces.com\/index.php?rest_route=%2Fwp%2Fv2%2Ftags&post=21267"}],"curies":[{"name":"wp","href":"https:\/\/api.w.org\/{rel}","templated":true}]}}