{"id":21264,"date":"2025-04-02T13:07:41","date_gmt":"2025-04-02T17:07:41","guid":{"rendered":"https:\/\/noticiasveraces.com\/?p=21264"},"modified":"2025-04-02T13:07:41","modified_gmt":"2025-04-02T17:07:41","slug":"como-aprovechar-el-kit-digital-en-tu-negocio-autonomo","status":"publish","type":"post","link":"https:\/\/noticiasveraces.com\/?p=21264","title":{"rendered":"C\u00f3mo aprovechar el Kit Digital en tu negocio aut\u00f3nomo"},"content":{"rendered":"<p> \n<\/p>\n<div>\n<p><picture fetchpriority=\"high\" class=\"alignnone wp-image-31307 first-post-image\" data-no-lazy=\"true\"><source type=\"image\/webp\" srcset=\"https:\/\/www.economiafinanzas.com\/wp-content\/uploads\/2025\/03\/Kit-Digital-autonomos.png.webp 2370w, https:\/\/www.economiafinanzas.com\/wp-content\/uploads\/2025\/03\/Kit-Digital-autonomos-300x123.png.webp 300w, https:\/\/www.economiafinanzas.com\/wp-content\/uploads\/2025\/03\/Kit-Digital-autonomos-1024x419.png.webp 1024w, https:\/\/www.economiafinanzas.com\/wp-content\/uploads\/2025\/03\/Kit-Digital-autonomos-768x314.png.webp 768w, https:\/\/www.economiafinanzas.com\/wp-content\/uploads\/2025\/03\/Kit-Digital-autonomos-1536x628.png.webp 1536w, https:\/\/www.economiafinanzas.com\/wp-content\/uploads\/2025\/03\/Kit-Digital-autonomos-2048x837.png.webp 2048w, https:\/\/www.economiafinanzas.com\/wp-content\/uploads\/2025\/03\/Kit-Digital-autonomos-1200x491.png.webp 1200w, https:\/\/www.economiafinanzas.com\/wp-content\/uploads\/2025\/03\/Kit-Digital-autonomos-400x164.png.webp 400w, https:\/\/www.economiafinanzas.com\/wp-content\/uploads\/2025\/03\/Kit-Digital-autonomos-500x204.png.webp 500w, https:\/\/www.economiafinanzas.com\/wp-content\/uploads\/2025\/03\/Kit-Digital-autonomos-420x172.png.webp 420w, https:\/\/www.economiafinanzas.com\/wp-content\/uploads\/2025\/03\/Kit-Digital-autonomos-840x343.png.webp 840w, https:\/\/www.economiafinanzas.com\/wp-content\/uploads\/2025\/03\/Kit-Digital-autonomos-150x61.png.webp 150w\" sizes=\"(max-width: 1024px) 100vw, 860px\"\/><img decoding=\"async\" fetchpriority=\"high\" src=\"https:\/\/www.economiafinanzas.com\/wp-content\/uploads\/2025\/03\/Kit-Digital-autonomos.png\" alt=\"Kit Digital aut\u00f3nomos\" width=\"1200\" height=\"491\" srcset=\"https:\/\/www.economiafinanzas.com\/wp-content\/uploads\/2025\/03\/Kit-Digital-autonomos.png 2370w, https:\/\/www.economiafinanzas.com\/wp-content\/uploads\/2025\/03\/Kit-Digital-autonomos-300x123.png 300w, https:\/\/www.economiafinanzas.com\/wp-content\/uploads\/2025\/03\/Kit-Digital-autonomos-1024x419.png 1024w, https:\/\/www.economiafinanzas.com\/wp-content\/uploads\/2025\/03\/Kit-Digital-autonomos-768x314.png 768w, https:\/\/www.economiafinanzas.com\/wp-content\/uploads\/2025\/03\/Kit-Digital-autonomos-1536x628.png 1536w, https:\/\/www.economiafinanzas.com\/wp-content\/uploads\/2025\/03\/Kit-Digital-autonomos-2048x837.png 2048w, https:\/\/www.economiafinanzas.com\/wp-content\/uploads\/2025\/03\/Kit-Digital-autonomos-1200x491.png 1200w, https:\/\/www.economiafinanzas.com\/wp-content\/uploads\/2025\/03\/Kit-Digital-autonomos-400x164.png 400w, https:\/\/www.economiafinanzas.com\/wp-content\/uploads\/2025\/03\/Kit-Digital-autonomos-500x204.png 500w, https:\/\/www.economiafinanzas.com\/wp-content\/uploads\/2025\/03\/Kit-Digital-autonomos-420x172.png 420w, https:\/\/www.economiafinanzas.com\/wp-content\/uploads\/2025\/03\/Kit-Digital-autonomos-840x343.png 840w, https:\/\/www.economiafinanzas.com\/wp-content\/uploads\/2025\/03\/Kit-Digital-autonomos-150x61.png 150w\" sizes=\"(max-width: 1024px) 100vw, 860px\" data-no-lazy=\"true\"\/>\n<\/picture><\/p>\n<p>El Gobierno de Espa\u00f1a sac\u00f3 hace unos a\u00f1os el llamado Kit Digital, una ayuda cuyo objetivo era impulsar la digitalizaci\u00f3n de los aut\u00f3nomos, las microempresas y las peque\u00f1as y medianas empresas (pymes). Para ello, se daba una subvenci\u00f3n que no se tiene que devolver para adoptar soluciones digitales para mejorar tu negocio. Pero, \u00bfc\u00f3mo aprovechar el Kit Digital en tu negocio aut\u00f3nomo?<\/p>\n<p>Si tienes un negocio y te gustar\u00eda optar a recibir, como m\u00ednimo, 2.000 euros, entonces sigue leyendo y te contamos un poco m\u00e1s a fondo qu\u00e9 es el kit digital y c\u00f3mo sacarle el mejor partido.<\/p>\n<h2 class=\"western\">Qu\u00e9 es el Kit Digital<\/h2>\n<p><picture decoding=\"async\" class=\"alignnone size-full wp-image-24208\"><source type=\"image\/webp\" data-lazy-srcset=\"https:\/\/www.economiafinanzas.com\/wp-content\/uploads\/2022\/03\/Quienes-tienen-que-darse-de-alta-de-autonomos-obligatoriamente.jpg.webp 1200w, https:\/\/www.economiafinanzas.com\/wp-content\/uploads\/2022\/03\/Quienes-tienen-que-darse-de-alta-de-autonomos-obligatoriamente-300x177.jpg.webp 300w, https:\/\/www.economiafinanzas.com\/wp-content\/uploads\/2022\/03\/Quienes-tienen-que-darse-de-alta-de-autonomos-obligatoriamente-1024x605.jpg.webp 1024w, https:\/\/www.economiafinanzas.com\/wp-content\/uploads\/2022\/03\/Quienes-tienen-que-darse-de-alta-de-autonomos-obligatoriamente-768x454.jpg.webp 768w, https:\/\/www.economiafinanzas.com\/wp-content\/uploads\/2022\/03\/Quienes-tienen-que-darse-de-alta-de-autonomos-obligatoriamente-400x236.jpg.webp 400w, https:\/\/www.economiafinanzas.com\/wp-content\/uploads\/2022\/03\/Quienes-tienen-que-darse-de-alta-de-autonomos-obligatoriamente-500x295.jpg.webp 500w, https:\/\/www.economiafinanzas.com\/wp-content\/uploads\/2022\/03\/Quienes-tienen-que-darse-de-alta-de-autonomos-obligatoriamente-420x248.jpg.webp 420w, https:\/\/www.economiafinanzas.com\/wp-content\/uploads\/2022\/03\/Quienes-tienen-que-darse-de-alta-de-autonomos-obligatoriamente-840x496.jpg.webp 840w, https:\/\/www.economiafinanzas.com\/wp-content\/uploads\/2022\/03\/Quienes-tienen-que-darse-de-alta-de-autonomos-obligatoriamente-150x89.jpg.webp 150w\" sizes=\"(max-width: 1024px) 100vw, 860px\"\/><img loading=\"lazy\" decoding=\"async\" alt=\"Quienes tienen que darse de alta de aut\u00f3nomos obligatoriamente\" width=\"1200\" height=\"709\" srcset=\"https:\/\/www.economiafinanzas.com\/wp-content\/uploads\/2022\/03\/Quienes-tienen-que-darse-de-alta-de-autonomos-obligatoriamente.jpg 1200w, https:\/\/www.economiafinanzas.com\/wp-content\/uploads\/2022\/03\/Quienes-tienen-que-darse-de-alta-de-autonomos-obligatoriamente-300x177.jpg 300w, https:\/\/www.economiafinanzas.com\/wp-content\/uploads\/2022\/03\/Quienes-tienen-que-darse-de-alta-de-autonomos-obligatoriamente-1024x605.jpg 1024w, https:\/\/www.economiafinanzas.com\/wp-content\/uploads\/2022\/03\/Quienes-tienen-que-darse-de-alta-de-autonomos-obligatoriamente-768x454.jpg 768w, https:\/\/www.economiafinanzas.com\/wp-content\/uploads\/2022\/03\/Quienes-tienen-que-darse-de-alta-de-autonomos-obligatoriamente-400x236.jpg 400w, https:\/\/www.economiafinanzas.com\/wp-content\/uploads\/2022\/03\/Quienes-tienen-que-darse-de-alta-de-autonomos-obligatoriamente-500x295.jpg 500w, https:\/\/www.economiafinanzas.com\/wp-content\/uploads\/2022\/03\/Quienes-tienen-que-darse-de-alta-de-autonomos-obligatoriamente-420x248.jpg 420w, https:\/\/www.economiafinanzas.com\/wp-content\/uploads\/2022\/03\/Quienes-tienen-que-darse-de-alta-de-autonomos-obligatoriamente-840x496.jpg 840w, https:\/\/www.economiafinanzas.com\/wp-content\/uploads\/2022\/03\/Quienes-tienen-que-darse-de-alta-de-autonomos-obligatoriamente-150x89.jpg 150w\" data-lazy-sizes=\"(max-width: 1024px) 100vw, 860px\" src=\"https:\/\/www.economiafinanzas.com\/wp-content\/uploads\/2022\/03\/Quienes-tienen-que-darse-de-alta-de-autonomos-obligatoriamente.jpg\"\/><img loading=\"lazy\" decoding=\"async\" src=\"https:\/\/www.economiafinanzas.com\/wp-content\/uploads\/2022\/03\/Quienes-tienen-que-darse-de-alta-de-autonomos-obligatoriamente.jpg\" alt=\"Quienes tienen que darse de alta de aut\u00f3nomos obligatoriamente\" width=\"1200\" height=\"709\" srcset=\"https:\/\/www.economiafinanzas.com\/wp-content\/uploads\/2022\/03\/Quienes-tienen-que-darse-de-alta-de-autonomos-obligatoriamente.jpg 1200w, https:\/\/www.economiafinanzas.com\/wp-content\/uploads\/2022\/03\/Quienes-tienen-que-darse-de-alta-de-autonomos-obligatoriamente-300x177.jpg 300w, https:\/\/www.economiafinanzas.com\/wp-content\/uploads\/2022\/03\/Quienes-tienen-que-darse-de-alta-de-autonomos-obligatoriamente-1024x605.jpg 1024w, https:\/\/www.economiafinanzas.com\/wp-content\/uploads\/2022\/03\/Quienes-tienen-que-darse-de-alta-de-autonomos-obligatoriamente-768x454.jpg 768w, https:\/\/www.economiafinanzas.com\/wp-content\/uploads\/2022\/03\/Quienes-tienen-que-darse-de-alta-de-autonomos-obligatoriamente-400x236.jpg 400w, https:\/\/www.economiafinanzas.com\/wp-content\/uploads\/2022\/03\/Quienes-tienen-que-darse-de-alta-de-autonomos-obligatoriamente-500x295.jpg 500w, https:\/\/www.economiafinanzas.com\/wp-content\/uploads\/2022\/03\/Quienes-tienen-que-darse-de-alta-de-autonomos-obligatoriamente-420x248.jpg 420w, https:\/\/www.economiafinanzas.com\/wp-content\/uploads\/2022\/03\/Quienes-tienen-que-darse-de-alta-de-autonomos-obligatoriamente-840x496.jpg 840w, https:\/\/www.economiafinanzas.com\/wp-content\/uploads\/2022\/03\/Quienes-tienen-que-darse-de-alta-de-autonomos-obligatoriamente-150x89.jpg 150w\" sizes=\"auto, (max-width: 1024px) 100vw, 860px\"\/>\n<\/picture><\/p>\n<p>Lo primero de todo es conocer qu\u00e9 es el Kit Digital. Esta ayuda forma parte del Plan de recuperaci\u00f3n, transformaci\u00f3n y resiliencia que se ha financiado con los fondos Next Generation EU de la Uni\u00f3n Europea. Busca dar a los aut\u00f3nomos, microempresas y pymes una serie de <strong>recursos con los que implementar las herramientas digitales.<\/strong><\/p>\n<p>Por ejemplo, el dinero del kit digital se puede <strong>destinar para crear una p\u00e1gina web, para posicionar una p\u00e1gina web, para gestionar las redes sociales, crear una tienda etc.<\/strong><\/p>\n<p>Dependiendo de tu negocio y del n\u00famero de trabajadores, el dinero que ofrece el kit digital cambia. En el caso de los aut\u00f3nomos, que es lo que nos compete, se obtienen unos 2.000 euros. Estos no tienes que devolverlos, pero s\u00ed tendr\u00e1s que pagar el IVA de esos 2.000 euros al agente digitalizador con el que trabajes. Salvo que optes por un agente de Canarias donde el IVA no se paga.<\/p>\n<p>Ahora bien, esos 2.000 euros no te los van a dar a ti. En realidad, <strong>es el agente digitalizador el que los va a gestionar.<\/strong> Y han de gastarse en el periodo de un a\u00f1o. \u00bfQu\u00e9 quiere decir esto? Pues que hay que alargar el dinero. Por ejemplo, si lo que quieres es que gestionen las redes sociales, te puedes encontrar con que solo se encargar\u00e1n de hacer una publicaci\u00f3n al mes en una sola red social (caso ver\u00eddico).<\/p>\n<p>Por tanto, no siempre es \u00fatil el kit digital y es necesario que revises bien con los agentes digitalizadores antes de firmar con uno de ellos.<\/p>\n<h2 class=\"western\">Qu\u00e9 beneficios tiene el Kit digital para los aut\u00f3nomos<\/h2>\n<p><img loading=\"lazy\" decoding=\"async\" class=\"alignnone wp-image-14382\" alt=\"IRPF de aut\u00f3nomos\" width=\"1200\" height=\"797\" srcset=\"https:\/\/www.economiafinanzas.com\/wp-content\/uploads\/2016\/09\/IRPF-de-aut\u00f3nomos.jpg 1280w, https:\/\/www.economiafinanzas.com\/wp-content\/uploads\/2016\/09\/IRPF-de-aut\u00f3nomos-300x199.jpg 300w, https:\/\/www.economiafinanzas.com\/wp-content\/uploads\/2016\/09\/IRPF-de-aut\u00f3nomos-768x510.jpg 768w, https:\/\/www.economiafinanzas.com\/wp-content\/uploads\/2016\/09\/IRPF-de-aut\u00f3nomos-1024x680.jpg 1024w, https:\/\/www.economiafinanzas.com\/wp-content\/uploads\/2016\/09\/IRPF-de-aut\u00f3nomos-830x551.jpg 830w, https:\/\/www.economiafinanzas.com\/wp-content\/uploads\/2016\/09\/IRPF-de-aut\u00f3nomos-400x266.jpg 400w, https:\/\/www.economiafinanzas.com\/wp-content\/uploads\/2016\/09\/IRPF-de-aut\u00f3nomos-452x300.jpg 452w\" data-lazy-sizes=\"(max-width: 1024px) 100vw, 860px\" src=\"https:\/\/www.economiafinanzas.com\/wp-content\/uploads\/2016\/09\/IRPF-de-aut%C3%B3nomos.jpg\"\/><img loading=\"lazy\" decoding=\"async\" class=\"alignnone wp-image-14382\" src=\"https:\/\/www.economiafinanzas.com\/wp-content\/uploads\/2016\/09\/IRPF-de-aut%C3%B3nomos.jpg\" alt=\"IRPF de aut\u00f3nomos\" width=\"1200\" height=\"797\" srcset=\"https:\/\/www.economiafinanzas.com\/wp-content\/uploads\/2016\/09\/IRPF-de-aut\u00f3nomos.jpg 1280w, https:\/\/www.economiafinanzas.com\/wp-content\/uploads\/2016\/09\/IRPF-de-aut\u00f3nomos-300x199.jpg 300w, https:\/\/www.economiafinanzas.com\/wp-content\/uploads\/2016\/09\/IRPF-de-aut\u00f3nomos-768x510.jpg 768w, https:\/\/www.economiafinanzas.com\/wp-content\/uploads\/2016\/09\/IRPF-de-aut\u00f3nomos-1024x680.jpg 1024w, https:\/\/www.economiafinanzas.com\/wp-content\/uploads\/2016\/09\/IRPF-de-aut\u00f3nomos-830x551.jpg 830w, https:\/\/www.economiafinanzas.com\/wp-content\/uploads\/2016\/09\/IRPF-de-aut\u00f3nomos-400x266.jpg 400w, https:\/\/www.economiafinanzas.com\/wp-content\/uploads\/2016\/09\/IRPF-de-aut\u00f3nomos-452x300.jpg 452w\" sizes=\"auto, (max-width: 1024px) 100vw, 860px\"\/><\/p>\n<p>La digitalizaci\u00f3n en s\u00ed tiene m\u00faltiples ventajas para los aut\u00f3nomos. Una de las primeras es la posibilidad de <strong>delegar tareas a otras personas para centrarte en otras m\u00e1s espec\u00edficas del negocio.<\/strong> Por ejemplo, en lugar de crear t\u00fa la web, o posicionarla, se encargar\u00eda otra persona.<\/p>\n<p>Esta no es la \u00fanica ventaja que te da. Tambi\u00e9n puedes <strong>adaptarte a las nuevas tecnolog\u00edas,<\/strong> con el objetivo de ser m\u00e1s competitivo en tu sector. Pero, adem\u00e1s, estar\u00e1s mejorando la comunicaci\u00f3n con tu cliente, lo que implicar\u00eda una mayor fidelizaci\u00f3n y satisfacci\u00f3n.<\/p>\n<h2 class=\"western\">Qu\u00e9 requisitos tiene el Kit Digital<\/h2>\n<p><picture decoding=\"async\" class=\"alignnone size-full wp-image-22732\"><source type=\"image\/webp\" data-lazy-srcset=\"https:\/\/www.economiafinanzas.com\/wp-content\/uploads\/2020\/11\/emprendedor-societario.jpg.webp 1200w, https:\/\/www.economiafinanzas.com\/wp-content\/uploads\/2020\/11\/emprendedor-societario-300x200.jpg.webp 300w, https:\/\/www.economiafinanzas.com\/wp-content\/uploads\/2020\/11\/emprendedor-societario-1024x684.jpg.webp 1024w, https:\/\/www.economiafinanzas.com\/wp-content\/uploads\/2020\/11\/emprendedor-societario-768x513.jpg.webp 768w, https:\/\/www.economiafinanzas.com\/wp-content\/uploads\/2020\/11\/emprendedor-societario-400x267.jpg.webp 400w, https:\/\/www.economiafinanzas.com\/wp-content\/uploads\/2020\/11\/emprendedor-societario-449x300.jpg.webp 449w\" sizes=\"(max-width: 1024px) 100vw, 860px\"\/><img loading=\"lazy\" decoding=\"async\" alt=\"Requisitos para ser aut\u00f3nomo societario\" width=\"1200\" height=\"801\" srcset=\"https:\/\/www.economiafinanzas.com\/wp-content\/uploads\/2020\/11\/emprendedor-societario.jpg 1200w, https:\/\/www.economiafinanzas.com\/wp-content\/uploads\/2020\/11\/emprendedor-societario-300x200.jpg 300w, https:\/\/www.economiafinanzas.com\/wp-content\/uploads\/2020\/11\/emprendedor-societario-1024x684.jpg 1024w, https:\/\/www.economiafinanzas.com\/wp-content\/uploads\/2020\/11\/emprendedor-societario-768x513.jpg 768w, https:\/\/www.economiafinanzas.com\/wp-content\/uploads\/2020\/11\/emprendedor-societario-400x267.jpg 400w, https:\/\/www.economiafinanzas.com\/wp-content\/uploads\/2020\/11\/emprendedor-societario-449x300.jpg 449w\" data-lazy-sizes=\"(max-width: 1024px) 100vw, 860px\" src=\"https:\/\/www.economiafinanzas.com\/wp-content\/uploads\/2020\/11\/emprendedor-societario.jpg\"\/><img loading=\"lazy\" decoding=\"async\" src=\"https:\/\/www.economiafinanzas.com\/wp-content\/uploads\/2020\/11\/emprendedor-societario.jpg\" alt=\"Requisitos para ser aut\u00f3nomo societario\" width=\"1200\" height=\"801\" srcset=\"https:\/\/www.economiafinanzas.com\/wp-content\/uploads\/2020\/11\/emprendedor-societario.jpg 1200w, https:\/\/www.economiafinanzas.com\/wp-content\/uploads\/2020\/11\/emprendedor-societario-300x200.jpg 300w, https:\/\/www.economiafinanzas.com\/wp-content\/uploads\/2020\/11\/emprendedor-societario-1024x684.jpg 1024w, https:\/\/www.economiafinanzas.com\/wp-content\/uploads\/2020\/11\/emprendedor-societario-768x513.jpg 768w, https:\/\/www.economiafinanzas.com\/wp-content\/uploads\/2020\/11\/emprendedor-societario-400x267.jpg 400w, https:\/\/www.economiafinanzas.com\/wp-content\/uploads\/2020\/11\/emprendedor-societario-449x300.jpg 449w\" sizes=\"auto, (max-width: 1024px) 100vw, 860px\"\/>\n<\/picture><\/p>\n<p>Para poder acceder al Kit Digital es necesario ser aut\u00f3nomo o bien tener una pyme. Adem\u00e1s,<strong> no puedes tener ninguna deuda pendiente ni con Hacienda ni tampoco con la Seguridad Social,<\/strong> ni superar el l\u00edmite de ayudas (es decir, que no te hayan dado ayudas en los \u00faltimos 3 a\u00f1os que superen los 200.000 euros).<\/p>\n<p>Por \u00faltimo, tienes que realizar el <strong>Prueba de diagn\u00f3stico digital.<\/strong><\/p>\n<p>Una vez tienes todo esto, hay que registrarse en la plataforma Acelera pyme y solicitar el bono digital. Un agente digitalizador tambi\u00e9n puede encargarse de esto.<\/p>\n<p>Tras avisarte de que te lo han concedido, tendr\u00e1s que elegir al agente digitalizador que ser\u00e1 el que se encargue de gestionar el dinero y utilizarlo seg\u00fan la soluci\u00f3n digital que elijas. Con \u00e9l firmar\u00e1s un acuerdo de prestaci\u00f3n de soluciones y se encargar\u00e1 de trabajar contigo para poner en marcha todo.<\/p>\n<h2 class=\"western\">Qu\u00e9 soluciones digitales ofrece el Kit Digital<\/h2>\n<p>Si vas a considerar pedir el Kit Digital, entonces debes saber que, una vez concedido, tendr\u00e1s que <strong>elegir una o varias de las siguientes opciones<\/strong>:<\/p>\n<ul>\n<li>Sitio web y presencia en Internet: se refiere a crear o mejorar una p\u00e1gina web para su posicionamiento.<\/li>\n<li>Comercio electr\u00f3nico: crear o mejorar una tienda online.<\/li>\n<li>Gesti\u00f3n de redes sociales: estableciendo estrategias y optimizando la presencia en las redes.<\/li>\n<li>Gesti\u00f3n de clientes (CRM): creando un sistema con el que administrar y gestionar a los clientes.<\/li>\n<li>Inteligencia empresarial y anal\u00edtica: para analizar los datos y poder as\u00ed tomar decisiones.<\/li>\n<li>Servicios de herramientas de oficina virtual: para facilitar el trabajo colaborativo y la comunicaci\u00f3n en la empresa.<\/li>\n<li>Gesti\u00f3n de procesos: con el objetivo de mejorar la eficiencia en la empresa y en los trabajadores.<\/li>\n<li>Factura electr\u00f3nica: muy utilizada ahora que va a ser obligatoria.<\/li>\n<li>Comunicaciones seguras: para generar una cadena de comunicaci\u00f3n segura en la empresa.<\/li>\n<li>Ciberseguridad: para proteger la empresa ante amenazas digitales.<\/li>\n<\/ul>\n<h2 class=\"western\">C\u00f3mo aprovechar al m\u00e1ximo el Kit Digital<\/h2>\n<p>Ahora que tienes una mejor base y conoces m\u00e1s el Kit Digital, \u00bfquieres aprovecharlo al m\u00e1ximo? Entonces, antes de elegir la soluci\u00f3n digital, intenta<strong> evaluar y analizar cu\u00e1les son tus necesidades.<\/strong> De esta forma, podr\u00e1s escoger aquella que realmente te sirva de manera estrat\u00e9gica. Por ejemplo, si ya tienes cubiertas las redes sociales, y te manejas bien, quiz\u00e1 sea mejor posicionar tu p\u00e1gina en lugar de gestionar las redes.<\/p>\n<p>Por otro lado, debes <strong>hablar con varios agentes digitalizadores.<\/strong> No escojas el primero que veas o que te hable, porque no todos ofrecen el mismo nivel de servicio. Algunos trabajan muy poco y quieren ganar mucho; mientras que otros te pueden dar un servicio m\u00e1s acorde con el dinero que les da el Gobierno.<\/p>\n<p>Otro de los aspectos a considerar es que <strong>el bono digital, en ocasiones, permite contratar m\u00e1s de una soluci\u00f3n.<\/strong> Eso s\u00ed, lo normal es que el l\u00edmite est\u00e9 en la ayuda concedida. Si se quiere m\u00e1s tendr\u00e1s que ponerlo de tu bolsillo.<\/p>\n<p>Por \u00faltimo, el consejo que te damos es que <strong>aprendas a utilizar t\u00fa mismo la soluci\u00f3n digital.<\/strong> Ten en cuenta que la ayuda del digitalizador va a ser solo por un a\u00f1o, pero despu\u00e9s estar\u00e1s solo. Entonces, si aprendes a usarla, podr\u00e1s seguir manejando y gestionando esa herramienta y monitorizando el impacto en tu negocio para saber si es efectiva para ti.<\/p>\n<p>\u00bfHas solicitado el Kit Digital? \u00bfC\u00f3mo ha sido tu experiencia? Te leemos en comentarios.<\/p>\n<p><!-- CONTENT END 1 --><br \/>\n\t\t\n\t\t\t<\/div>\n\n","protected":false},"excerpt":{"rendered":"<p>El Gobierno de Espa\u00f1a sac\u00f3 hace unos a\u00f1os el llamado Kit Digital, una ayuda cuyo objetivo era impulsar la digitalizaci\u00f3n de los aut\u00f3nomos, las microempresas y las peque\u00f1as y medianas empresas (pymes). Para ello, se daba una subvenci\u00f3n que no se tiene que devolver para adoptar soluciones digitales para mejorar tu negocio. Pero, \u00bfc\u00f3mo aprovechar &hellip;<\/p>\n","protected":false},"author":1,"featured_media":21266,"comment_status":"open","ping_status":"open","sticky":false,"template":"","format":"standard","meta":{"fifu_image_url":"https:\/\/www.economiafinanzas.com\/wp-content\/uploads\/2025\/03\/Kit-Digital-autonomos.png","fifu_image_alt":"","footnotes":""},"categories":[3],"tags":[],"class_list":["post-21264","post","type-post","status-publish","format-standard","has-post-thumbnail","","category-negocio"],"_links":{"self":[{"href":"https:\/\/noticiasveraces.com\/index.php?rest_route=\/wp\/v2\/posts\/21264","targetHints":{"allow":["GET"]}}],"collection":[{"href":"https:\/\/noticiasveraces.com\/index.php?rest_route=\/wp\/v2\/posts"}],"about":[{"href":"https:\/\/noticiasveraces.com\/index.php?rest_route=\/wp\/v2\/types\/post"}],"author":[{"embeddable":true,"href":"https:\/\/noticiasveraces.com\/index.php?rest_route=\/wp\/v2\/users\/1"}],"replies":[{"embeddable":true,"href":"https:\/\/noticiasveraces.com\/index.php?rest_route=%2Fwp%2Fv2%2Fcomments&post=21264"}],"version-history":[{"count":0,"href":"https:\/\/noticiasveraces.com\/index.php?rest_route=\/wp\/v2\/posts\/21264\/revisions"}],"wp:featuredmedia":[{"embeddable":true,"href":"https:\/\/noticiasveraces.com\/index.php?rest_route=\/wp\/v2\/media\/21266"}],"wp:attachment":[{"href":"https:\/\/noticiasveraces.com\/index.php?rest_route=%2Fwp%2Fv2%2Fmedia&parent=21264"}],"wp:term":[{"taxonomy":"category","embeddable":true,"href":"https:\/\/noticiasveraces.com\/index.php?rest_route=%2Fwp%2Fv2%2Fcategories&post=21264"},{"taxonomy":"post_tag","embeddable":true,"href":"https:\/\/noticiasveraces.com\/index.php?rest_route=%2Fwp%2Fv2%2Ftags&post=21264"}],"curies":[{"name":"wp","href":"https:\/\/api.w.org\/{rel}","templated":true}]}}