{"id":21259,"date":"2025-04-02T12:48:34","date_gmt":"2025-04-02T16:48:34","guid":{"rendered":"https:\/\/noticiasveraces.com\/?p=21259"},"modified":"2025-04-02T12:48:34","modified_gmt":"2025-04-02T16:48:34","slug":"la-madre-del-menor-agredido-fisica-y-sexualmente-en-almendralejo-a-pesar-de-todo-no-se-ha-sentido-solo-educacion","status":"publish","type":"post","link":"https:\/\/noticiasveraces.com\/?p=21259","title":{"rendered":"La madre del menor agredido f\u00edsica y sexualmente en Almendralejo: \u201cA pesar de todo, no se ha sentido solo\u201d | Educaci\u00f3n"},"content":{"rendered":"<p> \n<br \/><img decoding=\"async\" src=\"https:\/\/imagenes.elpais.com\/resizer\/v2\/DTNRVBJHNRCT7OWZCHLK4RB764.jpg?auth=c35a1e1b67c4cb855aa9222fb4f6079260be900a1296d80d434ebf37c57b2a9e\" \/><\/p>\n<div data-dtm-region=\"articulo_cuerpo\">\n<p class=\"\">La madre del menor que ha denunciado agresiones f\u00edsicas y sexuales por parte de otros cuatro compa\u00f1eros en un instituto de Almendralejo (Badajoz) ha decidido compartir lo que est\u00e1 sintiendo ahora su familia. \u201cEs hora de parar tanta violencia\u201d, ha pedido la mujer en una carta remitida a la asociaci\u00f3n Acoes (Asociaci\u00f3n contra el acoso escolar de C\u00e1ceres), que est\u00e1 apoyando a la familia. En la misiva, escrita a mano en un folio, afirma que su hijo \u201cha sido la voz silenciosa de muchos ni\u00f1os que por temor no se dejaban escuchar. Que sepan todos ellos que no est\u00e1n solos, que sus familias siempre los proteger\u00e1n y que los aman demasiado\u201d.<\/p>\n<figure class=\"a_m\"><span class=\"_db a_m_c _rt _rt-16x9 a_m_c-v\"\/><\/figure>\n<p class=\"\">En el texto, la mujer asegura que su hijo, \u201ca pesar de todo, no se ha sentido solo\u201d. Seg\u00fan la denuncia interpuesta, el menor, de 16 a\u00f1os, sufri\u00f3 agresiones f\u00edsicas y sexuales en el instituto donde estudia, a manos de otros cuatro compa\u00f1eros, de entre 16 y 17 a\u00f1os, de manera continuada, durante al menos 10 d\u00edas. <\/p>\n<p class=\"\">\u201cLo hacemos por \u00e9l. Se tiene que sentir apoyado\u201d, defend\u00edan el martes unos amigos y compa\u00f1eros del menor agredido a las puertas del instituto Carolina Coronado, donde medio centenar de personas se concentraron a media ma\u00f1ana en solidaridad con el chico, que sufri\u00f3 las agresiones entre el 17 y el 27 de marzo en el vestuario del centro, seg\u00fan ha denunciado a la polic\u00eda. Los hechos se hicieron p\u00fablicos el 27 de marzo, cuando el menor fue trasladado al Hospital Tierra de Barros para que le realizaran un examen m\u00e9dico.<\/p>\n<p class=\"\">Posteriormente, se interpuso la denuncia y ya fueron citados los cuatro acusados, que tras prestar declaraci\u00f3n quedaron en libertad, seg\u00fan detall\u00f3 el lunes el delegado del Gobierno en Extremadura, Jos\u00e9 Luis Quintana: \u201cNuestro trabajo est\u00e1 realizado, est\u00e1n clarificados los hechos y puestos en conocimientos de la Administraci\u00f3n judicial\u201d. El caso est\u00e1 ahora en manos de la Fiscal\u00eda de Menores, que tiene en sus manos \u201ctoda la documentaci\u00f3n oportuna y las diligencias practicadas por la Polic\u00eda\u201d, confirm\u00f3 el delegado del Gobierno. De hecho, este jueves, la Fiscal\u00eda de Menores tomar\u00e1 declaraci\u00f3n a los acusados, y estudiar\u00e1 tambi\u00e9n si solicitan medidas cautelares para ellos. Los supuestos atacantes no pueden acudir al instituto durante un mes, el m\u00e1ximo permitido, tras una suspensi\u00f3n aplicada por el centro escolar. <\/p>\n<p class=\"\">\u201cSon los t\u00edpicos matones\u201d, describ\u00eda una menor a los supuestos agresores el martes a las puertas de su instituto. Explic\u00f3 tambi\u00e9n que, tras la agresi\u00f3n, lo iban contando \u201csin ninguna verg\u00fcenza\u201d: \u201cMe lo dijo una amiga de ellos, pero no voy a repetir lo que dec\u00edan. No me apetece\u201d. Algunos estudiantes afirmaban tambi\u00e9n, sin dar detalles, que ya hab\u00eda habido \u201calg\u00fan problema\u201d con los supuestos atacantes.<\/p>\n<p class=\"\">\u201cGracias a todos los que hab\u00e9is intervenido oportunamente, amigos y amigas que han estado para \u00e9l; a los padres, madres y profesionales del centro de salud; a los vecinos, a la prensa y a Acoes\u201d, ha resumido la madre en la misiva. En ella tambi\u00e9n se ha mostrado aliviada y agradecida de tener a su hijo a su lado, \u201cvi\u00e9ndolo crecer, conversar, abrazarlo\u201d. Ha asegurado que est\u00e1n afrontando esta prueba juntos, en familia. Tambi\u00e9n ha pedido centrar esfuerzos en \u201cformar a hombres y mujeres para el bien de esta sociedad\u201d.<\/p>\n<p class=\"\">Cuenta al tel\u00e9fono Maribel Mendoza, presidenta de Acoes y que ha sido la encargada de divulgar la misiva, que \u201cson sus sentimientos sobre c\u00f3mo se encontraba por la tarde. Explica que se ha visto muy arropada por la gente del pueblo, por la prensa y por la sociedad. La noto m\u00e1s animada, el ni\u00f1o sigue con picos de ansiedad\u201d, ha detallado.<\/p>\n<p class=\"\">Almendralejo es una localidad de poco m\u00e1s de 34.000 habitantes y capital de la comarca vitivin\u00edcola Tierra de Barros. En ella hay tres institutos p\u00fablicos, adem\u00e1s de otros dos concertados, a los que acuden estudiantes de la urbe y tambi\u00e9n de sus alrededores.<\/p>\n<\/div>\n\n","protected":false},"excerpt":{"rendered":"<p>La madre del menor que ha denunciado agresiones f\u00edsicas y sexuales por parte de otros cuatro compa\u00f1eros en un instituto de Almendralejo (Badajoz) ha decidido compartir lo que est\u00e1 sintiendo ahora su familia. \u201cEs hora de parar tanta violencia\u201d, ha pedido la mujer en una carta remitida a la asociaci\u00f3n Acoes (Asociaci\u00f3n contra el acoso &hellip;<\/p>\n","protected":false},"author":1,"featured_media":21261,"comment_status":"open","ping_status":"open","sticky":false,"template":"","format":"standard","meta":{"fifu_image_url":"https:\/\/imagenes.elpais.com\/resizer\/v2\/DTNRVBJHNRCT7OWZCHLK4RB764.jpg?auth=c35a1e1b67c4cb855aa9222fb4f6079260be900a1296d80d434ebf37c57b2a9e&width=1200","fifu_image_alt":"","footnotes":""},"categories":[11],"tags":[],"class_list":["post-21259","post","type-post","status-publish","format-standard","has-post-thumbnail","","category-viaje"],"_links":{"self":[{"href":"https:\/\/noticiasveraces.com\/index.php?rest_route=\/wp\/v2\/posts\/21259","targetHints":{"allow":["GET"]}}],"collection":[{"href":"https:\/\/noticiasveraces.com\/index.php?rest_route=\/wp\/v2\/posts"}],"about":[{"href":"https:\/\/noticiasveraces.com\/index.php?rest_route=\/wp\/v2\/types\/post"}],"author":[{"embeddable":true,"href":"https:\/\/noticiasveraces.com\/index.php?rest_route=\/wp\/v2\/users\/1"}],"replies":[{"embeddable":true,"href":"https:\/\/noticiasveraces.com\/index.php?rest_route=%2Fwp%2Fv2%2Fcomments&post=21259"}],"version-history":[{"count":0,"href":"https:\/\/noticiasveraces.com\/index.php?rest_route=\/wp\/v2\/posts\/21259\/revisions"}],"wp:featuredmedia":[{"embeddable":true,"href":"https:\/\/noticiasveraces.com\/index.php?rest_route=\/wp\/v2\/media\/21261"}],"wp:attachment":[{"href":"https:\/\/noticiasveraces.com\/index.php?rest_route=%2Fwp%2Fv2%2Fmedia&parent=21259"}],"wp:term":[{"taxonomy":"category","embeddable":true,"href":"https:\/\/noticiasveraces.com\/index.php?rest_route=%2Fwp%2Fv2%2Fcategories&post=21259"},{"taxonomy":"post_tag","embeddable":true,"href":"https:\/\/noticiasveraces.com\/index.php?rest_route=%2Fwp%2Fv2%2Ftags&post=21259"}],"curies":[{"name":"wp","href":"https:\/\/api.w.org\/{rel}","templated":true}]}}